{"id":29550,"date":"2007-09-14T00:00:00","date_gmt":"2007-09-13T22:00:00","guid":{"rendered":"http:\/\/fundacioateneusantroc.org\/curs-de-formacio-loscilloscopi\/"},"modified":"2023-07-14T12:29:04","modified_gmt":"2023-07-14T10:29:04","slug":"curs-de-formacio-loscilloscopi","status":"publish","type":"post","link":"https:\/\/fundacioateneusantroc.org\/es\/curs-de-formacio-loscilloscopi\/","title":{"rendered":"Curs de formaci\u00f3: L\u2019oscil\u00b7loscopi."},"content":{"rendered":"<p>Com sentim la m\u00fasica en el dia a dia. Cal posar-se les piles. Setembre ja est\u00e0 aqu\u00ed i els projectes comen\u00e7aran d\u2019aqu\u00ed no res. Per\u00f2 cal una paradeta per organitzar, pintar, endre\u00e7ar&#8230; i reflexionar sobre la nostra feina. Per tenir noves eines que ens ajudin en el treball diari, el curs de formaci\u00f3 d&#8217;aquest any oferir\u00e0 instruments per treballar la m\u00fasica a diferents nivells i per a totes les edats&#8230;<\/p>\n<p><a href=\"http:\/\/fundacioateneusantroc.org\/\/wp-content\/uploads\/Oscilloscopi-2007-1.jpg\"><img loading=\"lazy\" decoding=\"async\" class=\"aligncenter wp-image-39703\" src=\"http:\/\/fundacioateneusantroc.org\/\/wp-content\/uploads\/Oscilloscopi-2007-1-720x540.jpg\" alt=\"\" width=\"520\" height=\"390\"><\/a><\/p>\n<p><em>14 de setembre de 2007<\/em><\/p>\n","protected":false},"excerpt":{"rendered":"<p>Com sentim la m\u00fasica en el dia a dia. Cal posar-se les piles. Setembre ja est\u00e0 [&hellip;]<\/p>\n","protected":false},"author":3,"featured_media":39709,"comment_status":"open","ping_status":"open","sticky":false,"template":"","format":"standard","meta":{"footnotes":""},"categories":[1],"tags":[742],"class_list":["post-29550","post","type-post","status-publish","format-standard","has-post-thumbnail","hentry","category-actualitat","tag-formacio-i-voluntariat"],"_links":{"self":[{"href":"https:\/\/fundacioateneusantroc.org\/es\/wp-json\/wp\/v2\/posts\/29550","targetHints":{"allow":["GET"]}}],"collection":[{"href":"https:\/\/fundacioateneusantroc.org\/es\/wp-json\/wp\/v2\/posts"}],"about":[{"href":"https:\/\/fundacioateneusantroc.org\/es\/wp-json\/wp\/v2\/types\/post"}],"author":[{"embeddable":true,"href":"https:\/\/fundacioateneusantroc.org\/es\/wp-json\/wp\/v2\/users\/3"}],"replies":[{"embeddable":true,"href":"https:\/\/fundacioateneusantroc.org\/es\/wp-json\/wp\/v2\/comments?post=29550"}],"version-history":[{"count":3,"href":"https:\/\/fundacioateneusantroc.org\/es\/wp-json\/wp\/v2\/posts\/29550\/revisions"}],"predecessor-version":[{"id":39991,"href":"https:\/\/fundacioateneusantroc.org\/es\/wp-json\/wp\/v2\/posts\/29550\/revisions\/39991"}],"wp:featuredmedia":[{"embeddable":true,"href":"https:\/\/fundacioateneusantroc.org\/es\/wp-json\/wp\/v2\/media\/39709"}],"wp:attachment":[{"href":"https:\/\/fundacioateneusantroc.org\/es\/wp-json\/wp\/v2\/media?parent=29550"}],"wp:term":[{"taxonomy":"category","embeddable":true,"href":"https:\/\/fundacioateneusantroc.org\/es\/wp-json\/wp\/v2\/categories?post=29550"},{"taxonomy":"post_tag","embeddable":true,"href":"https:\/\/fundacioateneusantroc.org\/es\/wp-json\/wp\/v2\/tags?post=29550"}],"curies":[{"name":"wp","href":"https:\/\/api.w.org\/{rel}","templated":true}]}}