{"id":29552,"date":"2007-05-05T00:00:00","date_gmt":"2007-05-04T22:00:00","guid":{"rendered":"http:\/\/fundacioateneusantroc.org\/ajardinament-dels-parterres-dels-voltants-de-la-parroquia\/"},"modified":"2023-07-14T12:29:04","modified_gmt":"2023-07-14T10:29:04","slug":"ajardinament-dels-parterres-dels-voltants-de-la-parroquia","status":"publish","type":"post","link":"https:\/\/fundacioateneusantroc.org\/es\/ajardinament-dels-parterres-dels-voltants-de-la-parroquia\/","title":{"rendered":"Ajardinament dels parterres dels voltants de la parr\u00f2quia"},"content":{"rendered":"\n<p>Amb les petites coses es pot arribar a canviar les grans. Aquesta \u00e9s la filosofia del programa de medi ambient de l\u2019Ateneu. Poc a poc, intentant \u201cmullar\u201d les nostres consci\u00e8ncies, volem millorar la nostra relaci\u00f3 amb l\u2019entorn. Estalviar aigua i llum, fer servir bosses de roba quan anem a comprar, reciclar&#8230; petites aportacions per les grans transformacions. Ara, amb la col\u00b7laboraci\u00f3 de l\u2019Ajuntament, convidem als ve\u00efns i ve\u00efnes a plantar flors als parterres dels voltants de la parr\u00f2quia, sota el lema&nbsp; SANT ROC VOL MILLORAR.<\/p>\n\n\n\n<p><em>5 de maig de 2007<\/em><\/p>\n","protected":false},"excerpt":{"rendered":"<p>Amb les petites coses es pot arribar a canviar les grans. Aquesta \u00e9s la filosofia del [&hellip;]<\/p>\n","protected":false},"author":3,"featured_media":39723,"comment_status":"open","ping_status":"open","sticky":false,"template":"","format":"standard","meta":{"footnotes":""},"categories":[1],"tags":[1366],"class_list":["post-29552","post","type-post","status-publish","format-standard","has-post-thumbnail","hentry","category-actualitat","tag-festes-de-primavera"],"_links":{"self":[{"href":"https:\/\/fundacioateneusantroc.org\/es\/wp-json\/wp\/v2\/posts\/29552","targetHints":{"allow":["GET"]}}],"collection":[{"href":"https:\/\/fundacioateneusantroc.org\/es\/wp-json\/wp\/v2\/posts"}],"about":[{"href":"https:\/\/fundacioateneusantroc.org\/es\/wp-json\/wp\/v2\/types\/post"}],"author":[{"embeddable":true,"href":"https:\/\/fundacioateneusantroc.org\/es\/wp-json\/wp\/v2\/users\/3"}],"replies":[{"embeddable":true,"href":"https:\/\/fundacioateneusantroc.org\/es\/wp-json\/wp\/v2\/comments?post=29552"}],"version-history":[{"count":3,"href":"https:\/\/fundacioateneusantroc.org\/es\/wp-json\/wp\/v2\/posts\/29552\/revisions"}],"predecessor-version":[{"id":54648,"href":"https:\/\/fundacioateneusantroc.org\/es\/wp-json\/wp\/v2\/posts\/29552\/revisions\/54648"}],"wp:featuredmedia":[{"embeddable":true,"href":"https:\/\/fundacioateneusantroc.org\/es\/wp-json\/wp\/v2\/media\/39723"}],"wp:attachment":[{"href":"https:\/\/fundacioateneusantroc.org\/es\/wp-json\/wp\/v2\/media?parent=29552"}],"wp:term":[{"taxonomy":"category","embeddable":true,"href":"https:\/\/fundacioateneusantroc.org\/es\/wp-json\/wp\/v2\/categories?post=29552"},{"taxonomy":"post_tag","embeddable":true,"href":"https:\/\/fundacioateneusantroc.org\/es\/wp-json\/wp\/v2\/tags?post=29552"}],"curies":[{"name":"wp","href":"https:\/\/api.w.org\/{rel}","templated":true}]}}