{"id":29556,"date":"2008-12-29T00:00:00","date_gmt":"2008-12-28T23:00:00","guid":{"rendered":"http:\/\/fundacioateneusantroc.org\/els-animals-del-pessebre-vivent-tornen-a-casa-seva\/"},"modified":"2023-07-14T12:29:01","modified_gmt":"2023-07-14T10:29:01","slug":"els-animals-del-pessebre-vivent-tornen-a-casa-seva","status":"publish","type":"post","link":"https:\/\/fundacioateneusantroc.org\/es\/els-animals-del-pessebre-vivent-tornen-a-casa-seva\/","title":{"rendered":"Els animals del Pessebre vivent tornen a casa seva"},"content":{"rendered":"<p>Dos oques, un gall, dues gallines i els seus pollets, una cabra i la seva criatura&#8230; Despr\u00e9s de compartir una setmana amb nosaltres i fer molt b\u00e9 el seu paper al Pessebre vivent, ja han tornat a casa seva.Gr\u00e0cies a la Pilar, la Loreto i el Josep Ma. de la Pobla de Lillet per deixar-nos en pr\u00e9stec els seus animals que ja s\u00f3n un cl\u00e0ssic al Nadal de Sant Roc.<\/p>\n<p><em>29 de desembre de 2008<\/em><\/p>\n","protected":false},"excerpt":{"rendered":"<p>Dos oques, un gall, dues gallines i els seus pollets, una cabra i la seva criatura&#8230; [&hellip;]<\/p>\n","protected":false},"author":3,"featured_media":41818,"comment_status":"open","ping_status":"open","sticky":false,"template":"","format":"standard","meta":{"footnotes":""},"categories":[1],"tags":[734,748,108],"class_list":["post-29556","post","type-post","status-publish","format-standard","has-post-thumbnail","hentry","category-actualitat","tag-dinamitzacio-sociocultural","tag-nadal","tag-pessebre-vivent"],"_links":{"self":[{"href":"https:\/\/fundacioateneusantroc.org\/es\/wp-json\/wp\/v2\/posts\/29556","targetHints":{"allow":["GET"]}}],"collection":[{"href":"https:\/\/fundacioateneusantroc.org\/es\/wp-json\/wp\/v2\/posts"}],"about":[{"href":"https:\/\/fundacioateneusantroc.org\/es\/wp-json\/wp\/v2\/types\/post"}],"author":[{"embeddable":true,"href":"https:\/\/fundacioateneusantroc.org\/es\/wp-json\/wp\/v2\/users\/3"}],"replies":[{"embeddable":true,"href":"https:\/\/fundacioateneusantroc.org\/es\/wp-json\/wp\/v2\/comments?post=29556"}],"version-history":[{"count":2,"href":"https:\/\/fundacioateneusantroc.org\/es\/wp-json\/wp\/v2\/posts\/29556\/revisions"}],"predecessor-version":[{"id":41647,"href":"https:\/\/fundacioateneusantroc.org\/es\/wp-json\/wp\/v2\/posts\/29556\/revisions\/41647"}],"wp:featuredmedia":[{"embeddable":true,"href":"https:\/\/fundacioateneusantroc.org\/es\/wp-json\/wp\/v2\/media\/41818"}],"wp:attachment":[{"href":"https:\/\/fundacioateneusantroc.org\/es\/wp-json\/wp\/v2\/media?parent=29556"}],"wp:term":[{"taxonomy":"category","embeddable":true,"href":"https:\/\/fundacioateneusantroc.org\/es\/wp-json\/wp\/v2\/categories?post=29556"},{"taxonomy":"post_tag","embeddable":true,"href":"https:\/\/fundacioateneusantroc.org\/es\/wp-json\/wp\/v2\/tags?post=29556"}],"curies":[{"name":"wp","href":"https:\/\/api.w.org\/{rel}","templated":true}]}}