{"id":29561,"date":"2007-09-01T00:00:00","date_gmt":"2007-08-31T22:00:00","guid":{"rendered":"http:\/\/fundacioateneusantroc.org\/lateneu-mes-net-i-mes-endrecat-comenca-a-obrir-portes\/"},"modified":"2023-07-14T12:29:04","modified_gmt":"2023-07-14T10:29:04","slug":"lateneu-mes-net-i-mes-endrecat-comenca-a-obrir-portes","status":"publish","type":"post","link":"https:\/\/fundacioateneusantroc.org\/es\/lateneu-mes-net-i-mes-endrecat-comenca-a-obrir-portes\/","title":{"rendered":"L&#8217;Ateneu, m\u00e9s net i m\u00e9s endre\u00e7at, comen\u00e7a a obrir portes"},"content":{"rendered":"<p>Ja senten les petjades de la primera escola pujant a la Ludoteca. Poc a poc totes les sales s&#8217;emplenen de gent. Classes de castell\u00e0. Iniciaci\u00f3 a la inform\u00e0tica. Infants fent deures. Joves jugant&#8230;<br \/>\nCada espai recupera la quotidianitat.\u00a0<strong>Ja ha comen\u00e7at un nou curs a l&#8217;Ateneu!<\/strong><\/p>\n<p><em>10 de setembre de 2007<\/em><\/p>\n","protected":false},"excerpt":{"rendered":"<p>Ja senten les petjades de la primera escola pujant a la Ludoteca. Poc a poc totes [&hellip;]<\/p>\n","protected":false},"author":3,"featured_media":41649,"comment_status":"open","ping_status":"open","sticky":false,"template":"","format":"standard","meta":{"footnotes":""},"categories":[1],"tags":[],"class_list":["post-29561","post","type-post","status-publish","format-standard","has-post-thumbnail","hentry","category-actualitat"],"_links":{"self":[{"href":"https:\/\/fundacioateneusantroc.org\/es\/wp-json\/wp\/v2\/posts\/29561","targetHints":{"allow":["GET"]}}],"collection":[{"href":"https:\/\/fundacioateneusantroc.org\/es\/wp-json\/wp\/v2\/posts"}],"about":[{"href":"https:\/\/fundacioateneusantroc.org\/es\/wp-json\/wp\/v2\/types\/post"}],"author":[{"embeddable":true,"href":"https:\/\/fundacioateneusantroc.org\/es\/wp-json\/wp\/v2\/users\/3"}],"replies":[{"embeddable":true,"href":"https:\/\/fundacioateneusantroc.org\/es\/wp-json\/wp\/v2\/comments?post=29561"}],"version-history":[{"count":2,"href":"https:\/\/fundacioateneusantroc.org\/es\/wp-json\/wp\/v2\/posts\/29561\/revisions"}],"predecessor-version":[{"id":41651,"href":"https:\/\/fundacioateneusantroc.org\/es\/wp-json\/wp\/v2\/posts\/29561\/revisions\/41651"}],"wp:featuredmedia":[{"embeddable":true,"href":"https:\/\/fundacioateneusantroc.org\/es\/wp-json\/wp\/v2\/media\/41649"}],"wp:attachment":[{"href":"https:\/\/fundacioateneusantroc.org\/es\/wp-json\/wp\/v2\/media?parent=29561"}],"wp:term":[{"taxonomy":"category","embeddable":true,"href":"https:\/\/fundacioateneusantroc.org\/es\/wp-json\/wp\/v2\/categories?post=29561"},{"taxonomy":"post_tag","embeddable":true,"href":"https:\/\/fundacioateneusantroc.org\/es\/wp-json\/wp\/v2\/tags?post=29561"}],"curies":[{"name":"wp","href":"https:\/\/api.w.org\/{rel}","templated":true}]}}