{"id":29564,"date":"2008-04-30T00:00:00","date_gmt":"2008-04-29T22:00:00","guid":{"rendered":"http:\/\/fundacioateneusantroc.org\/festes-de-primavera-2008\/"},"modified":"2023-07-14T12:29:02","modified_gmt":"2023-07-14T10:29:02","slug":"festes-de-primavera-2008","status":"publish","type":"post","link":"https:\/\/fundacioateneusantroc.org\/es\/festes-de-primavera-2008\/","title":{"rendered":"Festes de primavera 2008"},"content":{"rendered":"<p>&#8230; Comen\u00e7a la primavera, i a l&#8217;Ateneu se&#8217;ns altera la vida. Nits, tardes, matins&#8230; qualsevol hora \u00e9s bona per celebrar alguna cosa: la Fira, l&#8217;Homenatge, la pintada&#8230; L&#8217;important \u00e9s celebrar, passar-s&#8217;ho b\u00e9 i compartir. Sobretot compartir! I perqu\u00e8 som molts els que volem compartir \u00e9s possible tirar endavant aquest allau d&#8217;activitats. Gr\u00e0cies a totes i a tots.<\/p>\n<p><em>30 d&#8217;abril de 2008<\/em><\/p>\n","protected":false},"excerpt":{"rendered":"<p>&#8230; Comen\u00e7a la primavera, i a l&#8217;Ateneu se&#8217;ns altera la vida. Nits, tardes, matins&#8230; qualsevol hora [&hellip;]<\/p>\n","protected":false},"author":3,"featured_media":39846,"comment_status":"open","ping_status":"open","sticky":false,"template":"","format":"standard","meta":{"footnotes":""},"categories":[1],"tags":[734,1366],"class_list":["post-29564","post","type-post","status-publish","format-standard","has-post-thumbnail","hentry","category-actualitat","tag-dinamitzacio-sociocultural","tag-festes-de-primavera"],"_links":{"self":[{"href":"https:\/\/fundacioateneusantroc.org\/es\/wp-json\/wp\/v2\/posts\/29564","targetHints":{"allow":["GET"]}}],"collection":[{"href":"https:\/\/fundacioateneusantroc.org\/es\/wp-json\/wp\/v2\/posts"}],"about":[{"href":"https:\/\/fundacioateneusantroc.org\/es\/wp-json\/wp\/v2\/types\/post"}],"author":[{"embeddable":true,"href":"https:\/\/fundacioateneusantroc.org\/es\/wp-json\/wp\/v2\/users\/3"}],"replies":[{"embeddable":true,"href":"https:\/\/fundacioateneusantroc.org\/es\/wp-json\/wp\/v2\/comments?post=29564"}],"version-history":[{"count":3,"href":"https:\/\/fundacioateneusantroc.org\/es\/wp-json\/wp\/v2\/posts\/29564\/revisions"}],"predecessor-version":[{"id":39995,"href":"https:\/\/fundacioateneusantroc.org\/es\/wp-json\/wp\/v2\/posts\/29564\/revisions\/39995"}],"wp:featuredmedia":[{"embeddable":true,"href":"https:\/\/fundacioateneusantroc.org\/es\/wp-json\/wp\/v2\/media\/39846"}],"wp:attachment":[{"href":"https:\/\/fundacioateneusantroc.org\/es\/wp-json\/wp\/v2\/media?parent=29564"}],"wp:term":[{"taxonomy":"category","embeddable":true,"href":"https:\/\/fundacioateneusantroc.org\/es\/wp-json\/wp\/v2\/categories?post=29564"},{"taxonomy":"post_tag","embeddable":true,"href":"https:\/\/fundacioateneusantroc.org\/es\/wp-json\/wp\/v2\/tags?post=29564"}],"curies":[{"name":"wp","href":"https:\/\/api.w.org\/{rel}","templated":true}]}}