{"id":29573,"date":"2009-06-08T00:00:00","date_gmt":"2009-06-07T22:00:00","guid":{"rendered":"http:\/\/fundacioateneusantroc.org\/arpilleras-dones-cosint-histories\/"},"modified":"2023-07-14T12:28:59","modified_gmt":"2023-07-14T10:28:59","slug":"arpilleras-dones-cosint-histories","status":"publish","type":"post","link":"https:\/\/fundacioateneusantroc.org\/es\/arpilleras-dones-cosint-histories\/","title":{"rendered":"Arpilleras, dones cosint hist\u00f2ries"},"content":{"rendered":"<p>A trav\u00e9s d\u2019un mitj\u00e0 artesanal tradicionalment associat al femen\u00ed, la costura, dones de l&#8217;Ateneu i de la Parr\u00f2quia Sant Roc mostren diferents realitats de les seves vides: les \u201carpilleras\u201d. Aquests treballs realitzats han donat lloc a una exposici\u00f3 inaugurada el 13 de maig fins el 31 de juliol de 2009 a l\u2019Ateneu. El 17 de juny es presenta el cat\u00e0leg de l\u2019exposici\u00f3.<\/p>\n<p><em>8 de juny de 2009<\/em><\/p>\n","protected":false},"excerpt":{"rendered":"<p>A trav\u00e9s d\u2019un mitj\u00e0 artesanal tradicionalment associat al femen\u00ed, la costura, dones de l&#8217;Ateneu i de [&hellip;]<\/p>\n","protected":false},"author":3,"featured_media":40639,"comment_status":"open","ping_status":"open","sticky":false,"template":"","format":"standard","meta":{"footnotes":""},"categories":[787],"tags":[28,734,729],"class_list":["post-29573","post","type-post","status-publish","format-standard","has-post-thumbnail","hentry","category-les-arpilleres","tag-arpilleras","tag-dinamitzacio-sociocultural","tag-exposicio"],"_links":{"self":[{"href":"https:\/\/fundacioateneusantroc.org\/es\/wp-json\/wp\/v2\/posts\/29573","targetHints":{"allow":["GET"]}}],"collection":[{"href":"https:\/\/fundacioateneusantroc.org\/es\/wp-json\/wp\/v2\/posts"}],"about":[{"href":"https:\/\/fundacioateneusantroc.org\/es\/wp-json\/wp\/v2\/types\/post"}],"author":[{"embeddable":true,"href":"https:\/\/fundacioateneusantroc.org\/es\/wp-json\/wp\/v2\/users\/3"}],"replies":[{"embeddable":true,"href":"https:\/\/fundacioateneusantroc.org\/es\/wp-json\/wp\/v2\/comments?post=29573"}],"version-history":[{"count":2,"href":"https:\/\/fundacioateneusantroc.org\/es\/wp-json\/wp\/v2\/posts\/29573\/revisions"}],"predecessor-version":[{"id":40642,"href":"https:\/\/fundacioateneusantroc.org\/es\/wp-json\/wp\/v2\/posts\/29573\/revisions\/40642"}],"wp:featuredmedia":[{"embeddable":true,"href":"https:\/\/fundacioateneusantroc.org\/es\/wp-json\/wp\/v2\/media\/40639"}],"wp:attachment":[{"href":"https:\/\/fundacioateneusantroc.org\/es\/wp-json\/wp\/v2\/media?parent=29573"}],"wp:term":[{"taxonomy":"category","embeddable":true,"href":"https:\/\/fundacioateneusantroc.org\/es\/wp-json\/wp\/v2\/categories?post=29573"},{"taxonomy":"post_tag","embeddable":true,"href":"https:\/\/fundacioateneusantroc.org\/es\/wp-json\/wp\/v2\/tags?post=29573"}],"curies":[{"name":"wp","href":"https:\/\/api.w.org\/{rel}","templated":true}]}}