{"id":29592,"date":"2010-05-26T00:00:00","date_gmt":"2010-05-25T22:00:00","guid":{"rendered":"http:\/\/fundacioateneusantroc.org\/el-periquito-la-nostra-mascota-solidaria\/"},"modified":"2023-07-14T12:28:55","modified_gmt":"2023-07-14T10:28:55","slug":"el-periquito-la-nostra-mascota-solidaria","status":"publish","type":"post","link":"https:\/\/fundacioateneusantroc.org\/es\/el-periquito-la-nostra-mascota-solidaria\/","title":{"rendered":"El periquito: la nostra mascota solid\u00e0ria"},"content":{"rendered":"<p>Avui ha estat el dia que m\u00e9s ha sonat el tel\u00e8fon a l&#8217;Ateneu. Des d&#8217;abans de les 9 del mat\u00ed i fins a darrera hora del vespre, badalonins i badalonines de diferents barris de la ciutat, van fer la mateixa pregunta a qui agafava el tel\u00e8fon: Quin \u00e9s l&#8217;ocell solidari de l&#8217;Ateneu? I no ens vam cansar d&#8217;explicar que aquest ocell \u00e9s el periquito, perqu\u00e8 tenim un projecte de col\u00b7laboraci\u00f3 amb Iquitos i&#8230; sempre demanem 1 euro &#8220;Per Iquitos&#8221;. Molts ja ho sab\u00edeu; d&#8217;altres&#8230; ja ho sabeu ara. Gr\u00e0cies al joc de Badalona per donar-nos a con\u00e8ixer a la nostra ciutat.<\/p>\n<p>26 de maig de 2010<\/p>\n","protected":false},"excerpt":{"rendered":"<p>Avui ha estat el dia que m\u00e9s ha sonat el tel\u00e8fon a l&#8217;Ateneu. Des d&#8217;abans de [&hellip;]<\/p>\n","protected":false},"author":3,"featured_media":40107,"comment_status":"open","ping_status":"open","sticky":false,"template":"","format":"standard","meta":{"footnotes":""},"categories":[1],"tags":[736],"class_list":["post-29592","post","type-post","status-publish","format-standard","has-post-thumbnail","hentry","category-actualitat","tag-cooperacio-i-solidaritat"],"_links":{"self":[{"href":"https:\/\/fundacioateneusantroc.org\/es\/wp-json\/wp\/v2\/posts\/29592","targetHints":{"allow":["GET"]}}],"collection":[{"href":"https:\/\/fundacioateneusantroc.org\/es\/wp-json\/wp\/v2\/posts"}],"about":[{"href":"https:\/\/fundacioateneusantroc.org\/es\/wp-json\/wp\/v2\/types\/post"}],"author":[{"embeddable":true,"href":"https:\/\/fundacioateneusantroc.org\/es\/wp-json\/wp\/v2\/users\/3"}],"replies":[{"embeddable":true,"href":"https:\/\/fundacioateneusantroc.org\/es\/wp-json\/wp\/v2\/comments?post=29592"}],"version-history":[{"count":2,"href":"https:\/\/fundacioateneusantroc.org\/es\/wp-json\/wp\/v2\/posts\/29592\/revisions"}],"predecessor-version":[{"id":40109,"href":"https:\/\/fundacioateneusantroc.org\/es\/wp-json\/wp\/v2\/posts\/29592\/revisions\/40109"}],"wp:featuredmedia":[{"embeddable":true,"href":"https:\/\/fundacioateneusantroc.org\/es\/wp-json\/wp\/v2\/media\/40107"}],"wp:attachment":[{"href":"https:\/\/fundacioateneusantroc.org\/es\/wp-json\/wp\/v2\/media?parent=29592"}],"wp:term":[{"taxonomy":"category","embeddable":true,"href":"https:\/\/fundacioateneusantroc.org\/es\/wp-json\/wp\/v2\/categories?post=29592"},{"taxonomy":"post_tag","embeddable":true,"href":"https:\/\/fundacioateneusantroc.org\/es\/wp-json\/wp\/v2\/tags?post=29592"}],"curies":[{"name":"wp","href":"https:\/\/api.w.org\/{rel}","templated":true}]}}