{"id":29699,"date":"2013-11-13T00:00:00","date_gmt":"2013-11-12T23:00:00","guid":{"rendered":"http:\/\/fundacioateneusantroc.org\/diversos-premi-lluis-carulla-deducacio-en-el-lleure-per-lesplai-borinot\/"},"modified":"2023-07-14T12:28:36","modified_gmt":"2023-07-14T10:28:36","slug":"diversos-premi-lluis-carulla-deducacio-en-el-lleure-per-lesplai-borinot","status":"publish","type":"post","link":"https:\/\/fundacioateneusantroc.org\/es\/diversos-premi-lluis-carulla-deducacio-en-el-lleure-per-lesplai-borinot\/","title":{"rendered":"Diversos: &#8220;Premi Llu\u00eds Carulla d&#8217;educaci\u00f3 en el lleure per l&#8217;Esplai Borinot.&#8221;"},"content":{"rendered":"\n<p>La Fundaci\u00f3 Ateneu Sant Roc reconegut per la seva traject\u00f2ria El guard\u00f3 d&#8217;Educaci\u00f3 en el Lleure atorgat per la Fundaci\u00f3 Llu\u00eds Carulla reconeix el treball que realitza l&#8217;Esplai Borinot amb els joves de Badalona.<\/p>\n\n\n\n<p>El passat dimarts 1 de mar\u00e7 la Fundaci\u00f3 Ateneu Sant Roc va rebre un dels sis premis en Educaci\u00f3 en el Lleure atorgats per la Fundaci\u00f3 Llu\u00eds Carulla, valorat en 4.000 euros. El jurat va recon\u00e8ixer la iniciativa del centre badalon\u00ed en el seu treball en l&#8217;Esplai Borinot, on d\u00f3na una resposta alternativa i compromesa a les problem\u00e0tiques del barri.<\/p>\n\n\n\n<p>Salvador, membre de la fundaci\u00f3, explica que aquest reconeixement &#8220;\u00e9s gr\u00e0cies molta gent que fa possible l&#8217;Esplai Borinot&#8221;. A la vegada manifesta que &#8220;continuarem treballant amb valors que hem fet fins ara&#8221;.<\/p>\n\n\n\n<p>>>Llegir a Badanotis: http:\/\/www.badanotis.com\/noticia.php?n=1947<\/p>\n\n\n\n<p><a href=\"http:\/\/fundacioateneusantroc.org\/\/wp-content\/uploads\/premiLLUISCARULLA.pdf\" target=\"_blank\" rel=\"noopener\">&gt;&gt;Descarregar PDF<\/a><\/p>\n","protected":false},"excerpt":{"rendered":"<p>La Fundaci\u00f3 Ateneu Sant Roc reconegut per la seva traject\u00f2ria El guard\u00f3 d&#8217;Educaci\u00f3 en el Lleure [&hellip;]<\/p>\n","protected":false},"author":3,"featured_media":3826,"comment_status":"open","ping_status":"open","sticky":false,"template":"","format":"standard","meta":{"footnotes":""},"categories":[2],"tags":[194,735,146,237],"class_list":["post-29699","post","type-post","status-publish","format-standard","has-post-thumbnail","hentry","category-premsa","tag-diari-avui","tag-esplai-borinot","tag-premi","tag-salvador-figuerola"],"_links":{"self":[{"href":"https:\/\/fundacioateneusantroc.org\/es\/wp-json\/wp\/v2\/posts\/29699","targetHints":{"allow":["GET"]}}],"collection":[{"href":"https:\/\/fundacioateneusantroc.org\/es\/wp-json\/wp\/v2\/posts"}],"about":[{"href":"https:\/\/fundacioateneusantroc.org\/es\/wp-json\/wp\/v2\/types\/post"}],"author":[{"embeddable":true,"href":"https:\/\/fundacioateneusantroc.org\/es\/wp-json\/wp\/v2\/users\/3"}],"replies":[{"embeddable":true,"href":"https:\/\/fundacioateneusantroc.org\/es\/wp-json\/wp\/v2\/comments?post=29699"}],"version-history":[{"count":2,"href":"https:\/\/fundacioateneusantroc.org\/es\/wp-json\/wp\/v2\/posts\/29699\/revisions"}],"predecessor-version":[{"id":54262,"href":"https:\/\/fundacioateneusantroc.org\/es\/wp-json\/wp\/v2\/posts\/29699\/revisions\/54262"}],"wp:featuredmedia":[{"embeddable":true,"href":"https:\/\/fundacioateneusantroc.org\/es\/wp-json\/wp\/v2\/media\/3826"}],"wp:attachment":[{"href":"https:\/\/fundacioateneusantroc.org\/es\/wp-json\/wp\/v2\/media?parent=29699"}],"wp:term":[{"taxonomy":"category","embeddable":true,"href":"https:\/\/fundacioateneusantroc.org\/es\/wp-json\/wp\/v2\/categories?post=29699"},{"taxonomy":"post_tag","embeddable":true,"href":"https:\/\/fundacioateneusantroc.org\/es\/wp-json\/wp\/v2\/tags?post=29699"}],"curies":[{"name":"wp","href":"https:\/\/api.w.org\/{rel}","templated":true}]}}