{"id":29708,"date":"2013-11-11T00:00:00","date_gmt":"2013-11-10T23:00:00","guid":{"rendered":"http:\/\/fundacioateneusantroc.org\/badanotis-carnestoltes-solidari-a-lateneu-sant-roc\/"},"modified":"2023-07-14T12:28:39","modified_gmt":"2023-07-14T10:28:39","slug":"badanotis-carnestoltes-solidari-a-lateneu-sant-roc","status":"publish","type":"post","link":"https:\/\/fundacioateneusantroc.org\/es\/badanotis-carnestoltes-solidari-a-lateneu-sant-roc\/","title":{"rendered":"Badanotis: &#8220;Carnestoltes Solidari a l&#8217;Ateneu Sant Roc.&#8221;"},"content":{"rendered":"\n<p>El grup de Solidaritat \u00c9s l&#8217;Hora i la Fundaci\u00f3 Ateneu Sant Roc, organitzen un Carnestoltes Solidari, amb Sopar, Gresca, Premis per les millors disfresses i el que es mes important, la solidaritat; tots els beneficis es destinaran als projectes de cooperaci\u00f3 que el grup \u00c9s l&#8217;Hora t\u00e9 al Per\u00fa. divendres 17 de febrer, 21h, locals de la Fundaci\u00f3 Ateneu Sant Roc, situada al c\/ C\u00e1ceres, 34 Badalona. El bo d&#8217;ajut \u00e9s de 8\u20ac per als projectes de cooperaci\u00f3. Per confirmar assist\u00e8ncia cal trucar al 93 399 39 51.<\/p>\n\n\n\n<p>>>Llegir a Badanotis: http:\/\/www.badanotis.com\/noticia.php?n=3415<\/p>\n","protected":false},"excerpt":{"rendered":"<p>El grup de Solidaritat \u00c9s l&#8217;Hora i la Fundaci\u00f3 Ateneu Sant Roc, organitzen un Carnestoltes Solidari, [&hellip;]<\/p>\n","protected":false},"author":3,"featured_media":3812,"comment_status":"open","ping_status":"open","sticky":false,"template":"","format":"standard","meta":{"footnotes":""},"categories":[2],"tags":[64,736,125],"class_list":["post-29708","post","type-post","status-publish","format-standard","has-post-thumbnail","hentry","category-premsa","tag-carnestoltes","tag-cooperacio-i-solidaritat","tag-solidaritat"],"_links":{"self":[{"href":"https:\/\/fundacioateneusantroc.org\/es\/wp-json\/wp\/v2\/posts\/29708","targetHints":{"allow":["GET"]}}],"collection":[{"href":"https:\/\/fundacioateneusantroc.org\/es\/wp-json\/wp\/v2\/posts"}],"about":[{"href":"https:\/\/fundacioateneusantroc.org\/es\/wp-json\/wp\/v2\/types\/post"}],"author":[{"embeddable":true,"href":"https:\/\/fundacioateneusantroc.org\/es\/wp-json\/wp\/v2\/users\/3"}],"replies":[{"embeddable":true,"href":"https:\/\/fundacioateneusantroc.org\/es\/wp-json\/wp\/v2\/comments?post=29708"}],"version-history":[{"count":2,"href":"https:\/\/fundacioateneusantroc.org\/es\/wp-json\/wp\/v2\/posts\/29708\/revisions"}],"predecessor-version":[{"id":54702,"href":"https:\/\/fundacioateneusantroc.org\/es\/wp-json\/wp\/v2\/posts\/29708\/revisions\/54702"}],"wp:featuredmedia":[{"embeddable":true,"href":"https:\/\/fundacioateneusantroc.org\/es\/wp-json\/wp\/v2\/media\/3812"}],"wp:attachment":[{"href":"https:\/\/fundacioateneusantroc.org\/es\/wp-json\/wp\/v2\/media?parent=29708"}],"wp:term":[{"taxonomy":"category","embeddable":true,"href":"https:\/\/fundacioateneusantroc.org\/es\/wp-json\/wp\/v2\/categories?post=29708"},{"taxonomy":"post_tag","embeddable":true,"href":"https:\/\/fundacioateneusantroc.org\/es\/wp-json\/wp\/v2\/tags?post=29708"}],"curies":[{"name":"wp","href":"https:\/\/api.w.org\/{rel}","templated":true}]}}