{"id":29774,"date":"2016-07-18T00:00:00","date_gmt":"2016-07-17T22:00:00","guid":{"rendered":"http:\/\/fundacioateneusantroc.org\/rodamons-arpilleres-dones-que-cusen-histories\/"},"modified":"2023-07-14T12:25:42","modified_gmt":"2023-07-14T10:25:42","slug":"rodamons-arpilleres-dones-que-cusen-histories","status":"publish","type":"post","link":"https:\/\/fundacioateneusantroc.org\/es\/rodamons-arpilleres-dones-que-cusen-histories\/","title":{"rendered":"RODAmons: &#8220;Arpilleres, dones que cusen hist\u00f2ries&#8221;"},"content":{"rendered":"<p>dijous, 27 febrer de 2014<\/p>\n<p>Segons el diccionari, arpillera \u00e9s el nom amb qu\u00e8 es coneix a la pe\u00e7a t\u00e8xtil gruixuda i aspra fabricada amb diversos tipus d&#8217; estopa, que sol utilitzar com a element cobertor, i en la fabricaci\u00f3 de sacs i peces d&#8217; embalatge.<\/p>\n<p>Segons la historia, fer d&#8217;arpillera era i \u00e9s un tipus de treball, realitzat majorit\u00e0riament per dones, que a la vegada han utilitzat diferents t\u00e8cniques -com teixir, cosir, brodar, fer punt&#8230;-que ha servit per a explorar temes que les han afectat directament, com per exemple conflictes armats, situacions de repressi\u00f3 i de vulneraci\u00f3 dels drets humans, o situacions de viol\u00e8ncia, a m\u00e9s de plasmar diferents situacions quotidianes, aix\u00ed com somnis, esperances i desitjos.<\/p>\n<p>Ara, les arpilleres de Sant Roc, inauguren una exposici\u00f3 molt recomanable on es reflecteix la realitat del seu barri a trav\u00e9s del seu art.<\/p>\n<p>&gt;&gt;Llegir a RODAmons: <a href=\"http:\/\/fundaciolaroda.blogspot.com.es\/2014\/02\/arpilleres-dones-que-cusen-histories.html#more\" target=\"_blank\" rel=\"noopener\">http:\/\/fundaciolaroda.blogspot.com.es\/2014\/02\/arpilleres-dones-que-cusen-histories.html#more<\/a><\/p>\n","protected":false},"excerpt":{"rendered":"<p>dijous, 27 febrer de 2014 Segons el diccionari, arpillera \u00e9s el nom amb qu\u00e8 es coneix [&hellip;]<\/p>\n","protected":false},"author":2,"featured_media":3823,"comment_status":"open","ping_status":"open","sticky":false,"template":"","format":"standard","meta":{"footnotes":""},"categories":[787,2],"tags":[28,174,729,266,276],"class_list":["post-29774","post","type-post","status-publish","format-standard","has-post-thumbnail","hentry","category-les-arpilleres","category-premsa","tag-arpilleras","tag-barri","tag-exposicio","tag-rodamons","tag-sant-roc"],"_links":{"self":[{"href":"https:\/\/fundacioateneusantroc.org\/es\/wp-json\/wp\/v2\/posts\/29774","targetHints":{"allow":["GET"]}}],"collection":[{"href":"https:\/\/fundacioateneusantroc.org\/es\/wp-json\/wp\/v2\/posts"}],"about":[{"href":"https:\/\/fundacioateneusantroc.org\/es\/wp-json\/wp\/v2\/types\/post"}],"author":[{"embeddable":true,"href":"https:\/\/fundacioateneusantroc.org\/es\/wp-json\/wp\/v2\/users\/2"}],"replies":[{"embeddable":true,"href":"https:\/\/fundacioateneusantroc.org\/es\/wp-json\/wp\/v2\/comments?post=29774"}],"version-history":[{"count":2,"href":"https:\/\/fundacioateneusantroc.org\/es\/wp-json\/wp\/v2\/posts\/29774\/revisions"}],"predecessor-version":[{"id":61565,"href":"https:\/\/fundacioateneusantroc.org\/es\/wp-json\/wp\/v2\/posts\/29774\/revisions\/61565"}],"wp:featuredmedia":[{"embeddable":true,"href":"https:\/\/fundacioateneusantroc.org\/es\/wp-json\/wp\/v2\/media\/3823"}],"wp:attachment":[{"href":"https:\/\/fundacioateneusantroc.org\/es\/wp-json\/wp\/v2\/media?parent=29774"}],"wp:term":[{"taxonomy":"category","embeddable":true,"href":"https:\/\/fundacioateneusantroc.org\/es\/wp-json\/wp\/v2\/categories?post=29774"},{"taxonomy":"post_tag","embeddable":true,"href":"https:\/\/fundacioateneusantroc.org\/es\/wp-json\/wp\/v2\/tags?post=29774"}],"curies":[{"name":"wp","href":"https:\/\/api.w.org\/{rel}","templated":true}]}}