{"id":29785,"date":"2014-04-11T00:00:00","date_gmt":"2014-04-10T22:00:00","guid":{"rendered":"http:\/\/fundacioateneusantroc.org\/cent-x-cent-solidaris\/"},"modified":"2023-07-14T12:28:17","modified_gmt":"2023-07-14T10:28:17","slug":"cent-x-cent-solidaris","status":"publish","type":"post","link":"https:\/\/fundacioateneusantroc.org\/es\/cent-x-cent-solidaris\/","title":{"rendered":"Cent x cent solidaris"},"content":{"rendered":"\n<p>Divendres a la nit al sal\u00f3 no cabia ni una agulla. M\u00e9s de cent solidaris i solid\u00e0ries conven\u00e7uts que el comprom\u00eds amb la gent que ho necessita no admet fronteres.<\/p>\n\n\n\n<p>Des de Bilbao, l&#8217;Almike i la Nerea van venir a explicar-nos la seva experi\u00e8ncia de treball a Iquitos: una advocada i una educadora social que van fer molta feina el mes d&#8217;agost passat entre la gent peruana. I despr\u00e9s, el Fali, ens va presentar un nou projecte d&#8217;\u00c9s l&#8217;hora adre\u00e7at a &#8220;el adulto mayor&#8221;, un casal d&#8217;avis per atendre la gent gran de Pueblo Nuevo.<\/p>\n\n\n\n<p>El sopar preparad\u00edssim pel grup de Solidaritat de l&#8217;Ateneu i una colla de &#8220;solidaris&#8221; que es van arremangar per parar taules, muntar plats i fer les butifarres. Unes postres delicioses fetes per gent de l&#8217;Ateneu i per acabar&#8230; un concert de la Maria Arnal i els seus amics, Marc i Marcel. Versions de can\u00e7ons conegudes que van emplenar de m\u00fasica el sal\u00f3.<\/p>\n\n\n\n<p>Una nit per recordar&#8230; i per repetir l&#8217;any vinent!<\/p>\n\n\n\n<figure class=\"wp-block-gallery columns-2 is-cropped wp-block-gallery-1 is-layout-flex wp-block-gallery-is-layout-flex\"><ul class=\"blocks-gallery-grid\"><li class=\"blocks-gallery-item\"><figure><img loading=\"lazy\" decoding=\"async\" width=\"510\" height=\"381\" src=\"https:\/\/fundacioateneusantroc.org\/wp-content\/uploads\/Preparant-el-sopar.gif\" alt=\"\" data-id=\"5309\" class=\"wp-image-5309\"><\/figure><\/li><li class=\"blocks-gallery-item\"><figure><img loading=\"lazy\" decoding=\"async\" width=\"510\" height=\"381\" src=\"https:\/\/fundacioateneusantroc.org\/wp-content\/uploads\/Almike-i-Nerea-explicant-Iq.gif\" alt=\"\" data-id=\"5311\" class=\"wp-image-5311\"><\/figure><\/li><li class=\"blocks-gallery-item\"><figure><img loading=\"lazy\" decoding=\"async\" width=\"510\" height=\"287\" src=\"https:\/\/fundacioateneusantroc.org\/wp-content\/uploads\/Concert-solidari.gif\" alt=\"\" data-id=\"5312\" class=\"wp-image-5312\"><\/figure><\/li><\/ul><\/figure>\n\n\n\n<p><em>11 d&#8217;abril de 2014<\/em><\/p>\n","protected":false},"excerpt":{"rendered":"<p>Divendres a la nit al sal\u00f3 no cabia ni una agulla. M\u00e9s de cent solidaris i [&hellip;]<\/p>\n","protected":false},"author":4,"featured_media":5310,"comment_status":"open","ping_status":"open","sticky":false,"template":"","format":"standard","meta":{"footnotes":""},"categories":[1],"tags":[37,736,734,739],"class_list":["post-29785","post","type-post","status-publish","format-standard","has-post-thumbnail","hentry","category-actualitat","tag-concert","tag-cooperacio-i-solidaritat","tag-dinamitzacio-sociocultural","tag-sopar"],"_links":{"self":[{"href":"https:\/\/fundacioateneusantroc.org\/es\/wp-json\/wp\/v2\/posts\/29785","targetHints":{"allow":["GET"]}}],"collection":[{"href":"https:\/\/fundacioateneusantroc.org\/es\/wp-json\/wp\/v2\/posts"}],"about":[{"href":"https:\/\/fundacioateneusantroc.org\/es\/wp-json\/wp\/v2\/types\/post"}],"author":[{"embeddable":true,"href":"https:\/\/fundacioateneusantroc.org\/es\/wp-json\/wp\/v2\/users\/4"}],"replies":[{"embeddable":true,"href":"https:\/\/fundacioateneusantroc.org\/es\/wp-json\/wp\/v2\/comments?post=29785"}],"version-history":[{"count":2,"href":"https:\/\/fundacioateneusantroc.org\/es\/wp-json\/wp\/v2\/posts\/29785\/revisions"}],"predecessor-version":[{"id":54934,"href":"https:\/\/fundacioateneusantroc.org\/es\/wp-json\/wp\/v2\/posts\/29785\/revisions\/54934"}],"wp:featuredmedia":[{"embeddable":true,"href":"https:\/\/fundacioateneusantroc.org\/es\/wp-json\/wp\/v2\/media\/5310"}],"wp:attachment":[{"href":"https:\/\/fundacioateneusantroc.org\/es\/wp-json\/wp\/v2\/media?parent=29785"}],"wp:term":[{"taxonomy":"category","embeddable":true,"href":"https:\/\/fundacioateneusantroc.org\/es\/wp-json\/wp\/v2\/categories?post=29785"},{"taxonomy":"post_tag","embeddable":true,"href":"https:\/\/fundacioateneusantroc.org\/es\/wp-json\/wp\/v2\/tags?post=29785"}],"curies":[{"name":"wp","href":"https:\/\/api.w.org\/{rel}","templated":true}]}}