{"id":29859,"date":"2015-02-19T00:00:00","date_gmt":"2015-02-18T23:00:00","guid":{"rendered":"http:\/\/fundacioateneusantroc.org\/joan-girona-els-deures-son-una-font-de-desigualtats\/"},"modified":"2023-07-14T12:27:31","modified_gmt":"2023-07-14T10:27:31","slug":"joan-girona-els-deures-son-una-font-de-desigualtats","status":"publish","type":"post","link":"https:\/\/fundacioateneusantroc.org\/es\/joan-girona-els-deures-son-una-font-de-desigualtats\/","title":{"rendered":"Joan Girona: \u201cEls deures s\u00f3n una font de desigualtats\u201d"},"content":{"rendered":"\n<p class=\"has-text-align-left\">\u2022 <strong>Entrevista a Joan Girona (mestre)<\/strong> \u2022 El Diari de l&#8217;Educaci\u00f3 \u2022 Pau Rodr\u00edguez \u2022<\/p>\n\n\n\n<div class=\"wp-block-image\"><figure class=\"aligncenter\"><img loading=\"lazy\" decoding=\"async\" width=\"1200\" height=\"800\" src=\"http:\/\/fundacioateneusantroc.org\/\/wp-content\/uploads\/joangirona.jpg\" alt=\"joangirona\" class=\"wp-image-10356\" srcset=\"https:\/\/fundacioateneusantroc.org\/wp-content\/uploads\/joangirona.jpg 1200w, https:\/\/fundacioateneusantroc.org\/wp-content\/uploads\/joangirona-300x200.jpg 300w, https:\/\/fundacioateneusantroc.org\/wp-content\/uploads\/joangirona-720x480.jpg 720w, https:\/\/fundacioateneusantroc.org\/wp-content\/uploads\/joangirona-960x640.jpg 960w\" sizes=\"auto, (max-width: 1200px) 100vw, 1200px\" \/><\/figure><\/div>\n\n\n\n<h2 class=\"wp-block-heading\">La pobresa afecta l\u2019educaci\u00f3 dels infants i joves que la pateixen. Hi ha algun dubte d\u2019aix\u00f2?<\/h2>\n\n\n\n<p>Cap. Perqu\u00e8 l\u2019escola t\u00e9 pocs elements per compensar la seva situaci\u00f3. Pot ajudar-los, i intentar que durant les hores lectives aquests nois se sentin en un pla d\u2019igualtat, per\u00f2 l\u2019escola s\u2019acaba i nom\u00e9s n\u2019hi ha la meitat dels dies de l\u2019any. I ja no \u00e9s nom\u00e9s que els alumnes puguin passar gana o no tinguin diners pel material escolar, que \u00e9s grav\u00edssim, \u00e9s que s\u2019hi afegeixen altres conseq\u00fc\u00e8ncies, com la pobresa afectiva o emocional: els adolescents que a casa no els poden estimar prou perqu\u00e8 els pares estan desbordats de problemes i que arriben a l\u2019escola amb l\u2019autoestima per terra. Aquest des\u00e0nim els fa rendir menys, encara que tinguin m\u00e9s capacitats que altres.<\/p>\n\n\n\n<h2 class=\"wp-block-heading\">Quin marge t\u00e9 l\u2019escola per eliminar aquestes desigualtats que porten de casa els alumnes?<\/h2>\n\n\n\n<p>La classe social et condiciona i poc hi podem fer des de les classes. S\u00ed que hi ha d\u2019haver unes garanties b\u00e0siques: si la criatura no ha menjat prou, aix\u00f2 s\u2019ha d\u2019atendre. I s\u2019ha de buscar la manera i pressionar perqu\u00e8 se li doni una beca o que rebi ajudes d\u2019alguna entitat privada o banc d\u2019aliments. Despr\u00e9s, \u00e9s fonamental que el centre faci activitats que no discriminin per motius econ\u00f2mics, sin\u00f3 que incloguin tothom.<\/p>\n\n\n\n<p>&gt;&gt;Llegir m\u00e9s a <a href=\"http:\/\/diarieducacio.cat\/joan-girona-la-classe-social-condiciona-poc-hi-podem-fer-des-de-lescola\/\" target=\"_blank\" rel=\"noopener noreferrer\">http:\/\/diarieducacio.cat\/joan-girona-la-classe-social-condiciona-poc-hi-podem-fer-des-de-lescola\/<\/a><\/p>\n","protected":false},"excerpt":{"rendered":"<p>\u2022 Entrevista a Joan Girona (mestre) \u2022 El Diari de l&#8217;Educaci\u00f3 \u2022 Pau Rodr\u00edguez \u2022 La [&hellip;]<\/p>\n","protected":false},"author":2,"featured_media":10361,"comment_status":"open","ping_status":"open","sticky":false,"template":"","format":"standard","meta":{"footnotes":""},"categories":[646],"tags":[882,649],"class_list":["post-29859","post","type-post","status-publish","format-standard","has-post-thumbnail","hentry","category-articles-dinteres","tag-article","tag-pedagogia"],"_links":{"self":[{"href":"https:\/\/fundacioateneusantroc.org\/es\/wp-json\/wp\/v2\/posts\/29859","targetHints":{"allow":["GET"]}}],"collection":[{"href":"https:\/\/fundacioateneusantroc.org\/es\/wp-json\/wp\/v2\/posts"}],"about":[{"href":"https:\/\/fundacioateneusantroc.org\/es\/wp-json\/wp\/v2\/types\/post"}],"author":[{"embeddable":true,"href":"https:\/\/fundacioateneusantroc.org\/es\/wp-json\/wp\/v2\/users\/2"}],"replies":[{"embeddable":true,"href":"https:\/\/fundacioateneusantroc.org\/es\/wp-json\/wp\/v2\/comments?post=29859"}],"version-history":[{"count":2,"href":"https:\/\/fundacioateneusantroc.org\/es\/wp-json\/wp\/v2\/posts\/29859\/revisions"}],"predecessor-version":[{"id":54544,"href":"https:\/\/fundacioateneusantroc.org\/es\/wp-json\/wp\/v2\/posts\/29859\/revisions\/54544"}],"wp:featuredmedia":[{"embeddable":true,"href":"https:\/\/fundacioateneusantroc.org\/es\/wp-json\/wp\/v2\/media\/10361"}],"wp:attachment":[{"href":"https:\/\/fundacioateneusantroc.org\/es\/wp-json\/wp\/v2\/media?parent=29859"}],"wp:term":[{"taxonomy":"category","embeddable":true,"href":"https:\/\/fundacioateneusantroc.org\/es\/wp-json\/wp\/v2\/categories?post=29859"},{"taxonomy":"post_tag","embeddable":true,"href":"https:\/\/fundacioateneusantroc.org\/es\/wp-json\/wp\/v2\/tags?post=29859"}],"curies":[{"name":"wp","href":"https:\/\/api.w.org\/{rel}","templated":true}]}}