{"id":29907,"date":"2015-06-08T00:00:00","date_gmt":"2015-06-07T22:00:00","guid":{"rendered":"http:\/\/fundacioateneusantroc.org\/els-joves-premiats-al-festival-bcnzoom\/"},"modified":"2023-07-14T12:26:57","modified_gmt":"2023-07-14T10:26:57","slug":"els-joves-premiats-al-festival-bcnzoom","status":"publish","type":"post","link":"https:\/\/fundacioateneusantroc.org\/es\/els-joves-premiats-al-festival-bcnzoom\/","title":{"rendered":"Els Joves premiats al Festival BCNZOOM"},"content":{"rendered":"<p>\u00c8xit del curt de Joves <strong>&#8220;Ateleneu, el canal del futur&#8221;<\/strong>, guanyador en la categoria adolescents, del Festival BCN ZOOM .<\/p>\n<p><a href=\"http:\/\/fundacioateneusantroc.org\/\/wp-content\/uploads\/zoom4.jpg\"><img loading=\"lazy\" decoding=\"async\" class=\"alignnone size-full wp-image-12245\" src=\"http:\/\/fundacioateneusantroc.org\/\/wp-content\/uploads\/zoom4.jpg\" alt=\"zoom4\" width=\"720\" height=\"259\" \/><\/a><\/p>\n<p>El BcnZoom \u00e9s un festival de curtmetratge social que realitzen conjuntament el Casal dels Infants i el Consell Joventut de Barcelona. El Festival vol promoure la creaci\u00f3 art\u00edstica en l\u2019\u00e0mbit audiovisual, del jovent vinculat a entitats socials i educatives.<\/p>\n<p>Aquest concurs, est\u00e0 vinculat al TanjaZoom, festival de curtmetratge social que es realitza a T\u00e0nger i que tamb\u00e9 posa en valor la tasca educativa, social i cultural que realitzen associacions juvenils del barri de Beni Makada.<\/p>\n<p>Aquesta iniciativa pret\u00e9n donar suport a iniciatives i activitats que milloren les compet\u00e8ncies i la participaci\u00f3 del jovent i que alhora sensibilitzen el seu entorn, a partir de reflectir i expressar la seva realitat, incrementant la seva visibilitat.<\/p>\n<p>Aqu\u00ed us deixem aquesta bona feina. Felicitats!<\/p>\n<p><iframe loading=\"lazy\" title=\"aTELEneu \u2022 Festival BCN ZOOM\" width=\"500\" height=\"375\" src=\"https:\/\/www.youtube.com\/embed\/XIcCyZf8Bm4?feature=oembed\" frameborder=\"0\" allow=\"accelerometer; autoplay; clipboard-write; encrypted-media; gyroscope; picture-in-picture; web-share\" referrerpolicy=\"strict-origin-when-cross-origin\" allowfullscreen><\/iframe><\/p>\n<p><em>8 de juny de 2015<\/em><\/p>\n","protected":false},"excerpt":{"rendered":"<p>\u00c8xit del curt de Joves &#8220;Ateleneu, el canal del futur&#8221;, guanyador en la categoria adolescents, del [&hellip;]<\/p>\n","protected":false},"author":2,"featured_media":12242,"comment_status":"open","ping_status":"open","sticky":false,"template":"","format":"standard","meta":{"footnotes":""},"categories":[1],"tags":[41,50,146,192],"class_list":["post-29907","post","type-post","status-publish","format-standard","has-post-thumbnail","hentry","category-actualitat","tag-cohesio-social","tag-joves","tag-premi","tag-video"],"_links":{"self":[{"href":"https:\/\/fundacioateneusantroc.org\/es\/wp-json\/wp\/v2\/posts\/29907","targetHints":{"allow":["GET"]}}],"collection":[{"href":"https:\/\/fundacioateneusantroc.org\/es\/wp-json\/wp\/v2\/posts"}],"about":[{"href":"https:\/\/fundacioateneusantroc.org\/es\/wp-json\/wp\/v2\/types\/post"}],"author":[{"embeddable":true,"href":"https:\/\/fundacioateneusantroc.org\/es\/wp-json\/wp\/v2\/users\/2"}],"replies":[{"embeddable":true,"href":"https:\/\/fundacioateneusantroc.org\/es\/wp-json\/wp\/v2\/comments?post=29907"}],"version-history":[{"count":1,"href":"https:\/\/fundacioateneusantroc.org\/es\/wp-json\/wp\/v2\/posts\/29907\/revisions"}],"predecessor-version":[{"id":40384,"href":"https:\/\/fundacioateneusantroc.org\/es\/wp-json\/wp\/v2\/posts\/29907\/revisions\/40384"}],"wp:featuredmedia":[{"embeddable":true,"href":"https:\/\/fundacioateneusantroc.org\/es\/wp-json\/wp\/v2\/media\/12242"}],"wp:attachment":[{"href":"https:\/\/fundacioateneusantroc.org\/es\/wp-json\/wp\/v2\/media?parent=29907"}],"wp:term":[{"taxonomy":"category","embeddable":true,"href":"https:\/\/fundacioateneusantroc.org\/es\/wp-json\/wp\/v2\/categories?post=29907"},{"taxonomy":"post_tag","embeddable":true,"href":"https:\/\/fundacioateneusantroc.org\/es\/wp-json\/wp\/v2\/tags?post=29907"}],"curies":[{"name":"wp","href":"https:\/\/api.w.org\/{rel}","templated":true}]}}