{"id":29916,"date":"2015-08-05T00:00:00","date_gmt":"2015-08-04T22:00:00","guid":{"rendered":"http:\/\/fundacioateneusantroc.org\/no-existeix-la-minoria-educativa\/"},"modified":"2023-07-14T12:26:44","modified_gmt":"2023-07-14T10:26:44","slug":"no-existeix-la-minoria-educativa","status":"publish","type":"post","link":"https:\/\/fundacioateneusantroc.org\/es\/no-existeix-la-minoria-educativa\/","title":{"rendered":"No existeix la \u2018minoria\u2019 educativa"},"content":{"rendered":"\n<p><strong>L&#8217;explorador reprimit \u2022<\/strong>\u00a0<a href=\"http:\/\/www.ara.cat\/suplements\/criatures\/No-existeix-minoria-educativa_0_1379262070.html\" target=\"_blank\" rel=\"noreferrer noopener\">Diari Ara<\/a>\u00a0\u2022 Jaume Funes \u2022<\/p>\n\n\n\n<p>Els primers dies de juny, just quan el Bar\u00e7a ho guanyava tot, uns adolescents agredien una persona sense sostre en un barri de la capital. Enmig d\u2019informacions gaireb\u00e9 m\u00e9s de jutjat de gu\u00e0rdia que el mateix fet que relataven, <strong>els periodistes deixaven anar la \u201cpreocupaci\u00f3\u201d perqu\u00e8 dos dels implicats fossin inimputables. <\/strong>Encara no tenien 14 anys. Feia un mes de la mort escolar en qu\u00e8 el noi causant tampoc arribava a aquesta edat i encara no havien desaparegut els laments per no poder posar en marxa la maquin\u00e0ria penal. Altre cop la inimputabilitat!<\/p>\n\n\n\n<p>\u00c9s ben curiosa la fixaci\u00f3 d\u2019una part de la societat per identificar responsabilitat amb sanci\u00f3 penal. Per a ells, sempre que un adolescent est\u00e0 implicat en un fet greu ha d\u2019arribar el c\u00e0stig de la m\u00e0 d\u2019un jutge. S\u2019oblida amb facilitat que l\u2019edat establerta perqu\u00e8 entri en escena l\u2019aparell judicial ha de ser tan tardana com sigui possible (\u00e9s una dada que mesura la capacitat d\u2019espera d\u2019una societat), ja que sempre genera m\u00e9s danys que beneficis. Simplement: el m\u00f3n penal no pinta res en els primers temps de la vida. Alhora, s\u2019oblida que estem obligats a donar respostes que ajudin el noi o la noia a responsabilitzar-se de la seva conducta. Respostes que, d\u2019acord amb el moment que viuen, els serveixin per pensar en ells mateixos i descobrir els efectes de les seves accions en unes altres persones.<\/p>\n\n\n\n<h2 class=\"wp-block-heading\">Formes d&#8217;educar<\/h2>\n\n\n\n<p>Els dotze, tretze, catorze anys s\u00f3n de descobriment, immersi\u00f3, construcci\u00f3 inicial de l\u2019adolesc\u00e8ncia. El debat no \u00e9s sobre quan els podem tancar sin\u00f3 sobre quines s\u00f3n les formes d\u2019educar que, a casa, a l\u2019escola, als recursos juvenils, als esports o al carrer, garantim, o posem en marxa si no existeixen, perqu\u00e8 cap adolescent senti que est\u00e0 sol al m\u00f3n o pensi que tot el m\u00f3n passa per ell.<\/p>\n\n\n\n<p>No existeix la <em>minoria<\/em> educativa. <strong>Tots els nois i noies tenen dret a rebre respostes que els ajudin a esdevenir responsables.<\/strong> Agredir una persona que viu al carrer el primer que ens indica \u00e9s que alguns ciutadans no la consideren persona i que destruir-la serveix per divertir-se i sentir-se important. Destruir quan no se suporta el dolor vital ens recorda que alguns no tenen lloc on ser escoltats, que poden esdevenir alienats si no poden ser responsables. Celebrar vict\u00f2ries armant-la ens recorda que aix\u00f2 del futbol, tamb\u00e9 en clau educativa, \u00e9s m\u00e9s que un club. Per qu\u00e8 sempre que no <em>podem<\/em> amb els adolescents cerquem un jutge?<\/p>\n","protected":false},"excerpt":{"rendered":"<p>L&#8217;explorador reprimit \u2022\u00a0Diari Ara\u00a0\u2022 Jaume Funes \u2022 Els primers dies de juny, just quan el Bar\u00e7a [&hellip;]<\/p>\n","protected":false},"author":2,"featured_media":12670,"comment_status":"open","ping_status":"open","sticky":false,"template":"","format":"standard","meta":{"footnotes":""},"categories":[646],"tags":[],"class_list":["post-29916","post","type-post","status-publish","format-standard","has-post-thumbnail","hentry","category-articles-dinteres"],"_links":{"self":[{"href":"https:\/\/fundacioateneusantroc.org\/es\/wp-json\/wp\/v2\/posts\/29916","targetHints":{"allow":["GET"]}}],"collection":[{"href":"https:\/\/fundacioateneusantroc.org\/es\/wp-json\/wp\/v2\/posts"}],"about":[{"href":"https:\/\/fundacioateneusantroc.org\/es\/wp-json\/wp\/v2\/types\/post"}],"author":[{"embeddable":true,"href":"https:\/\/fundacioateneusantroc.org\/es\/wp-json\/wp\/v2\/users\/2"}],"replies":[{"embeddable":true,"href":"https:\/\/fundacioateneusantroc.org\/es\/wp-json\/wp\/v2\/comments?post=29916"}],"version-history":[{"count":3,"href":"https:\/\/fundacioateneusantroc.org\/es\/wp-json\/wp\/v2\/posts\/29916\/revisions"}],"predecessor-version":[{"id":54543,"href":"https:\/\/fundacioateneusantroc.org\/es\/wp-json\/wp\/v2\/posts\/29916\/revisions\/54543"}],"wp:featuredmedia":[{"embeddable":true,"href":"https:\/\/fundacioateneusantroc.org\/es\/wp-json\/wp\/v2\/media\/12670"}],"wp:attachment":[{"href":"https:\/\/fundacioateneusantroc.org\/es\/wp-json\/wp\/v2\/media?parent=29916"}],"wp:term":[{"taxonomy":"category","embeddable":true,"href":"https:\/\/fundacioateneusantroc.org\/es\/wp-json\/wp\/v2\/categories?post=29916"},{"taxonomy":"post_tag","embeddable":true,"href":"https:\/\/fundacioateneusantroc.org\/es\/wp-json\/wp\/v2\/tags?post=29916"}],"curies":[{"name":"wp","href":"https:\/\/api.w.org\/{rel}","templated":true}]}}