{"id":29943,"date":"2015-10-13T00:00:00","date_gmt":"2015-10-12T22:00:00","guid":{"rendered":"http:\/\/fundacioateneusantroc.org\/estar-a-sant-roc-ens-ajuda-a-veure-quina-es-la-realitat-social-del-barri\/"},"modified":"2023-07-14T12:26:42","modified_gmt":"2023-07-14T10:26:42","slug":"estar-a-sant-roc-ens-ajuda-a-veure-quina-es-la-realitat-social-del-barri","status":"publish","type":"post","link":"https:\/\/fundacioateneusantroc.org\/es\/estar-a-sant-roc-ens-ajuda-a-veure-quina-es-la-realitat-social-del-barri\/","title":{"rendered":"Estar a Sant Roc ens ajuda a veure quina \u00e9s la realitat social del barri"},"content":{"rendered":"\n<p><strong>Entrevista a Salvador Pons<\/strong>\u00a0\u2022 Diari de Badalona\u00a0\u2022 Javier Torres \u2022 22\/09\/2015<\/p>\n\n\n\n<p>Parlem amb el conseller general manager del grup farmac\u00e8utic Menarini Espanya, amb seu al barri de Sant Roc, Salvador Pons. La companyia organitza un concert solidari, el proper 15 d\u2019octubre, en favor de l\u2019Ateneu Sant Roc, C\u00e1ritas i l\u2019Institut d\u2019Investigaci\u00f3 Germans Trias i Pujol.<\/p>\n\n\n\n<hr class=\"wp-block-separator\"\/>\n\n\n\n<h2 class=\"wp-block-heading\">Perqu\u00e8 Menarini decideix apostar per un acte com aquest en particular?<\/h2>\n\n\n\n<p>Tinc la sort de pert\u00e0nyer com a voluntari a la comissi\u00f3 econ\u00f2mica de l\u2019Ateneu Sant Roc. Moltes entitats, sobretot p\u00fabliques, han deixat de fer aportacions que feien en el passat i hi ha manca de pressupost. A partir d\u2019aqu\u00ed, pensem que era necessari fer un acte per recaptar fons, per\u00f2 tamb\u00e9 per donar a con\u00e8ixer qu\u00e8 estan fent aquestes entitats a Badalona. Un concert de gospel, a m\u00e9s, lliga amb aquest esperit de treballar en equip, de solidaritat.<\/p>\n\n\n\n<h2 class=\"wp-block-heading\">Ja coneixien als artistes del concert, a l\u2019Erwyn Seerutton?<\/h2>\n\n\n\n<p>Coneixem una persona que canta en un grup de gospel, la vam anar a veure i ella va trucar a l\u2019Erwyn, que es va engrescar. Va venir a fer una visita a l\u2019Ateneu i va quedar impactat favorablement. A partir d\u2019aqu\u00ed va comen\u00e7ar tot.<\/p>\n\n\n\n<h2 class=\"wp-block-heading\">Aquest \u00e9s un esdeveniment especial, per\u00f2 habitualment ja col\u00b7laboren amb entitats del territori.<\/h2>\n\n\n\n<p>Menarini t\u00e9 una orientaci\u00f3 bastant social, ens impliquem amb els problemes del nostre entorn. Estar f\u00edsicament ubicats a Sant Roc fa que, en el nostre dia a dia, quan sortim a fer un caf\u00e8, agafar el metro o el cotxe, vegem quina \u00e9s la situaci\u00f3 del barri. Hist\u00f2ricament sempre hem col\u00b7laborat amb la Fundaci\u00f3 Ateneu Sant Roc, per\u00f2 tamb\u00e9 amb el centre residencial M\u00aa Assumpta, C\u00e0ritas i l\u2019Institut d\u2019Investigaci\u00f3 de Can Ruti (IGTP). Tamb\u00e9 fora d\u2019Espanya: a Guatemala, per exemple, hem participat en la construcci\u00f3 d\u2019una cl\u00ednica, i intentem col\u00b7laborar en les situacions d\u2019emerg\u00e8ncia. Despr\u00e9s del terratr\u00e8mol del Nepal vam enviar una gran quantitat de medicaments a trav\u00e9s de Metges Sense Fronteres.<\/p>\n\n\n\n<h2 class=\"wp-block-heading\">De quina forma participa Menarini amb elles?<\/h2>\n\n\n\n<p>Amb l\u2019Ateneu col\u00b7laborem econ\u00f2micament per\u00f2 tamb\u00e9 a nivell personal, com a voluntaris en \u00e0rees en les que podem ajudar, en dos projectes : per a la integraci\u00f3 de mares i per a la higiene dels nens. Amb C\u00e0ritas, amb el projecte Folre. Ara, amb l\u2019IGTP, crec que formem el triangle perfecte: \u00e9s el paraig\u00fces d\u201911 entitats que investiguen en diferents \u00e0rees m\u00e8diques. Ells tamb\u00e9 treballen per al benestar de les persones des d\u2019un altre punt de vista.<\/p>\n\n\n\n<h2 class=\"wp-block-heading\">Com a conseller, se sent especialment orgull\u00f3s d\u2019alguna acci\u00f3 en concret?<\/h2>\n\n\n\n<p>La meva responsabilitat com a representat de l\u2019empresa i les meves accions a nivell personal s\u00f3n q\u00fcestions diferenciades, per\u00f2 s\u00ed em sento orgull\u00f3s de pert\u00e0nyer a l\u2019Ateneu i ara, per exemple, posar en marxa la iniciativa del concert. La tasca individual i l\u2019objectiu \u00e9s que tothom percebi la responsabilitat social com quelcom proper i que tothom pot aportar-hi. Quan desenvolupes una tasca de voluntariat, sempre acabes rebent molt m\u00e9s del que dones.<\/p>\n\n\n\n<h2 class=\"wp-block-heading\">La col\u00b7laboraci\u00f3 del sector privat amb entitats i institucions com l\u2019IGPT sempre \u00e9s necess\u00e0ria o creu que ho hauria d\u2019assumir l\u2019Administraci\u00f3?<\/h2>\n\n\n\n<p>Sempre hi ha hagut col\u00b7laboraci\u00f3 per part de l\u2019empresa privada. Per\u00f2 en una situaci\u00f3 de dificultat econ\u00f2mica ha de ser m\u00e9s rellevant. Hem de pal\u00b7liar les retallades de l\u2019administraci\u00f3. En el nostre cas, per exemple, si estem en una situaci\u00f3 favorable l\u2019hem de compartir amb la resta i tornar a la societat all\u00f2 que ens d\u00f3na. D\u2019altra banda, s\u00f3c partidari de que l\u2019administraci\u00f3 ha de fer tots els esfor\u00e7os que siguin necessaris i nosaltres complementar-ho. En qualsevol cas, s\u2019han d\u2019evitar les desigualtats socials i el sector privat t\u00e9 un paper cabdal en aquest objectiu. I crec que l\u2019empresariat cada cop t\u00e9 m\u00e9s assimilada aquesta responsabilitat.<\/p>\n\n\n\n<h2 class=\"wp-block-heading\">Creu que Badalona sap que t\u00e9 al seu terme municipal un grup tant potent com Menarini?<\/h2>\n\n\n\n<p>No ho crec. Sempre hem tingut un perfil de comunicaci\u00f3 molt baix. \u00c9s ara quan ens donem a con\u00e8ixer m\u00e9s. No se sap que tenim seu a Badalona, que hi portem 40 anys. Tenim 700 empleats a tota Espanya. Menarini t\u00e9 a Sant Roc la central de tot el pa\u00eds i tamb\u00e9 de Llatinoam\u00e8rica, on ens estem expandint cada cop m\u00e9s. La dimensi\u00f3 de la companyia no es coneix a la ciutat. Per aix\u00f2 tamb\u00e9 pensem que, sent coherents amb la nostra dimensi\u00f3, hem de de donar suport a Badalona, a nivell social i perqu\u00e8 el municipi sigui un referent de ci\u00e8ncia.<\/p>\n\n\n\n<h2 class=\"wp-block-heading\">I tamb\u00e9 s\u00f3n un motor d\u2019ocupaci\u00f3.<\/h2>\n\n\n\n<p>Hi ha molta gent de Badalona, fills de la ciutat, fins i tot segones generacions de treballadors. Som unes 400 persones a la plantilla i una gran part s\u00f3n d\u2019aqu\u00ed.<\/p>\n\n\n\n<h2 class=\"wp-block-heading\">Menarini es planteja refor\u00e7ar els seus lla\u00e7os amb Can Ruti.<\/h2>\n\n\n\n<p>Som la companyia m\u00e9s gran de Badalona i tamb\u00e9 la m\u00e9s puntera dins el sector sanitari i aix\u00f2 suposa certa responsabilitat dins del sector. Tenim una potent \u00e0rea d\u2019investigaci\u00f3 d\u2019oncologia, en la que estem fent avan\u00e7os importants. Som un dels cinc centres d\u2019I+D m\u00e9s importants de Menarini arreu del m\u00f3n i, en cas que la companyia decideixi invertir una quantitat de milions d\u2019euros per a una investigaci\u00f3 concreta, nosaltres rebr\u00edem prop del 20%. En aquest sentit, nosaltres pretenem donar-li prefer\u00e8ncia a Can Ruti, que \u00e9s un centre de refer\u00e8ncia no nom\u00e9s a nivell estatal, sin\u00f3 tamb\u00e9 europeu. Hem de fer un esfor\u00e7 per apropar-nos a Can Ruti i col\u00b7laborar-hi estretament.<\/p>\n\n\n\n<h2 class=\"wp-block-heading\">A quin nivell juga la companyia dins el m\u00f3n farmac\u00e8utic?<\/h2>\n\n\n\n<p>Som una companyia privada, no cotitzem en borsa. Dins d\u2019aquest grup, a nivell mundial som la primera o la segona companyia privada. Dins del r\u00e0nquing total, deurem estar en la posici\u00f3 15a tant a Europa com arreu del m\u00f3n, amb uns 15.000 treballadors. Som una empresa mitjana-gran, per darrera de les anomenades \u2018big-pharma\u2019, grans grups americans i europeus que s\u2019han anat fusionant. Tenim quatre grans seus arreu del m\u00f3n: Singapur, Berl\u00edn, Flor\u00e8ncia i Badalona. Cadascuna gestiona la seva zona d\u2019influ\u00e8ncia, que s\u2019est\u00e9n per tot el territori. A Espanya tenim 25 direccions regionals, per exemple.<\/p>\n\n\n\n<h2 class=\"wp-block-heading\">Qu\u00e8 fabrica exactament Menarini?<\/h2>\n\n\n\n<p>Desenvolupem dues l\u00ednies de medicaments. D\u2019una banda, els productes \u00e8tics, aquells que requereixen prescripci\u00f3, dels que nom\u00e9s podem fer promoci\u00f3 directament al personal sanitari. Dins d\u2019aquest grup es troba el nostre producte estrella: un analg\u00e8sic descobert, desenvolupat i fabricat a Badalona. Un producte badalon\u00ed, del que surten milions d\u2019unitats des de Sant Roc i es distribueixen arreu del m\u00f3n. Despr\u00e9s, des de fa cosa d\u2019un any, fabriquem d\u2019altres que s\u00ed es poden vendre sense recepta i que s\u00ed que es poden publicitar; \u00e9s un producte que estem desenvolupant poc a poc i que comen\u00e7a a tenir cos.<\/p>\n\n\n\n<h2 class=\"wp-block-heading\">Per qu\u00e8 s\u2019instal\u00b7l\u00e0 Menarini a Badalona?<\/h2>\n\n\n\n<p>En el seu moment, vam decidir venir des de Barcelona per possibilitat d\u2019expansi\u00f3 industrial; la ciutat reunia les condicions adients i hi havia s\u00f2l. Tenim espai per continuar creixent, a m\u00e9s. Jo era petit! Per\u00f2 tamb\u00e9 hauria pres aquesta decisi\u00f3 i la tornaria a prendre, estem molt c\u00f2modes a la ciutat i cada dia tenim m\u00e9s vinculaci\u00f3.<\/p>\n\n\n\n<h2 class=\"wp-block-heading\">La vinculaci\u00f3 a la ciutat est\u00e0 assegurada durant molts anys?<\/h2>\n\n\n\n<p>Volem continuar desenvolupant la part de col\u00b7laboraci\u00f3 social i estem en contacte amb entitats per crear noves sin\u00e8rgies. En termes industrials volem estar aqu\u00ed molts anys. Particularment, m\u2019agradaria jubilar-me a Badalona. Sempre hi ha hagut un gran enteniment, amb la societat i les autoritats. Volem continuar expandint-nos a la ciutat de Badalona.<\/p>\n\n\n\n<h2 class=\"wp-block-heading\">Teniu alguna previsi\u00f3 pel que fa a la recaptaci\u00f3 del concert?<\/h2>\n\n\n\n<p>Si aconseguim omplir l\u2019Auditori, els 1.800 seients, a 15 euros cadascuna, suposar\u00e0 una bona recaptaci\u00f3. A banda, comptem amb moltes donacions que esperem que s\u2019incrementin aquests dies i amb un nombre de col\u00b7laboradors que sempre est\u00e0 obert a continuar pujant.<\/p>\n\n\n\n<p>&gt;&gt;Veure a&nbsp;http:\/\/www.diaridebadalona.com\/%E2%80%9Cestar-sant-roc-ens-ajuda-veure-quina-%C3%A9s-la-realitat-social-del-barri%E2%80%9D<\/p>\n","protected":false},"excerpt":{"rendered":"<p>Entrevista a Salvador Pons\u00a0\u2022 Diari de Badalona\u00a0\u2022 Javier Torres \u2022 22\/09\/2015 Parlem amb el conseller general [&hellip;]<\/p>\n","protected":false},"author":2,"featured_media":13515,"comment_status":"open","ping_status":"open","sticky":false,"template":"","format":"standard","meta":{"footnotes":""},"categories":[646],"tags":[37,127,125],"class_list":["post-29943","post","type-post","status-publish","format-standard","has-post-thumbnail","hentry","category-articles-dinteres","tag-concert","tag-menarini","tag-solidaritat"],"_links":{"self":[{"href":"https:\/\/fundacioateneusantroc.org\/es\/wp-json\/wp\/v2\/posts\/29943","targetHints":{"allow":["GET"]}}],"collection":[{"href":"https:\/\/fundacioateneusantroc.org\/es\/wp-json\/wp\/v2\/posts"}],"about":[{"href":"https:\/\/fundacioateneusantroc.org\/es\/wp-json\/wp\/v2\/types\/post"}],"author":[{"embeddable":true,"href":"https:\/\/fundacioateneusantroc.org\/es\/wp-json\/wp\/v2\/users\/2"}],"replies":[{"embeddable":true,"href":"https:\/\/fundacioateneusantroc.org\/es\/wp-json\/wp\/v2\/comments?post=29943"}],"version-history":[{"count":4,"href":"https:\/\/fundacioateneusantroc.org\/es\/wp-json\/wp\/v2\/posts\/29943\/revisions"}],"predecessor-version":[{"id":54541,"href":"https:\/\/fundacioateneusantroc.org\/es\/wp-json\/wp\/v2\/posts\/29943\/revisions\/54541"}],"wp:featuredmedia":[{"embeddable":true,"href":"https:\/\/fundacioateneusantroc.org\/es\/wp-json\/wp\/v2\/media\/13515"}],"wp:attachment":[{"href":"https:\/\/fundacioateneusantroc.org\/es\/wp-json\/wp\/v2\/media?parent=29943"}],"wp:term":[{"taxonomy":"category","embeddable":true,"href":"https:\/\/fundacioateneusantroc.org\/es\/wp-json\/wp\/v2\/categories?post=29943"},{"taxonomy":"post_tag","embeddable":true,"href":"https:\/\/fundacioateneusantroc.org\/es\/wp-json\/wp\/v2\/tags?post=29943"}],"curies":[{"name":"wp","href":"https:\/\/api.w.org\/{rel}","templated":true}]}}