{"id":29957,"date":"2015-11-21T00:00:00","date_gmt":"2015-11-20T23:00:00","guid":{"rendered":"http:\/\/fundacioateneusantroc.org\/el-grup-de-teatre-lapsus-a-la-1a-trobada-dartistes-a-badalona\/"},"modified":"2023-07-14T12:26:37","modified_gmt":"2023-07-14T10:26:37","slug":"el-grup-de-teatre-lapsus-a-la-1a-trobada-dartistes-a-badalona","status":"publish","type":"post","link":"https:\/\/fundacioateneusantroc.org\/es\/el-grup-de-teatre-lapsus-a-la-1a-trobada-dartistes-a-badalona\/","title":{"rendered":"El grup de teatre Lapsus a la 1a Trobada d&#8217;artistes a Badalona"},"content":{"rendered":"<p>El grup de teatre Lapsus de la Fundaci\u00f3 Ateneu Sant Roc ultima detalls per la restrena de l&#8217;obra Seguimos vivos d&#8217;\u00d2scar Segura.<\/p>\n<p><strong>El \u00a0proper dissabte 21 de novembre a les 20 h<\/strong> podem veure de nou aquesta sorprenent obra de teatre dintre del calendari d&#8217;activitats d&#8217;<strong>ARTIS CoPa<\/strong>, juntament amb l&#8217;exposici\u00f3 de 3 arpilleres\u00a0de Manoli Garcia del grup d&#8217;arpilleres de l&#8217;Ateneu.<\/p>\n<p>[half class=&#8221;&#8221;]<\/p>\n<p><img decoding=\"async\" class=\" wp-image-14032 alignleft\" src=\"http:\/\/fundacioateneusantroc.org\/\/wp-content\/uploads\/TEATRO-seguimos-vivos.jpg\" alt=\"TEATRO-seguimos-vivos\" width=\"300\" height=\"auto\" \/>[\/half] [half_last class=&#8221;&#8221;]<\/p>\n<p><img decoding=\"async\" class=\"alignnone wp-image-14035\" src=\"http:\/\/fundacioateneusantroc.org\/\/wp-content\/uploads\/PASO-2.jpg\" alt=\"PASO-2\" width=\"300\" height=\"auto\" srcset=\"https:\/\/fundacioateneusantroc.org\/wp-content\/uploads\/PASO-2.jpg 600w, https:\/\/fundacioateneusantroc.org\/wp-content\/uploads\/PASO-2-150x150.jpg 150w\" sizes=\"(max-width: 600px) 100vw, 600px\" \/>[\/half_last]<\/p>\n<p><strong>ARTIS CoPa<\/strong> \u00e9s una trobada d\u2019artistes de Badalona que tindr\u00e0 lloc<strong>\u00a0al Centre Cultural l\u2019Escorxador \u2013 Nau 3.<\/strong>\u00a0Durant aquesta jornada, l\u2019associaci\u00f3 Comuna Parad\u00eds ha programat actuacions musicals, de teatre, exposicions art\u00edstiques, tallers i masterclass per apropar el m\u00f3n de l\u2019art a la poblaci\u00f3. Han convidat a companyies de teatre amateur de la ciutat, creadors i artistes de diferents disciplines.<\/p>\n<p><em>21 de novembre de 2015<\/em><\/p>\n","protected":false},"excerpt":{"rendered":"<p>El grup de teatre Lapsus de la Fundaci\u00f3 Ateneu Sant Roc ultima detalls per la restrena [&hellip;]<\/p>\n","protected":false},"author":2,"featured_media":14026,"comment_status":"open","ping_status":"open","sticky":false,"template":"","format":"standard","meta":{"footnotes":""},"categories":[787],"tags":[28,129,10],"class_list":["post-29957","post","type-post","status-publish","format-standard","has-post-thumbnail","hentry","category-les-arpilleres","tag-arpilleras","tag-grup-lapsus","tag-teatre"],"_links":{"self":[{"href":"https:\/\/fundacioateneusantroc.org\/es\/wp-json\/wp\/v2\/posts\/29957","targetHints":{"allow":["GET"]}}],"collection":[{"href":"https:\/\/fundacioateneusantroc.org\/es\/wp-json\/wp\/v2\/posts"}],"about":[{"href":"https:\/\/fundacioateneusantroc.org\/es\/wp-json\/wp\/v2\/types\/post"}],"author":[{"embeddable":true,"href":"https:\/\/fundacioateneusantroc.org\/es\/wp-json\/wp\/v2\/users\/2"}],"replies":[{"embeddable":true,"href":"https:\/\/fundacioateneusantroc.org\/es\/wp-json\/wp\/v2\/comments?post=29957"}],"version-history":[{"count":1,"href":"https:\/\/fundacioateneusantroc.org\/es\/wp-json\/wp\/v2\/posts\/29957\/revisions"}],"predecessor-version":[{"id":40622,"href":"https:\/\/fundacioateneusantroc.org\/es\/wp-json\/wp\/v2\/posts\/29957\/revisions\/40622"}],"wp:featuredmedia":[{"embeddable":true,"href":"https:\/\/fundacioateneusantroc.org\/es\/wp-json\/wp\/v2\/media\/14026"}],"wp:attachment":[{"href":"https:\/\/fundacioateneusantroc.org\/es\/wp-json\/wp\/v2\/media?parent=29957"}],"wp:term":[{"taxonomy":"category","embeddable":true,"href":"https:\/\/fundacioateneusantroc.org\/es\/wp-json\/wp\/v2\/categories?post=29957"},{"taxonomy":"post_tag","embeddable":true,"href":"https:\/\/fundacioateneusantroc.org\/es\/wp-json\/wp\/v2\/tags?post=29957"}],"curies":[{"name":"wp","href":"https:\/\/api.w.org\/{rel}","templated":true}]}}