{"id":29996,"date":"2016-04-10T00:00:00","date_gmt":"2016-04-09T22:00:00","guid":{"rendered":"http:\/\/fundacioateneusantroc.org\/voluntarias-espanolas-en-grecia-nunca-esperamos-encontrarnos-una-situacion-asi-en-suelo-europeo\/"},"modified":"2023-07-14T12:26:16","modified_gmt":"2023-07-14T10:26:16","slug":"voluntarias-espanolas-en-grecia-nunca-esperamos-encontrarnos-una-situacion-asi-en-suelo-europeo","status":"publish","type":"post","link":"https:\/\/fundacioateneusantroc.org\/es\/voluntarias-espanolas-en-grecia-nunca-esperamos-encontrarnos-una-situacion-asi-en-suelo-europeo\/","title":{"rendered":"Voluntarias espa\u00f1olas en Grecia: \u201cNunca esperamos encontrarnos una situaci\u00f3n as\u00ed en suelo europeo\u201d"},"content":{"rendered":"\n<p><strong>\u2022 Maria Sabiote<\/strong><strong> y&nbsp;M\u00f3nica Hidalgo&nbsp;\u2022<\/strong>&nbsp;infoLibre&nbsp;\u2022 Elena Herrera&nbsp;\u2022<\/p>\n\n\n\n<p>Una profesora y una farmac\u00e9utica que estuvieron colaborando como voluntarias en el puerto ateniense de El Pireo relatan su experiencia&nbsp;a infoLibre.<\/p>\n\n\n\n<p>M\u00e1s de 5.300 refugiados&nbsp;llevan semanas viviendo en condiciones p\u00e9simas en la instalaci\u00f3n portuaria ateniense<\/p>\n\n\n\n<p>&#8220;La sensaci\u00f3n era la de una&nbsp;<strong>incredulidad permanente,<\/strong>&nbsp;imaginaba que iba a encontrarme con una situaci\u00f3n de emergencia pero no hasta ese punto. Y menos en suelo europeo&#8221;.<\/p>\n\n\n\n<p>As\u00ed define&nbsp;<strong>Mar\u00eda Sabiote,<\/strong>&nbsp;profesora catalana de 35 a\u00f1os, su experiencia como voluntaria en el puerto ateniense de El Pireo, el mayor de toda Grecia, en el que miles de migrantes y refugiados \u2013 5.377 seg\u00fan las \u00faltimas cifras oficiales\u2013 llevan semanas viviendo en<strong>&nbsp;condiciones p\u00e9simas<\/strong>&nbsp;y en una situaci\u00f3n de incertidumbre total respecto a su situaci\u00f3n administrativa.<\/p>\n\n\n\n<p>Seg\u00fan el&nbsp;<a href=\"http:\/\/www.infolibre.es\/noticias\/politica\/2016\/03\/31\/el_acuerdo_turquia_alienta_temor_sobre_apertura_nuevas_vias_inseguras_para_los_refugiados_47033_1012.html\" target=\"_blank\" rel=\"noopener\">acuerdo suscrito entre la Uni\u00f3n Europea y Turqu\u00eda<\/a>&nbsp;estas personas no pueden ser expulsadas hacia ese pa\u00eds porque pisaron suelo europeo antes de su entrada en vigor y las fronteras con los pa\u00edses balc\u00e1nicos, a trav\u00e9s de los cuales la mayor\u00eda pensaba seguir su ruta, est\u00e1n cerradas.<\/p>\n\n\n\n<p>&#8220;No saben qu\u00e9 hacer, la falta de informaci\u00f3n es total. En el puerto no hab\u00eda ninguna oficina para pedir asilo, y lo \u00fanico que ten\u00edan era un n\u00famero de tel\u00e9fono al que llamar desde Skype y en el que en cinco d\u00edas no logramos que contestara nadie&#8221;, cuenta Mar\u00eda.<\/p>\n\n\n\n<p>Para los refugiados, el d\u00eda a d\u00eda en el muelle ateniense&nbsp;<strong>es un intento continuo por sobrevivir<\/strong>&nbsp;en circunstancias muy adversas. &#8220;La comida, que los voluntarios intentan servir dos veces al d\u00eda, es cada vez m\u00e1s escasa. Las condiciones en general son absolutamente antihigi\u00e9nicas. No hay duchas, s\u00f3lo unos ba\u00f1os qu\u00edmicos, cuando llueven pasan d\u00edas vistiendo ropa h\u00fameda&#8230; He visto gente con&nbsp;<strong>hongos, piojos, sarna, hepatitis A&#8230;<\/strong>&nbsp;es incre\u00edble que ocurran este tipo de situaciones dentro de las fronteras de la UE, nunca pens\u00e9 llegar a ver algo as\u00ed&#8221;, relata M\u00f3nica Hidalgo, farmac\u00e9utica madrile\u00f1a que tambi\u00e9n utiliz\u00f3 sus vacaciones de Semana Santa para viajar a Grecia como voluntaria.<\/p>\n\n\n\n<p>La&nbsp;<strong>situaci\u00f3n de los menores<\/strong>&nbsp;es quiz\u00e1 una de las caras m\u00e1s amargas de la crisis de los refugiados. Privados de los derechos fundamentales m\u00e1s elementales \u2013educaci\u00f3n, atenci\u00f3n sanitaria, m\u00ednimas condiciones de vida&#8230;\u2013 Mar\u00eda y M\u00f3nica cuentan que una de las experiencias m\u00e1s duras de su paso por El Pireo ha sido precisamente el contacto con los ni\u00f1os y los adolescentes.<\/p>\n\n\n\n<p>&#8220;Los m\u00e1s peque\u00f1os corretean por el campamento, juegan con los voluntarios y son menos conscientes de la situaci\u00f3n&#8230; pero me pareci\u00f3 especialmente dura la mirada triste y hacia la nada de los m\u00e1s mayores. Una se\u00f1ora me cont\u00f3 que ten\u00eda que encadenar por las noches a su hija porque, desde que hab\u00edan dejado su casa e iniciado el periplo para pedir asilo en Europa se hab\u00eda vuelto son\u00e1mbula&#8221;, rememora M\u00f3nica.<\/p>\n\n\n\n<p>Muchos de ellos, se\u00f1alan ambas, viajan acompa\u00f1ados por sus madres o abuelos, esperando poder encontrarse con los padres, que salieron antes y ya han llegado a otros pa\u00edses europeos, especialmente Francia o Alemania. Pero tambi\u00e9n hay&nbsp;<strong>adolescentes que est\u00e1n haciendo este periplo solos<\/strong>&nbsp;o ni\u00f1os que lo hacen al cuidado de alg\u00fan vecino o pariente. El preocupante informe de Europol sobre la desaparici\u00f3n de 10.000 ni\u00f1os que viajaban solos dispar\u00f3 las alertas a principios de febrero. Sin embargo, la realidad es que no hay medios para atender con<strong>&nbsp;todas las garant\u00edas<\/strong>&nbsp;a todos los que no van acompa\u00f1ados.<\/p>\n\n\n\n<p>&#8220;Voluntarios griegos nos contaron que, d\u00edas atr\u00e1s, hab\u00edan visto acercarse a las tiendas a un hombre que, usando juguetes como reclamo, intentaba que se montaran en un coche unos ni\u00f1os con el objetivo de llev\u00e1rselos. Afortunadamente estaban all\u00ed y pudieron evitarlo. Pero, \u00bfqu\u00e9 ha podido pasar otras veces?&#8221; se pregunta M\u00f3nica, que asegura tambi\u00e9n que un grupo de adolescentes le comentaron que estaban plante\u00e1ndose intentar colarse en la bodega de alguno de los ferries que est\u00e1n atracados en el puerto.<\/p>\n\n\n\n<p><strong>Traslado a centros<\/strong><\/p>\n\n\n\n<p>El puerto de El Pireo es una de las paradas de un camino iniciado en&nbsp;<strong>Siria, Afganist\u00e1n, Irak o Eritrea<\/strong>, pa\u00edses desde lo que estas personas salieron huyendo de la guerra, la inseguridad o el hambre. Muchos han llegado a las islas griegas desde Turqu\u00eda, en barcazas,&nbsp;<a href=\"http:\/\/www.infolibre.es\/noticias\/politica\/2016\/03\/31\/el_acuerdo_turquia_alienta_temor_sobre_apertura_nuevas_vias_inseguras_para_los_refugiados_47033_1012.html\" target=\"_blank\" rel=\"noopener\">estafados por las mafias<\/a>&nbsp;que est\u00e1n haciendo su agosto con este drama humanitario. Sin embargo, no parece que vayan a poder permanecer all\u00ed mucho m\u00e1s tiempo.<\/p>\n\n\n\n<p>Con la llegada del buen tiempo lo har\u00e1n tambi\u00e9n los ferries que este verano volver\u00e1n a llenar las islas griegas de visitantes europeos. Y la presencia de los migrantes y refugiados amenaza con enturbiar la temporada tur\u00edstica. De hecho, las autoridades griegas \u2013absolutamente desbordadas con esta crisis\u2013 empezaron a intentar&nbsp;<strong>expulsar a centenares de personas del muelle ateniense<\/strong>&nbsp;el pasado jueves para trasladarlas a los campamentos y albergues de tr\u00e1nsito de nueva creaci\u00f3n o a los cuarteles militares habilitados por el Gobierno griego en las afueras de Atenas y en otros emplazamientos del pa\u00eds.<\/p>\n\n\n\n<p>&#8220;Tengo la percepci\u00f3n de que, en parte, las condiciones en las que est\u00e1n estas personas en El Pireo corresponden a una estrategia de desgaste porque, en t\u00e9rminos de imagen, a las autoridades griegas no les viene bien que est\u00e9n all\u00ed. Lo que quieren es que estas personas se acaben yendo de forma voluntaria a los centros de detenci\u00f3n gestionados por el ej\u00e9rcito griego, donde no pueden acceder los voluntarios ni la prensa internacional&#8221;, se\u00f1ala Mar\u00eda.<\/p>\n\n\n\n<p>Ambas voluntarias coinciden adem\u00e1s en rese\u00f1ar que la presencia en El Pireo de grandes ONG \u2013tambi\u00e9n desbordadas ante esta crisis humanitaria\u2013 era pr\u00e1cticamente imperceptible.<\/p>\n\n\n\n<p>&#8220;Hab\u00eda una peque\u00f1a carpa de Cruz Roja y Acnur hab\u00eda llevado unas mantas, pero poco m\u00e1s. La emergencias sanitarias las intentaban resolver varios m\u00e9dicos jubilados en una caravana y un grupo de entre 40 y 50 refugiados se encargaba de organizar, preparar la comida&#8230;&#8221;, se\u00f1ala M\u00f3nica.<\/p>\n\n\n\n<p>Mar\u00eda, por su parte, insiste en se\u00f1alar el&nbsp;<strong>&#8220;cinismo&#8221;<\/strong>&nbsp;con el que, a su juicio, se est\u00e1 tratando esta crisis humanitaria por parte de las autoridades comunitarias.<\/p>\n\n\n\n<p>&#8220;Me siento interpelada como ser humano, pero tambi\u00e9n como europea,&nbsp;<strong>no podemos consentir que est\u00e9 pasando esto<\/strong>&#8220;, asevera.<\/p>\n\n\n\n<p>Sin embargo, a pesar de las adversas condiciones, los m\u00e1s de 5.000 migrantes y refugiados que en la tarde de este viernes todav\u00eda permanec\u00edan apostados en El Pireo rechazan ser trasladadas a los centros de acogida, tal y como pretende el Gobierno griego. De hecho, s\u00f3lo 58 personas aceptaron entrar en los autobuses que los trasladar\u00edan al centro de acogida de Katsik\u00e1, cerca de Ioannina, en el noroeste de Grecia. Temen que all\u00ed, lejos de la visibilidad que les da estar en&nbsp;<strong>uno de los principales puertos de Europa<\/strong>, se trunque para siempre el sue\u00f1o de iniciar una nueva vida en un pa\u00eds seguro.<\/p>\n\n\n\n<p>&gt;&gt;Publicat a infoLibre&nbsp;&nbsp;<a href=\"http:\/\/bit.ly\/1RUOrrD\" target=\"_blank\" rel=\"noopener\">http:\/\/bit.ly\/1RUOrrD<\/a><\/p>\n","protected":false},"excerpt":{"rendered":"<p>\u2022 Maria Sabiote y&nbsp;M\u00f3nica Hidalgo&nbsp;\u2022&nbsp;infoLibre&nbsp;\u2022 Elena Herrera&nbsp;\u2022 Una profesora y una farmac\u00e9utica que estuvieron colaborando como [&hellip;]<\/p>\n","protected":false},"author":2,"featured_media":15545,"comment_status":"open","ping_status":"open","sticky":false,"template":"","format":"standard","meta":{"footnotes":""},"categories":[646],"tags":[125],"class_list":["post-29996","post","type-post","status-publish","format-standard","has-post-thumbnail","hentry","category-articles-dinteres","tag-solidaritat"],"_links":{"self":[{"href":"https:\/\/fundacioateneusantroc.org\/es\/wp-json\/wp\/v2\/posts\/29996","targetHints":{"allow":["GET"]}}],"collection":[{"href":"https:\/\/fundacioateneusantroc.org\/es\/wp-json\/wp\/v2\/posts"}],"about":[{"href":"https:\/\/fundacioateneusantroc.org\/es\/wp-json\/wp\/v2\/types\/post"}],"author":[{"embeddable":true,"href":"https:\/\/fundacioateneusantroc.org\/es\/wp-json\/wp\/v2\/users\/2"}],"replies":[{"embeddable":true,"href":"https:\/\/fundacioateneusantroc.org\/es\/wp-json\/wp\/v2\/comments?post=29996"}],"version-history":[{"count":2,"href":"https:\/\/fundacioateneusantroc.org\/es\/wp-json\/wp\/v2\/posts\/29996\/revisions"}],"predecessor-version":[{"id":54264,"href":"https:\/\/fundacioateneusantroc.org\/es\/wp-json\/wp\/v2\/posts\/29996\/revisions\/54264"}],"wp:featuredmedia":[{"embeddable":true,"href":"https:\/\/fundacioateneusantroc.org\/es\/wp-json\/wp\/v2\/media\/15545"}],"wp:attachment":[{"href":"https:\/\/fundacioateneusantroc.org\/es\/wp-json\/wp\/v2\/media?parent=29996"}],"wp:term":[{"taxonomy":"category","embeddable":true,"href":"https:\/\/fundacioateneusantroc.org\/es\/wp-json\/wp\/v2\/categories?post=29996"},{"taxonomy":"post_tag","embeddable":true,"href":"https:\/\/fundacioateneusantroc.org\/es\/wp-json\/wp\/v2\/tags?post=29996"}],"curies":[{"name":"wp","href":"https:\/\/api.w.org\/{rel}","templated":true}]}}