{"id":29998,"date":"2016-04-09T00:00:00","date_gmt":"2016-04-08T22:00:00","guid":{"rendered":"http:\/\/fundacioateneusantroc.org\/la-nit-solidaria-en-suport-de-mares-i-nadons\/"},"modified":"2023-07-14T12:26:17","modified_gmt":"2023-07-14T10:26:17","slug":"la-nit-solidaria-en-suport-de-mares-i-nadons","status":"publish","type":"post","link":"https:\/\/fundacioateneusantroc.org\/es\/la-nit-solidaria-en-suport-de-mares-i-nadons\/","title":{"rendered":"La Nit solid\u00e0ria en suport de mares i nadons"},"content":{"rendered":"<p>El passat divendres 8 d&#8217;abril vam dedicar la\u00a0<strong>Nit solid\u00e0ria<\/strong> a la situaci\u00f3 de les persones en demanda d&#8217;asil a Gr\u00e8cia. Persones procedents de S\u00edria, Irak o Afganistan que fugint de la guerra i de la viol\u00e8ncia busquen un present en pau i un futur millor per als seus.<\/p>\n<p><img decoding=\"async\" class=\"aligncenter wp-image-15618\" src=\"http:\/\/fundacioateneusantroc.org\/\/wp-content\/uploads\/nitsolidaria5.jpg\" alt=\"nitsolidaria5\" width=\"460\" height=\"\" srcset=\"https:\/\/fundacioateneusantroc.org\/wp-content\/uploads\/nitsolidaria5.jpg 720w, https:\/\/fundacioateneusantroc.org\/wp-content\/uploads\/nitsolidaria5-300x200.jpg 300w\" sizes=\"(max-width: 720px) 100vw, 720px\" \/><\/p>\n<p>Per fer-ho, les volunt\u00e0ries Marta V\u00e0zquez, Val\u00e8ria Mac\u00edas, Alexandra Popartan i Maria Sabiote ens van explicar la seva experi\u00e8ncia als camps de refugiats de Gr\u00e8cia. Concretament, la Marta ens va descriure la seva feina al camp Eko del nord de Gr\u00e8cia, a la vora d&#8217;Idomeni, on moltes persones refugiades esperen que s&#8217;obri la frontera cap a Europa. La Marta va treballar amb un projecte de mares i nadons, que es desenvolupa en la precarietat del camp.<\/p>\n<p>D&#8217;altra banda, la Val\u00e8ria, l&#8217;Alexandra i la Maria ens van fer part\u00edceps de la seva experi\u00e8ncia com a volunt\u00e0ries al camp de refugiats del port del Pireu, a Atenes. En aquest port viuen unes 5.000 persones en les pitjors condicions: sense aigua corrent ni les m\u00ednimes condicions sanit\u00e0ries. Les volunt\u00e0ries van donar un cop de m\u00e0 al Comit\u00e9 de Solidaritat que gent d&#8217;Atenes i d&#8217;altres indrets han organitzat per donar una m\u00ednima resposta organitzada a aquesta emerg\u00e8ncia humanit\u00e0ria.<\/p>\n<blockquote><p>L&#8217;Ateneu Sant Roc ens volem solidaritzar amb aquestes persones. Defensem el dret d&#8217;asil, l&#8217;apertura de fronteres i l&#8217;acollida solid\u00e0ria de totes aquelles persones que fugen de la viol\u00e8ncia. Alhora, <strong>gr\u00e0cies a\u00a0la participaci\u00f3 de m\u00e9s de 120 persones<\/strong>, amb\u00a0els diners recaptats donarem suport a la iniciativa de <strong><a href=\"http:\/\/nurtureprojectinternational.org\/\" target=\"_blank\" rel=\"noopener noreferrer\">Nurtur project iternational <\/a>en suport a les mares i nadons<\/strong>&#8220;.<\/p><\/blockquote>\n<p><img decoding=\"async\" class=\"aligncenter wp-image-15610\" src=\"http:\/\/fundacioateneusantroc.org\/\/wp-content\/uploads\/nitsolidaria1.jpg\" alt=\"nitsolidaria1\" width=\"425\" height=\"\" \/><\/p>\n<blockquote><p>&gt;M\u00e9s informaci\u00f3 de la situaci\u00f3 en l&#8217;article:\u00a0<a href=\"\/?p=15538\" target=\"_blank\" rel=\"noopener noreferrer\">http:\/\/fundacioateneusantroc.org\/\/voluntarias-espanolas-en-grecia-nunca-esperamos-encontrarnos-una-situacion-asi-en-suelo-europeo\/<\/a><\/p><\/blockquote>\n<p><em>9 d&#8217;abril de 2016<\/em><\/p>\n","protected":false},"excerpt":{"rendered":"<p>El passat divendres 8 d&#8217;abril vam dedicar la\u00a0Nit solid\u00e0ria a la situaci\u00f3 de les persones en [&hellip;]<\/p>\n","protected":false},"author":2,"featured_media":15613,"comment_status":"open","ping_status":"open","sticky":false,"template":"","format":"standard","meta":{"footnotes":""},"categories":[1],"tags":[736,763,739],"class_list":["post-29998","post","type-post","status-publish","format-standard","has-post-thumbnail","hentry","category-actualitat","tag-cooperacio-i-solidaritat","tag-refugiats","tag-sopar"],"_links":{"self":[{"href":"https:\/\/fundacioateneusantroc.org\/es\/wp-json\/wp\/v2\/posts\/29998","targetHints":{"allow":["GET"]}}],"collection":[{"href":"https:\/\/fundacioateneusantroc.org\/es\/wp-json\/wp\/v2\/posts"}],"about":[{"href":"https:\/\/fundacioateneusantroc.org\/es\/wp-json\/wp\/v2\/types\/post"}],"author":[{"embeddable":true,"href":"https:\/\/fundacioateneusantroc.org\/es\/wp-json\/wp\/v2\/users\/2"}],"replies":[{"embeddable":true,"href":"https:\/\/fundacioateneusantroc.org\/es\/wp-json\/wp\/v2\/comments?post=29998"}],"version-history":[{"count":1,"href":"https:\/\/fundacioateneusantroc.org\/es\/wp-json\/wp\/v2\/posts\/29998\/revisions"}],"predecessor-version":[{"id":40593,"href":"https:\/\/fundacioateneusantroc.org\/es\/wp-json\/wp\/v2\/posts\/29998\/revisions\/40593"}],"wp:featuredmedia":[{"embeddable":true,"href":"https:\/\/fundacioateneusantroc.org\/es\/wp-json\/wp\/v2\/media\/15613"}],"wp:attachment":[{"href":"https:\/\/fundacioateneusantroc.org\/es\/wp-json\/wp\/v2\/media?parent=29998"}],"wp:term":[{"taxonomy":"category","embeddable":true,"href":"https:\/\/fundacioateneusantroc.org\/es\/wp-json\/wp\/v2\/categories?post=29998"},{"taxonomy":"post_tag","embeddable":true,"href":"https:\/\/fundacioateneusantroc.org\/es\/wp-json\/wp\/v2\/tags?post=29998"}],"curies":[{"name":"wp","href":"https:\/\/api.w.org\/{rel}","templated":true}]}}