{"id":30095,"date":"2016-11-30T00:00:00","date_gmt":"2016-11-29T23:00:00","guid":{"rendered":"http:\/\/fundacioateneusantroc.org\/despres-de-les-onades-2\/"},"modified":"2023-07-14T12:25:22","modified_gmt":"2023-07-14T10:25:22","slug":"despres-de-les-onades","status":"publish","type":"post","link":"https:\/\/fundacioateneusantroc.org\/es\/despres-de-les-onades\/","title":{"rendered":"Despr\u00e9s de les onades, presentaci\u00f3"},"content":{"rendered":"\n<p><strong>Com seria el teu m\u00f3n si un dia arrib\u00e9s una onada gegant que ho inund\u00e9s tot?<\/strong> Qu\u00e8 passaria amb casa teva? Com resistirien a les onades els lla\u00e7os familiars, els amics, les pissarres? Com seria el teu carrer si un dia arrib\u00e9s una onada i no resistissin els forns, la casa de la ve\u00efna que et demana la sal, l\u2019escola?<\/p>\n\n\n\n<p>I si arribessin alhora una onada de viol\u00e8ncia, una onada de por, una onada d\u2019odi, una onada de bales, una onada expansiva?<\/p>\n\n\n\n<p>Imaginem que aconsegu\u00edssim fugir a trav\u00e9s de les onades del mar i per fi, arrib\u00e9ssim a la sorra, potser amb la sort de portar els teus. <strong>Com seria la nostra vida despr\u00e9s de les onades?<\/strong><\/p>\n\n\n\n<p>Aquesta exposici\u00f3 ens convida a mirar i reflexionar sobre aquest prec\u00eds moment que actualment viuen milers de persones en cerca de refugi. Un espai que ha estat possible gr\u00e0cies a la generositat de les nenes i nens refugiats que encara cerquen refugi arreu d\u2019Europa i que ens han cedit els seus dibuixos per ajudar-nos a mirar, viure i crear idees i accions.<\/p>\n\n\n\n<p><strong>Una exposici\u00f3 que ens convida a ser acollida despr\u00e9s de les onades.<\/strong><\/p>\n","protected":false},"excerpt":{"rendered":"<p>Com seria el teu m\u00f3n si un dia arrib\u00e9s una onada gegant que ho inund\u00e9s tot? [&hellip;]<\/p>\n","protected":false},"author":2,"featured_media":20477,"comment_status":"open","ping_status":"open","sticky":false,"template":"","format":"standard","meta":{"footnotes":""},"categories":[1],"tags":[736,763],"class_list":["post-30095","post","type-post","status-publish","format-standard","has-post-thumbnail","hentry","category-actualitat","tag-cooperacio-i-solidaritat","tag-refugiats"],"_links":{"self":[{"href":"https:\/\/fundacioateneusantroc.org\/es\/wp-json\/wp\/v2\/posts\/30095","targetHints":{"allow":["GET"]}}],"collection":[{"href":"https:\/\/fundacioateneusantroc.org\/es\/wp-json\/wp\/v2\/posts"}],"about":[{"href":"https:\/\/fundacioateneusantroc.org\/es\/wp-json\/wp\/v2\/types\/post"}],"author":[{"embeddable":true,"href":"https:\/\/fundacioateneusantroc.org\/es\/wp-json\/wp\/v2\/users\/2"}],"replies":[{"embeddable":true,"href":"https:\/\/fundacioateneusantroc.org\/es\/wp-json\/wp\/v2\/comments?post=30095"}],"version-history":[{"count":3,"href":"https:\/\/fundacioateneusantroc.org\/es\/wp-json\/wp\/v2\/posts\/30095\/revisions"}],"predecessor-version":[{"id":55883,"href":"https:\/\/fundacioateneusantroc.org\/es\/wp-json\/wp\/v2\/posts\/30095\/revisions\/55883"}],"wp:featuredmedia":[{"embeddable":true,"href":"https:\/\/fundacioateneusantroc.org\/es\/wp-json\/wp\/v2\/media\/20477"}],"wp:attachment":[{"href":"https:\/\/fundacioateneusantroc.org\/es\/wp-json\/wp\/v2\/media?parent=30095"}],"wp:term":[{"taxonomy":"category","embeddable":true,"href":"https:\/\/fundacioateneusantroc.org\/es\/wp-json\/wp\/v2\/categories?post=30095"},{"taxonomy":"post_tag","embeddable":true,"href":"https:\/\/fundacioateneusantroc.org\/es\/wp-json\/wp\/v2\/tags?post=30095"}],"curies":[{"name":"wp","href":"https:\/\/api.w.org\/{rel}","templated":true}]}}