{"id":30120,"date":"2017-02-20T00:00:00","date_gmt":"2017-02-19T23:00:00","guid":{"rendered":"http:\/\/fundacioateneusantroc.org\/dia-a-dia-al-laila\/"},"modified":"2023-07-14T12:24:58","modified_gmt":"2023-07-14T10:24:58","slug":"dia-a-dia-al-laila","status":"publish","type":"post","link":"https:\/\/fundacioateneusantroc.org\/es\/dia-a-dia-al-laila\/","title":{"rendered":"Dia a dia al Laila"},"content":{"rendered":"\n<p>Un &#8220;<em>Bon dia!&#8221;<\/em>&nbsp;darrere l\u2019altre s\u2019escolta a l\u2019entrada de l\u2019Ateneu, les dones van arribant, saludant i xerrant. Algunes a l&#8217;entrar primer acompanyen els seus fills al Suport d&#8217;Educaci\u00f3 Infantil, on gaudeixen cada dia d&#8217;una activitat, i despr\u00e9s cadasc\u00fa va a la seva aula.<\/p>\n\n\n\n<p>Si fem una passejada trobem vuit grups de castell\u00e0 i un de catal\u00e0 que cada, dilluns, dimecres i dijous de 9.30h a 12h es posen en marxa.<\/p>\n\n\n\n<p>Aquest mat\u00ed els grups d&#8217;<strong>Acollida&nbsp;1 i 2 <\/strong>fan la sessi\u00f3 de vocabulari setmanal amb suport inform\u00e0tic; el grup d&#8217;<strong>Acollida 3<\/strong> tenen prevista una sortida al mercat dels Encants per treballar el centre d&#8217;inter\u00e8s (<em>La roba<\/em>). Travessem el pati, entrem a classe d&#8217;<strong>Alfabetitzaci\u00f3 <\/strong>i trobem les dones atentes al dictat mentre les del grup de<strong> Neolectores<\/strong> fan frases dels <em>verbs m\u00e9s quotidians<\/em> a la pissarra.<\/p>\n\n\n\n<p>Continuem la ruta cap a dalt, les sales dels Coros, on trobem el grups de segones lleng\u00fces: els <strong>Inicials<\/strong>;&nbsp;en el primer nivell estan fent geografia:&nbsp; <em>Del m\u00f3n a Sant Roc <\/em>i a l\u2019aula del costat, el segon nivell, les dones estan treballant <em>el vocabulari del temps<\/em> mitjan\u00e7ant diferents activitats.&nbsp;Baixem i passem per l&#8217;aula d&#8217;<strong>Inform\u00e0tica<\/strong>, on el grup <strong>B \u00e0sic<\/strong>,treballa el <em>tema laboral i el curr\u00edculum<\/em>.&nbsp;Per acomiadar-nos, entrem a saludar a les dones de la classe de<strong> Catal\u00e0<\/strong> que en aquest moments estan fent una comprensi\u00f3 de text.<\/p>\n\n\n\n<p>Quan s\u00f3n les&nbsp;dotze, en el vest\u00edbul es respira de nou el murmuri i el moviment de dones, infants, voluntaris i educadors amunt i avall mentre s&#8217;entrellacen somriures i salutacions.<\/p>\n\n\n\n<p>Que vagi b\u00e9, fins dem\u00e0!<\/p>\n\n\n\n<figure class=\"wp-block-gallery columns-2 is-cropped wp-block-gallery-1 is-layout-flex wp-block-gallery-is-layout-flex\"><ul class=\"blocks-gallery-grid\"><li class=\"blocks-gallery-item\"><figure><a href=\"https:\/\/fundacioateneusantroc.org\/?attachment_id=27212\"><img loading=\"lazy\" decoding=\"async\" width=\"720\" height=\"481\" src=\"https:\/\/fundacioateneusantroc.org\/wp-content\/uploads\/IMG_6203-720x481.jpg\" alt=\"\" data-id=\"27212\" data-full-url=\"https:\/\/fundacioateneusantroc.org\/wp-content\/uploads\/IMG_6203.jpg\" data-link=\"https:\/\/fundacioateneusantroc.org\/?attachment_id=27212\" class=\"wp-image-27212\" srcset=\"https:\/\/fundacioateneusantroc.org\/wp-content\/uploads\/IMG_6203.jpg 720w, https:\/\/fundacioateneusantroc.org\/wp-content\/uploads\/IMG_6203-300x200.jpg 300w\" sizes=\"auto, (max-width: 720px) 100vw, 720px\" \/><\/a><\/figure><\/li><li class=\"blocks-gallery-item\"><figure><a href=\"https:\/\/fundacioateneusantroc.org\/?attachment_id=27210\"><img loading=\"lazy\" decoding=\"async\" width=\"720\" height=\"481\" src=\"https:\/\/fundacioateneusantroc.org\/wp-content\/uploads\/IMG_6204-720x481.jpg\" alt=\"\" data-id=\"27210\" data-full-url=\"https:\/\/fundacioateneusantroc.org\/wp-content\/uploads\/IMG_6204.jpg\" data-link=\"https:\/\/fundacioateneusantroc.org\/?attachment_id=27210\" class=\"wp-image-27210\" srcset=\"https:\/\/fundacioateneusantroc.org\/wp-content\/uploads\/IMG_6204.jpg 720w, https:\/\/fundacioateneusantroc.org\/wp-content\/uploads\/IMG_6204-300x200.jpg 300w\" sizes=\"auto, (max-width: 720px) 100vw, 720px\" \/><\/a><\/figure><\/li><li class=\"blocks-gallery-item\"><figure><a href=\"https:\/\/fundacioateneusantroc.org\/?attachment_id=27208\"><img loading=\"lazy\" decoding=\"async\" width=\"720\" height=\"481\" src=\"https:\/\/fundacioateneusantroc.org\/wp-content\/uploads\/IMG_6200-720x481.jpg\" alt=\"\" data-id=\"27208\" data-full-url=\"https:\/\/fundacioateneusantroc.org\/wp-content\/uploads\/IMG_6200.jpg\" data-link=\"https:\/\/fundacioateneusantroc.org\/?attachment_id=27208\" class=\"wp-image-27208\" srcset=\"https:\/\/fundacioateneusantroc.org\/wp-content\/uploads\/IMG_6200.jpg 720w, https:\/\/fundacioateneusantroc.org\/wp-content\/uploads\/IMG_6200-300x200.jpg 300w\" sizes=\"auto, (max-width: 720px) 100vw, 720px\" \/><\/a><\/figure><\/li><li class=\"blocks-gallery-item\"><figure><a href=\"https:\/\/fundacioateneusantroc.org\/?attachment_id=27206\"><img loading=\"lazy\" decoding=\"async\" width=\"720\" height=\"481\" src=\"https:\/\/fundacioateneusantroc.org\/wp-content\/uploads\/IMG_6201-720x481.jpg\" alt=\"\" data-id=\"27206\" data-full-url=\"https:\/\/fundacioateneusantroc.org\/wp-content\/uploads\/IMG_6201.jpg\" data-link=\"https:\/\/fundacioateneusantroc.org\/?attachment_id=27206\" class=\"wp-image-27206\" srcset=\"https:\/\/fundacioateneusantroc.org\/wp-content\/uploads\/IMG_6201.jpg 720w, https:\/\/fundacioateneusantroc.org\/wp-content\/uploads\/IMG_6201-300x200.jpg 300w\" sizes=\"auto, (max-width: 720px) 100vw, 720px\" \/><\/a><\/figure><\/li><\/ul><\/figure>\n\n\n\n<p><em>20 de febrer de 2017<\/em><\/p>\n","protected":false},"excerpt":{"rendered":"<p>Un &#8220;Bon dia!&#8221;&nbsp;darrere l\u2019altre s\u2019escolta a l\u2019entrada de l\u2019Ateneu, les dones van arribant, saludant i xerrant. [&hellip;]<\/p>\n","protected":false},"author":4,"featured_media":27204,"comment_status":"open","ping_status":"open","sticky":false,"template":"","format":"standard","meta":{"footnotes":""},"categories":[1],"tags":[41,751,45,742,852],"class_list":["post-30120","post","type-post","status-publish","format-standard","has-post-thumbnail","hentry","category-actualitat","tag-cohesio-social","tag-dones","tag-laila","tag-formacio-i-voluntariat","tag-llegir"],"_links":{"self":[{"href":"https:\/\/fundacioateneusantroc.org\/es\/wp-json\/wp\/v2\/posts\/30120","targetHints":{"allow":["GET"]}}],"collection":[{"href":"https:\/\/fundacioateneusantroc.org\/es\/wp-json\/wp\/v2\/posts"}],"about":[{"href":"https:\/\/fundacioateneusantroc.org\/es\/wp-json\/wp\/v2\/types\/post"}],"author":[{"embeddable":true,"href":"https:\/\/fundacioateneusantroc.org\/es\/wp-json\/wp\/v2\/users\/4"}],"replies":[{"embeddable":true,"href":"https:\/\/fundacioateneusantroc.org\/es\/wp-json\/wp\/v2\/comments?post=30120"}],"version-history":[{"count":4,"href":"https:\/\/fundacioateneusantroc.org\/es\/wp-json\/wp\/v2\/posts\/30120\/revisions"}],"predecessor-version":[{"id":54584,"href":"https:\/\/fundacioateneusantroc.org\/es\/wp-json\/wp\/v2\/posts\/30120\/revisions\/54584"}],"wp:featuredmedia":[{"embeddable":true,"href":"https:\/\/fundacioateneusantroc.org\/es\/wp-json\/wp\/v2\/media\/27204"}],"wp:attachment":[{"href":"https:\/\/fundacioateneusantroc.org\/es\/wp-json\/wp\/v2\/media?parent=30120"}],"wp:term":[{"taxonomy":"category","embeddable":true,"href":"https:\/\/fundacioateneusantroc.org\/es\/wp-json\/wp\/v2\/categories?post=30120"},{"taxonomy":"post_tag","embeddable":true,"href":"https:\/\/fundacioateneusantroc.org\/es\/wp-json\/wp\/v2\/tags?post=30120"}],"curies":[{"name":"wp","href":"https:\/\/api.w.org\/{rel}","templated":true}]}}