{"id":30132,"date":"2017-04-23T00:00:00","date_gmt":"2017-04-22T22:00:00","guid":{"rendered":"http:\/\/fundacioateneusantroc.org\/sant-jordi-i-el-que-veritablement-importa\/"},"modified":"2023-07-14T12:24:35","modified_gmt":"2023-07-14T10:24:35","slug":"sant-jordi-i-el-que-veritablement-importa","status":"publish","type":"post","link":"https:\/\/fundacioateneusantroc.org\/es\/sant-jordi-i-el-que-veritablement-importa\/","title":{"rendered":"Sant Jordi i el que veritablement importa"},"content":{"rendered":"\n<p>Avui he anat, per primera vegada, a la jornada que cada any, per aquestes dates, es fa&nbsp;a&nbsp;Badalona Sud. Nom\u00e9s sortir del metro, ja s\u2019escoltava una m\u00fasica que anunciava festa. En arribar a la pla\u00e7a Sant El\u00edes, els voluntaris ja tenien muntades unes vint carpes plenes de llibres, ben ordenades a les dues bandes de la pla\u00e7a, i al bell mig, just davant dels gronxadors, un gran drac de colors, &#8220;La Cuca&#8221;, que evidenciava que la festa que es celebrava era la Diada de Sant Jordi.<\/p>\n\n\n\n<p>Els llibres estaven classificats segons l&#8217;edat dels destinataris, amb el seu corresponent preu, molt redu\u00eft perqu\u00e8 tothom pogu\u00e9s adquirir-los. Fins i tot hi havia un lloc destinat per a llibres d\u2019autors de la localitat, que amablement s&#8217;oferien a signar-los.<\/p>\n\n\n\n<div class=\"wp-block-columns is-layout-flex wp-container-core-columns-is-layout-9d6595d7 wp-block-columns-is-layout-flex\">\n<div class=\"wp-block-column is-layout-flow wp-block-column-is-layout-flow\">\n<figure class=\"wp-block-image size-large\"><img decoding=\"async\" src=\"http:\/\/fundacioateneusantroc.org\/\/wp-content\/uploads\/santjordi2-2.jpg\" alt=\"\"><\/figure>\n<\/div>\n\n\n\n<div class=\"wp-block-column is-layout-flow wp-block-column-is-layout-flow\">\n<figure class=\"wp-block-image size-large\"><img decoding=\"async\" src=\"http:\/\/fundacioateneusantroc.org\/\/wp-content\/uploads\/santjordi3.jpg\" alt=\"\"><\/figure>\n<\/div>\n<\/div>\n\n\n\n<div class=\"wp-block-columns is-layout-flex wp-container-core-columns-is-layout-9d6595d7 wp-block-columns-is-layout-flex\">\n<div class=\"wp-block-column is-layout-flow wp-block-column-is-layout-flow\">\n<figure class=\"wp-block-image size-large\"><img decoding=\"async\" src=\"http:\/\/fundacioateneusantroc.org\/\/wp-content\/uploads\/santjordi4.jpg\" alt=\"\"><\/figure>\n<\/div>\n\n\n\n<div class=\"wp-block-column is-layout-flow wp-block-column-is-layout-flow\">\n<figure class=\"wp-block-image size-large\"><img decoding=\"async\" src=\"http:\/\/fundacioateneusantroc.org\/\/wp-content\/uploads\/santjordi1-1.jpg\" alt=\"\"><\/figure>\n<\/div>\n<\/div>\n\n\n\n<p>A dos quarts de deu, per la cantonada de la pla\u00e7a, va apar\u00e8ixer una filera de nens i nenes ben arrenglerats. Mai no havia vist cosa igual!: xinesos, pakistanesos, marroquins, gitanos, paios&#8230; Quina diversitat de colors, de rostres i de vestits! Nens i nenes que arribaven de dos en dos, o un darrera l\u2019altre agafats a una corda. Tots i totes amb el rostre il\u00b7luminat a l\u2019hora d\u2019apropar-se a les parades i mirar els llibres. Quines cares d\u2019emoci\u00f3 en&nbsp;obrir un llibre i&nbsp;en voltar el full i veure apar\u00e8ixer un drac, una princesa, un castell, una papallona&#8230; Els seus ulls brillaven amb una intensitat que il\u00b7luminava la pla\u00e7a.<\/p>\n\n\n\n<p>Vaig fer un volt per la pla\u00e7a enmig de tot el xivarri. Els voluntaris, m\u00e9s de 60 i de totes les edats, darrere de les taules, atenien els petits clients que portaven, alguns possiblement per primera vegada, diners per comprar un llibre. Quina responsabilitat!<\/p>\n\n\n\n<p>El Josep rebia cadascuna de les escoles que anaven arribant, deia el seu nom i les donava la benvinguda. Fileres cont\u00ednues de nens i nenes omplien la pla\u00e7a de colors, de xivarri, de crits, d\u2019alegria, de jugaresca, mentre que per l\u2019altaveu sonava una m\u00fasica que animava a ballar, a cantar i a fer gresca.<\/p>\n\n\n\n<p>M\u00e9s de 2.000&nbsp;nens i nenes, acompanyats de les seves mestres, passaven per les carpes, es feien una fotografia asseguts davant del drac i iniciaven el cam\u00ed de tornada, amb els seus nous llibres, cap a l&#8217;escola. Sortia un grup per la dreta i apareixia un altre per l&#8217;esquerra. Conforme avan\u00e7ava el mat\u00ed, tamb\u00e9 ho feia l&#8217;edat dels nens i nenes que s&#8217;incorporaven. Eren els alumnes de secund\u00e0ria que venien de recollir els premis literaris, amb roses, diplomes i xecs per comprar llibres. Per\u00f2, tot i ser m\u00e9s grans, la il\u00b7lusi\u00f3 era la mateixa. Tots buscaven un llibre per a ells, per a algun amic, o per als pares.<\/p>\n\n\n\n<p>Contemplant aquest espectacle, se&#8217;m va omplir el cor d\u2019il\u00b7lusi\u00f3, d\u2019alegria i d\u2019amor: els nens i les nenes agafats de les mans, tots junts, feli\u00e7os, cridant, rient, amb els ulls brillants d\u2019emoci\u00f3, al voltant dels llibres. Avui he tornat a descobrir la m\u00e0gia dels llibres i la virtut de ser nen. Gr\u00e0cies Ateneu Sant Roc, per donar-me aquesta oportunitat de retrobar el que \u00e9s veritablement important.<\/p>\n\n\n\n<p><em>Paqui Casino Lorite<\/em><\/p>\n\n\n\n<hr class=\"wp-block-separator\"\/>\n\n\n\n<p>Sant Jordi sempre ha estat un&nbsp;gran dia per la gent del barri, un dia de feina, de guanys, tothom&nbsp;a vendre les seves roses al carrer, a les places, al mercat, als sem\u00e0fors&#8230; <strong>L&#8217;any 1999<\/strong>,&nbsp;entitats del barri van pensar de transmetre m\u00e9s valor&nbsp;cultural i sumar-se a la tradici\u00f3, aix\u00ed va n\u00e8ixer&nbsp;aquesta Diada&nbsp;m\u00e0gica a Badalona Sud!<\/p>\n\n\n\n<p><strong>Entitats, serveis i escoles sortim al carrer perqu\u00e8 creiem que&nbsp;la formaci\u00f3 dels nostres infants i joves&nbsp;\u00e9s&nbsp;imprescindible per un futur millor. <\/strong>Juntament amb<strong>&nbsp;<\/strong>Pla d&#8217;entorn, Biblioteca Sant Roc, Consorci Badalona Sud, ICI, Fundaci\u00f3 Carles Blanch, Aldees infantils, Cointegra, Cibercaixa, Casal del infants, Esbart Sant Jordi, CEE Maregassa, Escola Lestonnac, Escola Baldomer Sol\u00e0, Escola Josep Boada, Col\u00b7legi Mare de D\u00e9u de l\u2019Assumpci\u00f3, Col\u00b7legi&nbsp;Sant\u00edssima Trinitat, Regidoria de districte, Departament de Cultura, participem i organitzem jocs florals, paradetes, tallers, espectacle i exposici\u00f3.<\/p>\n\n\n\n<figure class=\"wp-block-gallery columns-5 is-cropped wp-block-gallery-1 is-layout-flex wp-block-gallery-is-layout-flex\"><ul class=\"blocks-gallery-grid\"><li class=\"blocks-gallery-item\"><figure><a href=\"https:\/\/fundacioateneusantroc.org\/?attachment_id=27370\"><img loading=\"lazy\" decoding=\"async\" width=\"720\" height=\"538\" src=\"https:\/\/fundacioateneusantroc.org\/wp-content\/uploads\/santjordi15-720x538.jpg\" alt=\"\" data-id=\"27370\" data-full-url=\"https:\/\/fundacioateneusantroc.org\/wp-content\/uploads\/santjordi15.jpg\" data-link=\"https:\/\/fundacioateneusantroc.org\/?attachment_id=27370\" class=\"wp-image-27370\"><\/a><\/figure><\/li><li class=\"blocks-gallery-item\"><figure><a href=\"https:\/\/fundacioateneusantroc.org\/?attachment_id=27372\"><img loading=\"lazy\" decoding=\"async\" width=\"720\" height=\"480\" src=\"https:\/\/fundacioateneusantroc.org\/wp-content\/uploads\/santjordi11-720x480.jpg\" alt=\"\" data-id=\"27372\" data-full-url=\"https:\/\/fundacioateneusantroc.org\/wp-content\/uploads\/santjordi11.jpg\" data-link=\"https:\/\/fundacioateneusantroc.org\/?attachment_id=27372\" class=\"wp-image-27372\" srcset=\"https:\/\/fundacioateneusantroc.org\/wp-content\/uploads\/santjordi11.jpg 720w, https:\/\/fundacioateneusantroc.org\/wp-content\/uploads\/santjordi11-300x200.jpg 300w\" sizes=\"auto, (max-width: 720px) 100vw, 720px\" \/><\/a><\/figure><\/li><li class=\"blocks-gallery-item\"><figure><a href=\"https:\/\/fundacioateneusantroc.org\/?attachment_id=27374\"><img loading=\"lazy\" decoding=\"async\" width=\"720\" height=\"480\" src=\"https:\/\/fundacioateneusantroc.org\/wp-content\/uploads\/santjordi12-720x480.jpg\" alt=\"\" data-id=\"27374\" data-full-url=\"https:\/\/fundacioateneusantroc.org\/wp-content\/uploads\/santjordi12.jpg\" data-link=\"https:\/\/fundacioateneusantroc.org\/?attachment_id=27374\" class=\"wp-image-27374\" srcset=\"https:\/\/fundacioateneusantroc.org\/wp-content\/uploads\/santjordi12.jpg 720w, https:\/\/fundacioateneusantroc.org\/wp-content\/uploads\/santjordi12-300x200.jpg 300w\" sizes=\"auto, (max-width: 720px) 100vw, 720px\" \/><\/a><\/figure><\/li><li class=\"blocks-gallery-item\"><figure><a href=\"https:\/\/fundacioateneusantroc.org\/?attachment_id=27376\"><img loading=\"lazy\" decoding=\"async\" width=\"720\" height=\"480\" src=\"https:\/\/fundacioateneusantroc.org\/wp-content\/uploads\/santjordi13-720x480.jpg\" alt=\"\" data-id=\"27376\" data-full-url=\"https:\/\/fundacioateneusantroc.org\/wp-content\/uploads\/santjordi13.jpg\" data-link=\"https:\/\/fundacioateneusantroc.org\/?attachment_id=27376\" class=\"wp-image-27376\" srcset=\"https:\/\/fundacioateneusantroc.org\/wp-content\/uploads\/santjordi13.jpg 720w, https:\/\/fundacioateneusantroc.org\/wp-content\/uploads\/santjordi13-300x200.jpg 300w\" sizes=\"auto, (max-width: 720px) 100vw, 720px\" \/><\/a><\/figure><\/li><li class=\"blocks-gallery-item\"><figure><a href=\"https:\/\/fundacioateneusantroc.org\/?attachment_id=27378\"><img loading=\"lazy\" decoding=\"async\" width=\"720\" height=\"480\" src=\"https:\/\/fundacioateneusantroc.org\/wp-content\/uploads\/santjordi14-720x480.jpg\" alt=\"\" data-id=\"27378\" data-full-url=\"https:\/\/fundacioateneusantroc.org\/wp-content\/uploads\/santjordi14.jpg\" data-link=\"https:\/\/fundacioateneusantroc.org\/?attachment_id=27378\" class=\"wp-image-27378\" srcset=\"https:\/\/fundacioateneusantroc.org\/wp-content\/uploads\/santjordi14.jpg 720w, https:\/\/fundacioateneusantroc.org\/wp-content\/uploads\/santjordi14-300x200.jpg 300w\" sizes=\"auto, (max-width: 720px) 100vw, 720px\" \/><\/a><\/figure><\/li><li class=\"blocks-gallery-item\"><figure><a href=\"https:\/\/fundacioateneusantroc.org\/?attachment_id=27382\"><img loading=\"lazy\" decoding=\"async\" width=\"720\" height=\"480\" src=\"https:\/\/fundacioateneusantroc.org\/wp-content\/uploads\/santjordi10-720x480.jpg\" alt=\"\" data-id=\"27382\" data-full-url=\"https:\/\/fundacioateneusantroc.org\/wp-content\/uploads\/santjordi10.jpg\" data-link=\"https:\/\/fundacioateneusantroc.org\/?attachment_id=27382\" class=\"wp-image-27382\" srcset=\"https:\/\/fundacioateneusantroc.org\/wp-content\/uploads\/santjordi10.jpg 720w, https:\/\/fundacioateneusantroc.org\/wp-content\/uploads\/santjordi10-300x200.jpg 300w\" sizes=\"auto, (max-width: 720px) 100vw, 720px\" \/><\/a><\/figure><\/li><li class=\"blocks-gallery-item\"><figure><a href=\"https:\/\/fundacioateneusantroc.org\/?attachment_id=27386\"><img loading=\"lazy\" decoding=\"async\" width=\"720\" height=\"480\" src=\"https:\/\/fundacioateneusantroc.org\/wp-content\/uploads\/santjordi5-720x480.jpg\" alt=\"\" data-id=\"27386\" data-full-url=\"https:\/\/fundacioateneusantroc.org\/wp-content\/uploads\/santjordi5.jpg\" data-link=\"https:\/\/fundacioateneusantroc.org\/?attachment_id=27386\" class=\"wp-image-27386\" srcset=\"https:\/\/fundacioateneusantroc.org\/wp-content\/uploads\/santjordi5.jpg 720w, https:\/\/fundacioateneusantroc.org\/wp-content\/uploads\/santjordi5-300x200.jpg 300w\" sizes=\"auto, (max-width: 720px) 100vw, 720px\" \/><\/a><\/figure><\/li><li class=\"blocks-gallery-item\"><figure><a href=\"https:\/\/fundacioateneusantroc.org\/?attachment_id=27388\"><img loading=\"lazy\" decoding=\"async\" width=\"720\" height=\"480\" src=\"https:\/\/fundacioateneusantroc.org\/wp-content\/uploads\/santjordi6-720x480.jpg\" alt=\"\" data-id=\"27388\" data-full-url=\"https:\/\/fundacioateneusantroc.org\/wp-content\/uploads\/santjordi6.jpg\" data-link=\"https:\/\/fundacioateneusantroc.org\/?attachment_id=27388\" class=\"wp-image-27388\" srcset=\"https:\/\/fundacioateneusantroc.org\/wp-content\/uploads\/santjordi6.jpg 720w, https:\/\/fundacioateneusantroc.org\/wp-content\/uploads\/santjordi6-300x200.jpg 300w\" sizes=\"auto, (max-width: 720px) 100vw, 720px\" \/><\/a><\/figure><\/li><li class=\"blocks-gallery-item\"><figure><a href=\"https:\/\/fundacioateneusantroc.org\/?attachment_id=27390\"><img loading=\"lazy\" decoding=\"async\" width=\"720\" height=\"480\" src=\"https:\/\/fundacioateneusantroc.org\/wp-content\/uploads\/santjordi7-720x480.jpg\" alt=\"\" data-id=\"27390\" data-full-url=\"https:\/\/fundacioateneusantroc.org\/wp-content\/uploads\/santjordi7.jpg\" data-link=\"https:\/\/fundacioateneusantroc.org\/?attachment_id=27390\" class=\"wp-image-27390\" srcset=\"https:\/\/fundacioateneusantroc.org\/wp-content\/uploads\/santjordi7.jpg 720w, https:\/\/fundacioateneusantroc.org\/wp-content\/uploads\/santjordi7-300x200.jpg 300w\" sizes=\"auto, (max-width: 720px) 100vw, 720px\" \/><\/a><\/figure><\/li><li class=\"blocks-gallery-item\"><figure><a href=\"https:\/\/fundacioateneusantroc.org\/?attachment_id=27392\"><img loading=\"lazy\" decoding=\"async\" width=\"720\" height=\"480\" src=\"https:\/\/fundacioateneusantroc.org\/wp-content\/uploads\/santjordi8-720x480.jpg\" alt=\"\" data-id=\"27392\" data-full-url=\"https:\/\/fundacioateneusantroc.org\/wp-content\/uploads\/santjordi8.jpg\" data-link=\"https:\/\/fundacioateneusantroc.org\/?attachment_id=27392\" class=\"wp-image-27392\" srcset=\"https:\/\/fundacioateneusantroc.org\/wp-content\/uploads\/santjordi8.jpg 720w, https:\/\/fundacioateneusantroc.org\/wp-content\/uploads\/santjordi8-300x200.jpg 300w\" sizes=\"auto, (max-width: 720px) 100vw, 720px\" \/><\/a><\/figure><\/li><li class=\"blocks-gallery-item\"><figure><a href=\"https:\/\/fundacioateneusantroc.org\/?attachment_id=27384\"><img loading=\"lazy\" decoding=\"async\" width=\"720\" height=\"330\" src=\"https:\/\/fundacioateneusantroc.org\/wp-content\/uploads\/santjordi00-720x330.jpg\" alt=\"\" data-id=\"27384\" data-full-url=\"https:\/\/fundacioateneusantroc.org\/wp-content\/uploads\/santjordi00.jpg\" data-link=\"https:\/\/fundacioateneusantroc.org\/?attachment_id=27384\" class=\"wp-image-27384\"><\/a><\/figure><\/li><\/ul><\/figure>\n\n\n\n<p>Agra\u00efm&nbsp; la col\u00b7laboraci\u00f3 de tots i totes i de les&nbsp;editorials: Comanegra, Casals, Paidotribo, Enciclop\u00e8dia Catalana, Vicens Vives i Diputaci\u00f3 de Barcelona.<\/p>\n\n\n\n<p><em>23 d&#8217;abril de 2017<\/em><\/p>\n","protected":false},"excerpt":{"rendered":"<p>Avui he anat, per primera vegada, a la jornada que cada any, per aquestes dates, es [&hellip;]<\/p>\n","protected":false},"author":2,"featured_media":27368,"comment_status":"open","ping_status":"open","sticky":false,"template":"","format":"standard","meta":{"footnotes":""},"categories":[1],"tags":[319,734,1366,852,9],"class_list":["post-30132","post","type-post","status-publish","format-standard","has-post-thumbnail","hentry","category-actualitat","tag-cohesio","tag-dinamitzacio-sociocultural","tag-festes-de-primavera","tag-llegir","tag-sant-jordi"],"_links":{"self":[{"href":"https:\/\/fundacioateneusantroc.org\/es\/wp-json\/wp\/v2\/posts\/30132","targetHints":{"allow":["GET"]}}],"collection":[{"href":"https:\/\/fundacioateneusantroc.org\/es\/wp-json\/wp\/v2\/posts"}],"about":[{"href":"https:\/\/fundacioateneusantroc.org\/es\/wp-json\/wp\/v2\/types\/post"}],"author":[{"embeddable":true,"href":"https:\/\/fundacioateneusantroc.org\/es\/wp-json\/wp\/v2\/users\/2"}],"replies":[{"embeddable":true,"href":"https:\/\/fundacioateneusantroc.org\/es\/wp-json\/wp\/v2\/comments?post=30132"}],"version-history":[{"count":4,"href":"https:\/\/fundacioateneusantroc.org\/es\/wp-json\/wp\/v2\/posts\/30132\/revisions"}],"predecessor-version":[{"id":54581,"href":"https:\/\/fundacioateneusantroc.org\/es\/wp-json\/wp\/v2\/posts\/30132\/revisions\/54581"}],"wp:featuredmedia":[{"embeddable":true,"href":"https:\/\/fundacioateneusantroc.org\/es\/wp-json\/wp\/v2\/media\/27368"}],"wp:attachment":[{"href":"https:\/\/fundacioateneusantroc.org\/es\/wp-json\/wp\/v2\/media?parent=30132"}],"wp:term":[{"taxonomy":"category","embeddable":true,"href":"https:\/\/fundacioateneusantroc.org\/es\/wp-json\/wp\/v2\/categories?post=30132"},{"taxonomy":"post_tag","embeddable":true,"href":"https:\/\/fundacioateneusantroc.org\/es\/wp-json\/wp\/v2\/tags?post=30132"}],"curies":[{"name":"wp","href":"https:\/\/api.w.org\/{rel}","templated":true}]}}