{"id":30136,"date":"2017-05-22T00:40:00","date_gmt":"2017-05-21T22:40:00","guid":{"rendered":"http:\/\/fundacioateneusantroc.org\/quadern-als-limits-la-fira-de-sant-roc-a-badalona-artesania-en-viu\/"},"modified":"2024-04-17T12:49:00","modified_gmt":"2024-04-17T10:49:00","slug":"quadern-als-limits-la-fira-de-sant-roc-a-badalona-artesania-en-viu","status":"publish","type":"post","link":"https:\/\/fundacioateneusantroc.org\/es\/quadern-als-limits-la-fira-de-sant-roc-a-badalona-artesania-en-viu\/","title":{"rendered":"Quadern [ALS L\u00cdMITS]: La fira de Sant Roc a Badalona. Artesania en viu"},"content":{"rendered":"\n<p><strong>\u2022 Joan Soler i Amig\u00f3 \u2022 Preludi: Jordi Arnal Carrillo \u2022&nbsp;<\/strong><em>(Fundaci\u00f3 Ateneu Sant Roc \u00b7 1a edici\u00f3, maig 2017)<\/em><\/p>\n\n\n\n<p>A partir de la celebraci\u00f3 dels 50 anys del barri sorgeix la necessitat de fer mem\u00f2ria, de recollir en petits formats experi\u00e8ncies viscudes a Sant Roc. Aquesta necessitat ens porta a endinsar-nos en la hist\u00f2ria, i de&nbsp;la revista de l&#8217;Ateneu&nbsp;<strong><a href=\"https:\/\/fundacioateneusantroc.org\/es\/etiqueta\/revista-es\/\" target=\"_blank\" rel=\"noopener\">[ALS L\u00cdMITS]<\/a><\/strong>&nbsp;reemprenem el fil amb&nbsp;aquest relat:<strong>&nbsp;La fira de Sant Roc a Badalona. Artesania en viu. <\/strong><\/p>\n\n\n\n<p>En aquest <strong>Quadern Als l\u00edmits<\/strong> els or\u00edgens&nbsp;de la Fira&nbsp;venen de la mem\u00f2ria d&#8217;en Jordi Arnal Carrillo i dels records i sensacions de molta gent que ha participat i&nbsp;l&#8217;ha viscut. El relat d&#8217;en <strong>Joan Soler i Amig\u00f3<\/strong> \u00e9s la percepci\u00f3 seva d&#8217;un dia, que ens porta de la m\u00e0 a descobrir el tresor i la m\u00e0gia que neix amb una trobada de bon mat\u00ed de m\u00e9s de 100 persones, i que explica com poc a poc es va fent possible, de forma senzilla per\u00f2 segura i ferma que la cultura i l&#8217;artesania arribi a Sant Roc, per despr\u00e9s esvair-se&nbsp;com un n\u00favol &nbsp;que crea formes noves&nbsp;i omplir a cadascun dels participants d&#8217;energia&nbsp;per tot l&#8217;any.<\/p>\n\n\n\n<p><a href=\"http:\/\/fundacioateneusantroc.org\/\/wp-content\/uploads\/QAL1_Fira_br-1.pdf\" target=\"_blank\" rel=\"noopener\">&gt;&gt;Descarregar pdf<\/a><\/p>\n\n\n\n<hr class=\"wp-block-separator\"\/>\n\n\n\n<h3 class=\"wp-block-heading\">Presentaci\u00f3 a la Fira d&#8217;Artesania i Mostra d&#8217;entitats i serveis: Diumenge, 7\/5\/2017 \u2022 12.20 h \u2022 pla\u00e7a Roja (a la parada de la Fundaci\u00f3 Ateneu Sant Roc)<\/h3>\n\n\n\n<p><a href=\"http:\/\/fundacioateneusantroc.org\/\/wp-content\/uploads\/FIRA-DARTESANIA2017.pdf\" target=\"_blank\" rel=\"noopener\">&gt;&gt;Descarregar follet\u00f3 Fira 2017<\/a><\/p>\n\n\n\n<hr class=\"wp-block-separator\"\/>\n","protected":false},"excerpt":{"rendered":"<p>\u2022 Joan Soler i Amig\u00f3 \u2022 Preludi: Jordi Arnal Carrillo \u2022&nbsp;(Fundaci\u00f3 Ateneu Sant Roc \u00b7 1a [&hellip;]<\/p>\n","protected":false},"author":2,"featured_media":22007,"comment_status":"open","ping_status":"open","sticky":false,"template":"","format":"standard","meta":{"footnotes":""},"categories":[646],"tags":[5,41,163,734,1366,35,14,744],"class_list":["post-30136","post","type-post","status-publish","format-standard","has-post-thumbnail","hentry","category-articles-dinteres","tag-badalona","tag-cohesio-social","tag-convivencia","tag-dinamitzacio-sociocultural","tag-festes-de-primavera","tag-fira-de-sant-roc","tag-publicacions","tag-voluntaris"],"_links":{"self":[{"href":"https:\/\/fundacioateneusantroc.org\/es\/wp-json\/wp\/v2\/posts\/30136","targetHints":{"allow":["GET"]}}],"collection":[{"href":"https:\/\/fundacioateneusantroc.org\/es\/wp-json\/wp\/v2\/posts"}],"about":[{"href":"https:\/\/fundacioateneusantroc.org\/es\/wp-json\/wp\/v2\/types\/post"}],"author":[{"embeddable":true,"href":"https:\/\/fundacioateneusantroc.org\/es\/wp-json\/wp\/v2\/users\/2"}],"replies":[{"embeddable":true,"href":"https:\/\/fundacioateneusantroc.org\/es\/wp-json\/wp\/v2\/comments?post=30136"}],"version-history":[{"count":5,"href":"https:\/\/fundacioateneusantroc.org\/es\/wp-json\/wp\/v2\/posts\/30136\/revisions"}],"predecessor-version":[{"id":54668,"href":"https:\/\/fundacioateneusantroc.org\/es\/wp-json\/wp\/v2\/posts\/30136\/revisions\/54668"}],"wp:featuredmedia":[{"embeddable":true,"href":"https:\/\/fundacioateneusantroc.org\/es\/wp-json\/wp\/v2\/media\/22007"}],"wp:attachment":[{"href":"https:\/\/fundacioateneusantroc.org\/es\/wp-json\/wp\/v2\/media?parent=30136"}],"wp:term":[{"taxonomy":"category","embeddable":true,"href":"https:\/\/fundacioateneusantroc.org\/es\/wp-json\/wp\/v2\/categories?post=30136"},{"taxonomy":"post_tag","embeddable":true,"href":"https:\/\/fundacioateneusantroc.org\/es\/wp-json\/wp\/v2\/tags?post=30136"}],"curies":[{"name":"wp","href":"https:\/\/api.w.org\/{rel}","templated":true}]}}