{"id":30178,"date":"2014-04-25T00:00:00","date_gmt":"2014-04-24T22:00:00","guid":{"rendered":"http:\/\/fundacioateneusantroc.org\/menarini-visita-las-instalaciones-de-la-fundacio-ateneu-sant-roc\/"},"modified":"2023-07-14T12:28:16","modified_gmt":"2023-07-14T10:28:16","slug":"menarini-visita-las-instalaciones-de-la-fundacio-ateneu-sant-roc","status":"publish","type":"post","link":"https:\/\/fundacioateneusantroc.org\/es\/menarini-visita-las-instalaciones-de-la-fundacio-ateneu-sant-roc\/","title":{"rendered":"Menarini visita las instalaciones de la Fundaci\u00f3 Ateneu Sant Roc"},"content":{"rendered":"\n<div class=\"wp-block-image\"><figure class=\"aligncenter\"><img loading=\"lazy\" decoding=\"async\" width=\"1207\" height=\"738\" src=\"https:\/\/fundacioateneusantroc.org\/wp-content\/uploads\/Visita_Fundacio\u0301_Ateneu_Sant_Roc_min.jpg\" alt=\"Visita_Fundacio\u0301_Ateneu_Sant_Roc_min\" class=\"wp-image-7321\" srcset=\"https:\/\/fundacioateneusantroc.org\/wp-content\/uploads\/Visita_Fundacio\u0301_Ateneu_Sant_Roc_min.jpg 1207w, https:\/\/fundacioateneusantroc.org\/wp-content\/uploads\/Visita_Fundacio\u0301_Ateneu_Sant_Roc_min-720x440.jpg 720w, https:\/\/fundacioateneusantroc.org\/wp-content\/uploads\/Visita_Fundacio\u0301_Ateneu_Sant_Roc_min-960x586.jpg 960w\" sizes=\"auto, (max-width: 1207px) 100vw, 1207px\" \/><\/figure><\/div>\n\n\n\n<p class=\"has-text-align-center\"><\/p>\n\n\n\n<p>El Comit\u00e9 de Direcci\u00f3n de <a href=\"http:\/\/www.menarini.es\/\" target=\"_blank\" rel=\"noopener\">Grupo Menarini Espa\u00f1a<\/a>, encabezado por los consejeros Salvador Pons y Stefano Polga, ha visitado las instalaciones de la <a href=\"http:\/\/fundacioateneusantroc.org\/\/es\/\" target=\"_blank\" rel=\"noopener\">Fundaci\u00f3 Ateneu Sant Roc<\/a>, en las que se les ha presentado el estado de los proyectos de la fundaci\u00f3n en los que est\u00e1 involucrado el laboratorio farmac\u00e9utico.<\/p>\n\n\n\n<p>La visita a las instalaciones de la Fundaci\u00f3 Ateneu Sant Roc es un ejemplo m\u00e1s de la participaci\u00f3n de forma activa de Menarini en las iniciativas sociales de la ciudad de Badalona, donde tiene su sede desde hace m\u00e1s de 40 a\u00f1os.<\/p>\n\n\n\n<p>La <a href=\"https:\/\/twitter.com\/ateneusantroc\" target=\"_blank\" rel=\"noopener\">Fundaci\u00f3 Ateneu Sant Roc<\/a> es una entidad de iniciativa social que promueve proyectos socioeducativos en el <strong>barrio de Sant Roc de Badalona<\/strong>, dirigidos a ni\u00f1os, j\u00f3venes y adultos, incidiendo especialmente en los colectivos en situaci\u00f3n de alto riesgo social. Entre sus proyectos destacan actividades de promoci\u00f3n sociocultural y educativa, potenciando especialmente la participaci\u00f3n de las mujeres en las actividades culturales y formativas, adem\u00e1s del fomento de la sociabilidad, la convivencia, la relaci\u00f3n y la comunicaci\u00f3n de los m\u00e1s peque\u00f1os, todo ello desde una concienciaci\u00f3n por el respeto del medio ambiente.<\/p>\n\n\n\n<p>>>Veure a Menarini premsa: http:\/\/www.menarini.es\/sala-de-prensa\/notas-de-prensa\/5614-menarini-visita-las-instalaciones-de-la-fundacio-ateneu-sant-roc.html<\/p>\n\n\n\n<p>&gt;&gt;<a href=\"http:\/\/www.menarini.es\/images\/notasprensa\/documentos\/NP%20Visita%20Fundaci%20Ateneu%20Sant%20Roc.pdf\" target=\"_blank\" rel=\"noopener\">Descarregar pdf<\/a><\/p>\n","protected":false},"excerpt":{"rendered":"<p>El Comit\u00e9 de Direcci\u00f3n de Grupo Menarini Espa\u00f1a, encabezado por los consejeros Salvador Pons y Stefano [&hellip;]<\/p>\n","protected":false},"author":2,"featured_media":7322,"comment_status":"open","ping_status":"open","sticky":false,"template":"","format":"standard","meta":{"footnotes":""},"categories":[2,333],"tags":[1478,736,1434,1526],"class_list":["post-30178","post","type-post","status-publish","format-standard","has-post-thumbnail","hentry","category-premsa","category-prensa","tag-barrio","tag-cooperacio-i-solidaritat","tag-menarini-es","tag-nota-de-prensa"],"_links":{"self":[{"href":"https:\/\/fundacioateneusantroc.org\/es\/wp-json\/wp\/v2\/posts\/30178","targetHints":{"allow":["GET"]}}],"collection":[{"href":"https:\/\/fundacioateneusantroc.org\/es\/wp-json\/wp\/v2\/posts"}],"about":[{"href":"https:\/\/fundacioateneusantroc.org\/es\/wp-json\/wp\/v2\/types\/post"}],"author":[{"embeddable":true,"href":"https:\/\/fundacioateneusantroc.org\/es\/wp-json\/wp\/v2\/users\/2"}],"replies":[{"embeddable":true,"href":"https:\/\/fundacioateneusantroc.org\/es\/wp-json\/wp\/v2\/comments?post=30178"}],"version-history":[{"count":1,"href":"https:\/\/fundacioateneusantroc.org\/es\/wp-json\/wp\/v2\/posts\/30178\/revisions"}],"predecessor-version":[{"id":55776,"href":"https:\/\/fundacioateneusantroc.org\/es\/wp-json\/wp\/v2\/posts\/30178\/revisions\/55776"}],"wp:featuredmedia":[{"embeddable":true,"href":"https:\/\/fundacioateneusantroc.org\/es\/wp-json\/wp\/v2\/media\/7322"}],"wp:attachment":[{"href":"https:\/\/fundacioateneusantroc.org\/es\/wp-json\/wp\/v2\/media?parent=30178"}],"wp:term":[{"taxonomy":"category","embeddable":true,"href":"https:\/\/fundacioateneusantroc.org\/es\/wp-json\/wp\/v2\/categories?post=30178"},{"taxonomy":"post_tag","embeddable":true,"href":"https:\/\/fundacioateneusantroc.org\/es\/wp-json\/wp\/v2\/tags?post=30178"}],"curies":[{"name":"wp","href":"https:\/\/api.w.org\/{rel}","templated":true}]}}