{"id":30323,"date":"2010-09-02T10:00:00","date_gmt":"2010-09-02T08:00:00","guid":{"rendered":"http:\/\/fundacioateneusantroc.org\/als-limits-18-resiliencia-als-limits\/"},"modified":"2023-07-14T12:28:55","modified_gmt":"2023-07-14T10:28:55","slug":"als-limits-18","status":"publish","type":"post","link":"https:\/\/fundacioateneusantroc.org\/es\/als-limits-18\/","title":{"rendered":"[ALS L\u00cdMITS 18] Resili\u00e8ncia als l\u00edmits"},"content":{"rendered":"<p>Gent que ha quedat exclosa del sistema i que no t\u00e9 els recursos ni econ\u00f2mics ni socials per tornar o per entrar-hi: Qui s\u00f3n? Com han arribat fins a aquell cercle distant i lluny\u00e0? Per qu\u00e8 s\u00f3n all\u00e0? Qu\u00e8 fan? Com es comporten? Poden tornar? I si parlem de dins i fora&#8230; hem d\u2019introduir una zona d\u2019ombra a mig cam\u00ed entre dins i fora&#8230; la zona de vulnerabilitat, caracteritzada per una inestabilitat que es manifesta en inseguretat i precarietat respecte a la seva situaci\u00f3 laboral, i que es tradueix en una fragilitat dels suports socials i familiars.<\/p>\n<p><a title=\"[Als L\u00edmits 18]\" href=\"http:\/\/fundacioateneusantroc.org\/\/wp-content\/uploads\/18setembre10.pdf\" target=\"_blank\" rel=\"noopener\">&gt;&gt;Descarregar PDF<\/a><\/p>\n","protected":false},"excerpt":{"rendered":"<p>Gent que ha quedat exclosa del sistema i que no t\u00e9 els recursos ni econ\u00f2mics ni [&hellip;]<\/p>\n","protected":false},"author":3,"featured_media":3838,"comment_status":"open","ping_status":"open","sticky":false,"template":"","format":"standard","meta":{"footnotes":""},"categories":[646,654],"tags":[1498,1537,879],"class_list":["post-30323","post","type-post","status-publish","format-standard","has-post-thumbnail","hentry","category-articles-dinteres","category-articulos-deinteres-es","tag-exclusion-social","tag-revista-es","tag-revista"],"_links":{"self":[{"href":"https:\/\/fundacioateneusantroc.org\/es\/wp-json\/wp\/v2\/posts\/30323","targetHints":{"allow":["GET"]}}],"collection":[{"href":"https:\/\/fundacioateneusantroc.org\/es\/wp-json\/wp\/v2\/posts"}],"about":[{"href":"https:\/\/fundacioateneusantroc.org\/es\/wp-json\/wp\/v2\/types\/post"}],"author":[{"embeddable":true,"href":"https:\/\/fundacioateneusantroc.org\/es\/wp-json\/wp\/v2\/users\/3"}],"replies":[{"embeddable":true,"href":"https:\/\/fundacioateneusantroc.org\/es\/wp-json\/wp\/v2\/comments?post=30323"}],"version-history":[{"count":1,"href":"https:\/\/fundacioateneusantroc.org\/es\/wp-json\/wp\/v2\/posts\/30323\/revisions"}],"predecessor-version":[{"id":32642,"href":"https:\/\/fundacioateneusantroc.org\/es\/wp-json\/wp\/v2\/posts\/30323\/revisions\/32642"}],"wp:featuredmedia":[{"embeddable":true,"href":"https:\/\/fundacioateneusantroc.org\/es\/wp-json\/wp\/v2\/media\/3838"}],"wp:attachment":[{"href":"https:\/\/fundacioateneusantroc.org\/es\/wp-json\/wp\/v2\/media?parent=30323"}],"wp:term":[{"taxonomy":"category","embeddable":true,"href":"https:\/\/fundacioateneusantroc.org\/es\/wp-json\/wp\/v2\/categories?post=30323"},{"taxonomy":"post_tag","embeddable":true,"href":"https:\/\/fundacioateneusantroc.org\/es\/wp-json\/wp\/v2\/tags?post=30323"}],"curies":[{"name":"wp","href":"https:\/\/api.w.org\/{rel}","templated":true}]}}