{"id":30346,"date":"2009-01-02T10:00:00","date_gmt":"2009-01-02T09:00:00","guid":{"rendered":"http:\/\/fundacioateneusantroc.org\/als-limits-16-10-anys-de-camp-de-treball\/"},"modified":"2023-07-14T12:29:01","modified_gmt":"2023-07-14T10:29:01","slug":"als-limits-16","status":"publish","type":"post","link":"https:\/\/fundacioateneusantroc.org\/es\/als-limits-16\/","title":{"rendered":"[ALS L\u00cdMITS 16] 10 anys de Camp de treball"},"content":{"rendered":"<p>Amb l\u2019objectiu de donar a con\u00e8ixer la realitat del Quart M\u00f3n als joves va n\u00e9ixer el camp de treball \u201cInf\u00e0ncia en risc social\u201d. Han estat 10 anys aprofundint en la realitat de la pobresa i l\u2019exclusi\u00f3 social, posant cara i gestos a les vides de la perif\u00e8ria, compartint, aprenent, obrint els ulls, omplint-nos d\u2019energia jove.<\/p>\n<p>El que va comen\u00e7ar amb una experi\u00e8ncia petita s\u2019ha convertit en m\u00e9s de 50 persones que han treballat dur al Casal, han fet reflexi\u00f3 a fons sobre la realitat del 4t m\u00f3n. Han compartit piscines i preg\u00e0ries. Han rentat plats plegats i han fet volar estels.<\/p>\n<p><a title=\"[Als L\u00edmits 16]\" href=\"http:\/\/fundacioateneusantroc.org\/\/wp-content\/uploads\/16hivern09.pdf\" target=\"_blank\" rel=\"noopener\">&gt;&gt;Descarregar PDF<\/a><\/p>\n","protected":false},"excerpt":{"rendered":"<p>Amb l\u2019objectiu de donar a con\u00e8ixer la realitat del Quart M\u00f3n als joves va n\u00e9ixer el [&hellip;]<\/p>\n","protected":false},"author":2,"featured_media":3682,"comment_status":"open","ping_status":"open","sticky":false,"template":"","format":"standard","meta":{"footnotes":""},"categories":[646,654],"tags":[1393,1460,1465,1514,879,1537,1538],"class_list":["post-30346","post","type-post","status-publish","format-standard","has-post-thumbnail","hentry","category-articles-dinteres","category-articulos-deinteres-es","tag-actividades-de-vacaciones","tag-aniversario","tag-campo-de-trabajo","tag-infancia-es","tag-revista","tag-revista-es","tag-riesgo-social"],"_links":{"self":[{"href":"https:\/\/fundacioateneusantroc.org\/es\/wp-json\/wp\/v2\/posts\/30346","targetHints":{"allow":["GET"]}}],"collection":[{"href":"https:\/\/fundacioateneusantroc.org\/es\/wp-json\/wp\/v2\/posts"}],"about":[{"href":"https:\/\/fundacioateneusantroc.org\/es\/wp-json\/wp\/v2\/types\/post"}],"author":[{"embeddable":true,"href":"https:\/\/fundacioateneusantroc.org\/es\/wp-json\/wp\/v2\/users\/2"}],"replies":[{"embeddable":true,"href":"https:\/\/fundacioateneusantroc.org\/es\/wp-json\/wp\/v2\/comments?post=30346"}],"version-history":[{"count":2,"href":"https:\/\/fundacioateneusantroc.org\/es\/wp-json\/wp\/v2\/posts\/30346\/revisions"}],"predecessor-version":[{"id":32645,"href":"https:\/\/fundacioateneusantroc.org\/es\/wp-json\/wp\/v2\/posts\/30346\/revisions\/32645"}],"wp:featuredmedia":[{"embeddable":true,"href":"https:\/\/fundacioateneusantroc.org\/es\/wp-json\/wp\/v2\/media\/3682"}],"wp:attachment":[{"href":"https:\/\/fundacioateneusantroc.org\/es\/wp-json\/wp\/v2\/media?parent=30346"}],"wp:term":[{"taxonomy":"category","embeddable":true,"href":"https:\/\/fundacioateneusantroc.org\/es\/wp-json\/wp\/v2\/categories?post=30346"},{"taxonomy":"post_tag","embeddable":true,"href":"https:\/\/fundacioateneusantroc.org\/es\/wp-json\/wp\/v2\/tags?post=30346"}],"curies":[{"name":"wp","href":"https:\/\/api.w.org\/{rel}","templated":true}]}}