{"id":30398,"date":"2007-05-02T10:00:00","date_gmt":"2007-05-02T08:00:00","guid":{"rendered":"http:\/\/fundacioateneusantroc.org\/als-limits-14-fira-dartesania\/"},"modified":"2023-07-14T12:29:04","modified_gmt":"2023-07-14T10:29:04","slug":"als-limits-14","status":"publish","type":"post","link":"https:\/\/fundacioateneusantroc.org\/es\/als-limits-14\/","title":{"rendered":"[ALS L\u00cdMITS  14] Fira d&#8217;artesania"},"content":{"rendered":"<p>Se\u00f1or Ministro:<\/p>\n<p>El motivo de esta carta es cursarle una invitaci\u00f3n para que visite la sede de nuestra Fundaci\u00f3 Ateneu Sant Roc y, por extensi\u00f3n, el barrio de Sant Roc en Badalona.<\/p>\n<p>Sabemos que \u00e9sta no es la primera invitaci\u00f3n que recibe para visitar el barrio despu\u00e9s que usted haya minimizado, en una entrevista, la existencia de inmigraci\u00f3n ilegal en Espa\u00f1a. Nosotros nos alejamos de la rivalidad entre partidos pol\u00edticos y queremos invitarle desde otro punto de vista.<\/p>\n<p>Nuestra Fundaci\u00f3 trabaja en un entorno d\u00f3nde las diferentes capas de inmigraci\u00f3n se han ido superponiendo y hoy se entrelazan. Convivimos los nacidos en Badalona, los llegados de sur de Espa\u00f1a hace treinta o cuarenta, o quiz\u00e1s m\u00e1s, a\u00f1os; una numerosa comunidad gitana y las personas que \u2013legales o no- van llegando constantemente de fuera de nuestras fronteras.<\/p>\n<p>La Fundaci\u00f3 Ateneu Sant Roc abre cada d\u00eda sus puertas a todas estas personas.<\/p>\n<p>Nos gustar\u00eda que entendiera esta invitaci\u00f3n como una v\u00eda para entrar a conocer una realidad que, como ministro de Asuntos Sociales, le\u00eddas sus declaraciones, quiz\u00e1 le pueda interesar.<\/p>\n<p>Badalona, \u2026 de \u2026 de 2007<\/p>\n<p>Fundaci\u00f3 Ateneu Sant Roc<\/p>\n<p>&nbsp;<\/p>\n<p><a title=\"[Als L\u00edmits 14]\" href=\"http:\/\/fundacioateneusantroc.org\/\/wp-content\/uploads\/14primavera07.pdf\" target=\"_blank\" rel=\"noopener\">&gt;&gt;Descarrega PDF<\/a><\/p>\n","protected":false},"excerpt":{"rendered":"<p>Se\u00f1or Ministro: El motivo de esta carta es cursarle una invitaci\u00f3n para que visite la sede [&hellip;]<\/p>\n","protected":false},"author":2,"featured_media":3841,"comment_status":"open","ping_status":"open","sticky":false,"template":"","format":"standard","meta":{"footnotes":""},"categories":[646,654],"tags":[1486,1537,879],"class_list":["post-30398","post","type-post","status-publish","format-standard","has-post-thumbnail","hentry","category-articles-dinteres","category-articulos-deinteres-es","tag-denuncia-es","tag-revista-es","tag-revista"],"_links":{"self":[{"href":"https:\/\/fundacioateneusantroc.org\/es\/wp-json\/wp\/v2\/posts\/30398","targetHints":{"allow":["GET"]}}],"collection":[{"href":"https:\/\/fundacioateneusantroc.org\/es\/wp-json\/wp\/v2\/posts"}],"about":[{"href":"https:\/\/fundacioateneusantroc.org\/es\/wp-json\/wp\/v2\/types\/post"}],"author":[{"embeddable":true,"href":"https:\/\/fundacioateneusantroc.org\/es\/wp-json\/wp\/v2\/users\/2"}],"replies":[{"embeddable":true,"href":"https:\/\/fundacioateneusantroc.org\/es\/wp-json\/wp\/v2\/comments?post=30398"}],"version-history":[{"count":2,"href":"https:\/\/fundacioateneusantroc.org\/es\/wp-json\/wp\/v2\/posts\/30398\/revisions"}],"predecessor-version":[{"id":32647,"href":"https:\/\/fundacioateneusantroc.org\/es\/wp-json\/wp\/v2\/posts\/30398\/revisions\/32647"}],"wp:featuredmedia":[{"embeddable":true,"href":"https:\/\/fundacioateneusantroc.org\/es\/wp-json\/wp\/v2\/media\/3841"}],"wp:attachment":[{"href":"https:\/\/fundacioateneusantroc.org\/es\/wp-json\/wp\/v2\/media?parent=30398"}],"wp:term":[{"taxonomy":"category","embeddable":true,"href":"https:\/\/fundacioateneusantroc.org\/es\/wp-json\/wp\/v2\/categories?post=30398"},{"taxonomy":"post_tag","embeddable":true,"href":"https:\/\/fundacioateneusantroc.org\/es\/wp-json\/wp\/v2\/tags?post=30398"}],"curies":[{"name":"wp","href":"https:\/\/api.w.org\/{rel}","templated":true}]}}