{"id":30464,"date":"2015-05-22T00:00:00","date_gmt":"2015-05-21T22:00:00","guid":{"rendered":"http:\/\/fundacioateneusantroc.org\/mujeres-y-barrio-en-red-cuidado-senores-candidatos\/"},"modified":"2023-07-14T12:26:59","modified_gmt":"2023-07-14T10:26:59","slug":"mujeres-y-barrio-en-red-cuidado-senores-candidatos","status":"publish","type":"post","link":"https:\/\/fundacioateneusantroc.org\/es\/mujeres-y-barrio-en-red-cuidado-senores-candidatos\/","title":{"rendered":"Mujeres y Barrio en Red: &#8220;\u00a1Cuidado, se\u00f1ores candidatos!&#8230;"},"content":{"rendered":"\n<p><strong>&#8230;Sant Roc tambi\u00e9n es Badalona\u201d<\/strong><\/p>\n\n\n\n<p>Esta fue una de las frases que los vecinos de Sant Roc repitieron m\u00e1s a sus alcaldables en las elecciones municipales del pr\u00f3ximo 24 de mayo. Con esta frase los vecinos expresan que se sienten en la perferia, al margen y reclaman dignidad e igualdad en el trato y en la distribuci\u00f3n de los recursos.<br>El colectivo de \u201cMujeres y Barrio en Red\u201d, <strong>un grupo de acci\u00f3n social con larga trayectoria en el barrio en la reivindicaci\u00f3n de la mejora del espacio p\u00fablico<\/strong>, aprovech\u00f3 los actos festivos de las Fiestas de Mayo con la XXXIII Feria de artesan\u00eda y Muestra de Entidades y Servicios que se hace en el barrio el primer domingo de mayo para recoger la voz de los vecinos y plasmarla en un muro participativo.<\/p>\n\n\n\n<p>Los vecinos se paraban a hablar y a pegar su sticker sobre lo que m\u00e1s les preocupa. El espacio p\u00fablico, la educaci\u00f3n y la vivienda, son los tres pilares que m\u00e1s preocupaciones vecinales aglutinaron. Vamos a hablar de ello.<\/p>\n\n\n\n<p><strong>Espacio p\u00fablico<br><\/strong>En relaci\u00f3n al espacio p\u00fablico se destaca, por una parte, la necesidad de tener las calles m\u00e1s arregladas, m\u00e1s papeleras, pavimentos y aceras en condiciones. Y por otra, mayor civismo de todos y todas. En concreto, se pide contar con <strong>brigadas de actuaci\u00f3n inmediata para frenar la degradaci\u00f3n<\/strong> que tiene lugar en barrios donde la sensaci\u00f3n social de \u201cdejadez\u201d r\u00e1pidamente genera m\u00e1s incivismo.<\/p>\n\n\n\n<p><strong>Educaci\u00f3n<br><\/strong>En relaci\u00f3n a la educaci\u00f3n, se menciona la sensibilidad de este \u00e1mbito en los recortes de recursos sociales \u201clos recortes hacen que la educaci\u00f3n vaya a peor\u201d. M\u00e1s compromiso de las escuelas, padres y administraciones para reducir el absentismo que hay en el barrio. Se necesita trabajar de cerca con las familias y crear m\u00e1s sensibilidad social alrededor de este tema. <strong>Hay que recuperar el trabajo social de calle<\/strong> con referentes educativos en estos espacios.<\/p>\n\n\n\n<p><strong>Vivienda<br><\/strong>En el tema de vivienda sobresale como tema estrella parar los desalojos en el barrio y la queja reiterada de las dificultades de gesti\u00f3n de las comunidades de vecinos, en las que los vecinos deben afrontar los recibos impagados de los que no pueden. <strong>Se necesita recuperar los proyectos de dinamizaci\u00f3n<\/strong> de las escaleras de vecinos.<\/p>\n\n\n\n<p><strong>Esta es la voz de los vecinos, que desean que sea recogida por sus candidatos a la Alcald\u00eda. Estamos aqu\u00ed para hablar de ello.<\/strong><\/p>\n\n\n\n<p>donesibarrienxarxa@gmail.com<\/p>\n","protected":false},"excerpt":{"rendered":"<p>&#8230;Sant Roc tambi\u00e9n es Badalona\u201d Esta fue una de las frases que los vecinos de Sant [&hellip;]<\/p>\n","protected":false},"author":2,"featured_media":11749,"comment_status":"open","ping_status":"open","sticky":false,"template":"","format":"standard","meta":{"footnotes":""},"categories":[654,646],"tags":[668,1419,1420,35],"class_list":["post-30464","post","type-post","status-publish","format-standard","has-post-thumbnail","hentry","category-articulos-deinteres-es","category-articles-dinteres","tag-dones-i-barri-en-xarxa","tag-dones-i-barri-en-xarxa-es","tag-fira-de-sant-roc-es","tag-fira-de-sant-roc"],"_links":{"self":[{"href":"https:\/\/fundacioateneusantroc.org\/es\/wp-json\/wp\/v2\/posts\/30464","targetHints":{"allow":["GET"]}}],"collection":[{"href":"https:\/\/fundacioateneusantroc.org\/es\/wp-json\/wp\/v2\/posts"}],"about":[{"href":"https:\/\/fundacioateneusantroc.org\/es\/wp-json\/wp\/v2\/types\/post"}],"author":[{"embeddable":true,"href":"https:\/\/fundacioateneusantroc.org\/es\/wp-json\/wp\/v2\/users\/2"}],"replies":[{"embeddable":true,"href":"https:\/\/fundacioateneusantroc.org\/es\/wp-json\/wp\/v2\/comments?post=30464"}],"version-history":[{"count":2,"href":"https:\/\/fundacioateneusantroc.org\/es\/wp-json\/wp\/v2\/posts\/30464\/revisions"}],"predecessor-version":[{"id":55088,"href":"https:\/\/fundacioateneusantroc.org\/es\/wp-json\/wp\/v2\/posts\/30464\/revisions\/55088"}],"wp:featuredmedia":[{"embeddable":true,"href":"https:\/\/fundacioateneusantroc.org\/es\/wp-json\/wp\/v2\/media\/11749"}],"wp:attachment":[{"href":"https:\/\/fundacioateneusantroc.org\/es\/wp-json\/wp\/v2\/media?parent=30464"}],"wp:term":[{"taxonomy":"category","embeddable":true,"href":"https:\/\/fundacioateneusantroc.org\/es\/wp-json\/wp\/v2\/categories?post=30464"},{"taxonomy":"post_tag","embeddable":true,"href":"https:\/\/fundacioateneusantroc.org\/es\/wp-json\/wp\/v2\/tags?post=30464"}],"curies":[{"name":"wp","href":"https:\/\/api.w.org\/{rel}","templated":true}]}}