{"id":30482,"date":"2015-03-28T00:00:00","date_gmt":"2015-03-27T23:00:00","guid":{"rendered":"http:\/\/fundacioateneusantroc.org\/arpilleras-en-vizcaya\/"},"modified":"2023-07-14T12:27:17","modified_gmt":"2023-07-14T10:27:17","slug":"arpilleras-en-vizcaya","status":"publish","type":"post","link":"https:\/\/fundacioateneusantroc.org\/es\/arpilleras-en-vizcaya\/","title":{"rendered":"Arpilleras en Vizcaya"},"content":{"rendered":"\n<p><span id=\"result_box\" class=\"\" lang=\"es\">Las arpilleristas de San Roque han viajado a Vizcaya para acompa\u00f1ar la exposici\u00f3n de las arpilleras indignadas. El Museo La Encartada de Balmaseda las ha invitado a la inauguraci\u00f3n de la exposici\u00f3n y tambi\u00e9n a dinamizar talleres con grupos de gente interesada en descubrir la fuerza comunicativa de las arpilleras.<\/span><\/p>\n\n\n\n<p>Hacemos una peque\u00f1a <span class=\"\">cr\u00f3nica de lo que<\/span> <span class=\"\">han sido tres<\/span> <span class=\"\">d\u00edas intensos<\/span> vividos <span class=\"\">en el Pa\u00eds<\/span> Vasco.<\/p>\n\n\n\n<p><\/p>\n\n\n\n<div class=\"wp-block-columns is-layout-flex wp-container-core-columns-is-layout-9d6595d7 wp-block-columns-is-layout-flex\">\n<div class=\"wp-block-column is-layout-flow wp-block-column-is-layout-flow\" style=\"flex-basis:33.33%\">\n<div class=\"wp-block-image\"><figure class=\"alignleft\"><a href=\"https:\/\/fundacioateneusantroc.org\/wp-content\/uploads\/inauguracion6.jpg\" target=\"_blank\" rel=\"noopener noreferrer\"><img loading=\"lazy\" decoding=\"async\" width=\"700\" height=\"467\" src=\"https:\/\/fundacioateneusantroc.org\/wp-content\/uploads\/inauguracion6.jpg\" alt=\"Inauguraci\u00f3\" class=\"wp-image-11146\" srcset=\"https:\/\/fundacioateneusantroc.org\/wp-content\/uploads\/inauguracion6.jpg 700w, https:\/\/fundacioateneusantroc.org\/wp-content\/uploads\/inauguracion6-300x200.jpg 300w\" sizes=\"auto, (max-width: 700px) 100vw, 700px\" \/><\/a><\/figure><\/div>\n<\/div>\n\n\n\n<div class=\"wp-block-column is-layout-flow wp-block-column-is-layout-flow\" style=\"flex-basis:66.66%\">\n<p><strong>Mi\u00e9rcoles&nbsp; 25&nbsp; y jueves 26 de marzo: <\/strong>Montage de las exposiciones de arpilleras.<\/p>\n\n\n\n<p><strong>Jueves, 26 de marzo:<\/strong> Inauguraci\u00f3n de la exposici\u00f3n <strong>COSIENDO PAZ: Conflicto, Arpilleras, Memoria<\/strong> de la colecci\u00f3n CONFLICTOS TEXTILES y de la exposici\u00f3 <strong>Arpilleras indignadas<\/strong> de las arpilleristas de Sant Roc en el Museu La Encartada de Balmaseda (Vizcaya).<\/p>\n\n\n\n<p>La primera contiene obras que denuncian la violaci\u00f3n de los derechos humanos en Chile y tambi\u00e9n en otros lugares del mundo: Irlanda del Norte, Afganist\u00e1n, Zimbabwe &#8230; Cuenta con dos arpilleras sobre la Guerra civil espa\u00f1ola hechas por el grupo de arpilleristes de San Roque. La segunda muestra la indignaci\u00f3n de las mujeres de San Roque ante temas tan punzantes como los desahucios o los recortes en la sanidad.<\/p>\n\n\n\n<p>En la inauguraci\u00f3n participaron Miren Josune Ariztondo (Diputada Foral de Cultura), Bego\u00f1a de Ibarra (directora del Museo La Encartada), Iratxe Momoitio (directora del Museo de la Paz de Gernika), Roberta Bacic (investigadora en derechos humanos) y Pilar L\u00f3pez (coordinadora de la Fundaci\u00f3n Ateneo San Roque).<\/p>\n\n\n\n<p>El acto&nbsp;se complet\u00f3&nbsp;con una visita&nbsp;guiada a las&nbsp;dos exposiciones.<\/p>\n<\/div>\n<\/div>\n\n\n\n<div class=\"wp-block-columns is-layout-flex wp-container-core-columns-is-layout-9d6595d7 wp-block-columns-is-layout-flex\">\n<div class=\"wp-block-column is-layout-flow wp-block-column-is-layout-flow\" style=\"flex-basis:33.33%\">\n<div class=\"wp-block-image\"><figure class=\"alignleft\"><a href=\"https:\/\/fundacioateneusantroc.org\/wp-content\/uploads\/visitaguiada9.jpg\" target=\"_blank\" rel=\"noopener noreferrer\"><img loading=\"lazy\" decoding=\"async\" width=\"700\" height=\"467\" src=\"https:\/\/fundacioateneusantroc.org\/wp-content\/uploads\/visitaguiada9.jpg\" alt=\"Visita guiada\" class=\"wp-image-11167\" srcset=\"https:\/\/fundacioateneusantroc.org\/wp-content\/uploads\/visitaguiada9.jpg 700w, https:\/\/fundacioateneusantroc.org\/wp-content\/uploads\/visitaguiada9-300x200.jpg 300w\" sizes=\"auto, (max-width: 700px) 100vw, 700px\" \/><\/a><\/figure><\/div>\n<\/div>\n\n\n\n<div class=\"wp-block-column is-layout-flow wp-block-column-is-layout-flow\" style=\"flex-basis:66.66%\">\n<p><span id=\"result_box\" class=\"\" lang=\"es\"><strong>Viernes, 27 de marzo: <\/strong><\/span><span id=\"result_box\" class=\"\" lang=\"es\"><\/span><span id=\"result_box\" class=\"\" lang=\"ca\">Realizamos <span class=\"\">dos <\/span><\/span><span id=\"result_box\" class=\"\" lang=\"es\">talleres informativos sobre el mundo de las arpilleras: visi\u00f3n de un documental, visita guiada por las exposiciones y elaboraci\u00f3n de un personaje que se expondr\u00e1 junto con las <span class=\"\">arpilleras<\/span> <span class=\"\">de conflicto.<\/span> El primer taller fue dirigido al personal del museo para <span class=\"\">formarlo en<\/span> <span class=\"\">la elaboraci\u00f3n de<\/span> arpilleras a fin de que puedan explicar <span class=\"\">las exposiciones<\/span> <span class=\"\">y dinamizar los<\/span> talleres. <span class=\"\">En el segundo<\/span> taller participaron <span class=\"\">mujeres del pueblo<\/span> de Balmaseda relacionadas <span class=\"\">con el Museo<\/span> y con <span class=\"\">Asociaciones<\/span> <span class=\"\">de la ciudad.<\/span><\/span><\/p>\n\n\n\n<p><strong>S\u00e1bado, 28 de marzo:<span id=\"result_box\" class=\"\" lang=\"es\">&nbsp;<\/span><\/strong>Un <span id=\"result_box\" class=\"\" lang=\"es\">nuevo taller con una presentaci\u00f3n sobre el proceso arpillerista del grupo del Ateneo. Visita guiada a cargo de Roberta Bacic, Manoli Garc\u00eda y Antonia Amador. Las participantes del taller <span class=\"\">han sido mujeres<\/span> de los pueblos de la zona <span class=\"\">vinculadas a movimientos<\/span> <span class=\"\">socioculturales.<\/span><\/span><span id=\"result_box\" class=\"\" lang=\"ca\"> <\/span><\/p>\n<\/div>\n<\/div>\n\n\n\n<p><span id=\"result_box\" class=\"\" lang=\"ca\">Una <span id=\"result_box\" class=\"\" lang=\"es\">vez m\u00e1s, las arpilleras embajadoras nos dan la oportunidad de pasar las fronteras del barrio de San Roque y compartir experiencias. Esperamos que este trabajo <span class=\"\">encuentre un lugar<\/span> en Balmaseda y pronto podamos ver una exposici\u00f3n con arpilleras <span class=\"\">vascas.<\/span><\/span><\/span><\/p>\n\n\n\n<p>Agradecemos la fant\u00e1stica acogida <span class=\"\">de la gente<\/span> de Balmaseda y los espacios compartidos que nos han permitido <span class=\"\">disfrutar de estos<\/span> <span class=\"\">d\u00edas.<\/span><\/p>\n\n\n\n<p>Agra\u00efm la fant\u00e0stica <span class=\"\">acollida<\/span> de la gent <span class=\"\">de Balmaseda<\/span> <span class=\"\">i els<\/span> <span class=\"\">espais<\/span> compartits que ens han perm\u00e8s de gaudir d&#8217;aquests <span class=\"\">dies.<\/span><\/p>\n\n\n\n<figure class=\"wp-block-gallery columns-4 is-cropped wp-block-gallery-1 is-layout-flex wp-block-gallery-is-layout-flex\"><ul class=\"blocks-gallery-grid\"><li class=\"blocks-gallery-item\"><figure><a href=\"https:\/\/fundacioateneusantroc.org\/?attachment_id=11138\"><img loading=\"lazy\" decoding=\"async\" width=\"500\" height=\"500\" src=\"https:\/\/fundacioateneusantroc.org\/wp-content\/uploads\/Invitacion-arpilleras2.jpg\" alt=\"\" data-id=\"11138\" data-full-url=\"https:\/\/fundacioateneusantroc.org\/wp-content\/uploads\/Invitacion-arpilleras2.jpg\" data-link=\"https:\/\/fundacioateneusantroc.org\/?attachment_id=11138\" class=\"wp-image-11140\" srcset=\"https:\/\/fundacioateneusantroc.org\/wp-content\/uploads\/Invitacion-arpilleras2.jpg 500w, https:\/\/fundacioateneusantroc.org\/wp-content\/uploads\/Invitacion-arpilleras2-150x150.jpg 150w\" sizes=\"auto, (max-width: 500px) 100vw, 500px\" \/><\/a><\/figure><\/li><li class=\"blocks-gallery-item\"><figure><a href=\"https:\/\/fundacioateneusantroc.org\/?attachment_id=10775\"><img loading=\"lazy\" decoding=\"async\" width=\"510\" height=\"331\" src=\"https:\/\/fundacioateneusantroc.org\/wp-content\/uploads\/museo1.jpg\" alt=\"\" data-id=\"10775\" data-full-url=\"https:\/\/fundacioateneusantroc.org\/wp-content\/uploads\/museo1.jpg\" data-link=\"https:\/\/fundacioateneusantroc.org\/?attachment_id=10775\" class=\"wp-image-10777\"><\/a><\/figure><\/li><li class=\"blocks-gallery-item\"><figure><a href=\"https:\/\/fundacioateneusantroc.org\/?attachment_id=11180\"><img loading=\"lazy\" decoding=\"async\" width=\"700\" height=\"467\" src=\"https:\/\/fundacioateneusantroc.org\/wp-content\/uploads\/preparacion6.jpg\" alt=\"\" data-id=\"11180\" data-full-url=\"https:\/\/fundacioateneusantroc.org\/wp-content\/uploads\/preparacion6.jpg\" data-link=\"https:\/\/fundacioateneusantroc.org\/?attachment_id=11180\" class=\"wp-image-11182\" srcset=\"https:\/\/fundacioateneusantroc.org\/wp-content\/uploads\/preparacion6.jpg 700w, https:\/\/fundacioateneusantroc.org\/wp-content\/uploads\/preparacion6-300x200.jpg 300w\" sizes=\"auto, (max-width: 700px) 100vw, 700px\" \/><\/a><\/figure><\/li><li class=\"blocks-gallery-item\"><figure><a href=\"https:\/\/fundacioateneusantroc.org\/?attachment_id=11177\"><img loading=\"lazy\" decoding=\"async\" width=\"700\" height=\"467\" src=\"https:\/\/fundacioateneusantroc.org\/wp-content\/uploads\/preparacion2.jpg\" alt=\"\" data-id=\"11177\" data-full-url=\"https:\/\/fundacioateneusantroc.org\/wp-content\/uploads\/preparacion2.jpg\" data-link=\"https:\/\/fundacioateneusantroc.org\/?attachment_id=11177\" class=\"wp-image-11179\" srcset=\"https:\/\/fundacioateneusantroc.org\/wp-content\/uploads\/preparacion2.jpg 700w, https:\/\/fundacioateneusantroc.org\/wp-content\/uploads\/preparacion2-300x200.jpg 300w\" sizes=\"auto, (max-width: 700px) 100vw, 700px\" \/><\/a><\/figure><\/li><li class=\"blocks-gallery-item\"><figure><a href=\"https:\/\/fundacioateneusantroc.org\/?attachment_id=11150\"><img loading=\"lazy\" decoding=\"async\" width=\"700\" height=\"382\" src=\"https:\/\/fundacioateneusantroc.org\/wp-content\/uploads\/inauguracion5.jpg\" alt=\"\" data-id=\"11150\" data-full-url=\"https:\/\/fundacioateneusantroc.org\/wp-content\/uploads\/inauguracion5.jpg\" data-link=\"https:\/\/fundacioateneusantroc.org\/?attachment_id=11150\" class=\"wp-image-11152\"><\/a><\/figure><\/li><li class=\"blocks-gallery-item\"><figure><a href=\"https:\/\/fundacioateneusantroc.org\/?attachment_id=11147\"><img loading=\"lazy\" decoding=\"async\" width=\"700\" height=\"467\" src=\"https:\/\/fundacioateneusantroc.org\/wp-content\/uploads\/inauguracion8.jpg\" alt=\"\" data-id=\"11147\" data-full-url=\"https:\/\/fundacioateneusantroc.org\/wp-content\/uploads\/inauguracion8.jpg\" data-link=\"https:\/\/fundacioateneusantroc.org\/?attachment_id=11147\" class=\"wp-image-11149\" srcset=\"https:\/\/fundacioateneusantroc.org\/wp-content\/uploads\/inauguracion8.jpg 700w, https:\/\/fundacioateneusantroc.org\/wp-content\/uploads\/inauguracion8-300x200.jpg 300w\" sizes=\"auto, (max-width: 700px) 100vw, 700px\" \/><\/a><\/figure><\/li><li class=\"blocks-gallery-item\"><figure><a href=\"https:\/\/fundacioateneusantroc.org\/?attachment_id=11162\"><img loading=\"lazy\" decoding=\"async\" width=\"700\" height=\"467\" src=\"https:\/\/fundacioateneusantroc.org\/wp-content\/uploads\/visitaguiada1clara.jpg\" alt=\"\" data-id=\"11162\" data-full-url=\"https:\/\/fundacioateneusantroc.org\/wp-content\/uploads\/visitaguiada1clara.jpg\" data-link=\"https:\/\/fundacioateneusantroc.org\/?attachment_id=11162\" class=\"wp-image-11164\" srcset=\"https:\/\/fundacioateneusantroc.org\/wp-content\/uploads\/visitaguiada1clara.jpg 700w, https:\/\/fundacioateneusantroc.org\/wp-content\/uploads\/visitaguiada1clara-300x200.jpg 300w\" sizes=\"auto, (max-width: 700px) 100vw, 700px\" \/><\/a><\/figure><\/li><li class=\"blocks-gallery-item\"><figure><a href=\"https:\/\/fundacioateneusantroc.org\/?attachment_id=11187\"><img loading=\"lazy\" decoding=\"async\" width=\"700\" height=\"347\" src=\"https:\/\/fundacioateneusantroc.org\/wp-content\/uploads\/visitaguiada2.jpg\" alt=\"\" data-id=\"11187\" data-full-url=\"https:\/\/fundacioateneusantroc.org\/wp-content\/uploads\/visitaguiada2.jpg\" data-link=\"https:\/\/fundacioateneusantroc.org\/?attachment_id=11187\" class=\"wp-image-11189\"><\/a><\/figure><\/li><li class=\"blocks-gallery-item\"><figure><a href=\"https:\/\/fundacioateneusantroc.org\/?attachment_id=11171\"><img loading=\"lazy\" decoding=\"async\" width=\"700\" height=\"467\" src=\"https:\/\/fundacioateneusantroc.org\/wp-content\/uploads\/taller11.jpg\" alt=\"\" data-id=\"11171\" data-full-url=\"https:\/\/fundacioateneusantroc.org\/wp-content\/uploads\/taller11.jpg\" data-link=\"https:\/\/fundacioateneusantroc.org\/?attachment_id=11171\" class=\"wp-image-11173\" srcset=\"https:\/\/fundacioateneusantroc.org\/wp-content\/uploads\/taller11.jpg 700w, https:\/\/fundacioateneusantroc.org\/wp-content\/uploads\/taller11-300x200.jpg 300w\" sizes=\"auto, (max-width: 700px) 100vw, 700px\" \/><\/a><\/figure><\/li><li class=\"blocks-gallery-item\"><figure><a href=\"https:\/\/fundacioateneusantroc.org\/?attachment_id=11168\"><img loading=\"lazy\" decoding=\"async\" width=\"700\" height=\"467\" src=\"https:\/\/fundacioateneusantroc.org\/wp-content\/uploads\/taller13.jpg\" alt=\"\" data-id=\"11168\" data-full-url=\"https:\/\/fundacioateneusantroc.org\/wp-content\/uploads\/taller13.jpg\" data-link=\"https:\/\/fundacioateneusantroc.org\/?attachment_id=11168\" class=\"wp-image-11170\" srcset=\"https:\/\/fundacioateneusantroc.org\/wp-content\/uploads\/taller13.jpg 700w, https:\/\/fundacioateneusantroc.org\/wp-content\/uploads\/taller13-300x200.jpg 300w\" sizes=\"auto, (max-width: 700px) 100vw, 700px\" \/><\/a><\/figure><\/li><li class=\"blocks-gallery-item\"><figure><a href=\"https:\/\/fundacioateneusantroc.org\/?attachment_id=11183\"><img loading=\"lazy\" decoding=\"async\" width=\"700\" height=\"467\" src=\"https:\/\/fundacioateneusantroc.org\/wp-content\/uploads\/taller22.jpg\" alt=\"\" data-id=\"11183\" data-full-url=\"https:\/\/fundacioateneusantroc.org\/wp-content\/uploads\/taller22.jpg\" data-link=\"https:\/\/fundacioateneusantroc.org\/?attachment_id=11183\" class=\"wp-image-11185\" srcset=\"https:\/\/fundacioateneusantroc.org\/wp-content\/uploads\/taller22.jpg 700w, https:\/\/fundacioateneusantroc.org\/wp-content\/uploads\/taller22-300x200.jpg 300w\" sizes=\"auto, (max-width: 700px) 100vw, 700px\" \/><\/a><\/figure><\/li><li class=\"blocks-gallery-item\"><figure><a href=\"https:\/\/fundacioateneusantroc.org\/?attachment_id=11174\"><img loading=\"lazy\" decoding=\"async\" width=\"700\" height=\"467\" src=\"https:\/\/fundacioateneusantroc.org\/wp-content\/uploads\/taller23.jpg\" alt=\"\" data-id=\"11174\" data-full-url=\"https:\/\/fundacioateneusantroc.org\/wp-content\/uploads\/taller23.jpg\" data-link=\"https:\/\/fundacioateneusantroc.org\/?attachment_id=11174\" class=\"wp-image-11176\" srcset=\"https:\/\/fundacioateneusantroc.org\/wp-content\/uploads\/taller23.jpg 700w, https:\/\/fundacioateneusantroc.org\/wp-content\/uploads\/taller23-300x200.jpg 300w\" sizes=\"auto, (max-width: 700px) 100vw, 700px\" \/><\/a><\/figure><\/li><li class=\"blocks-gallery-item\"><figure><a href=\"https:\/\/fundacioateneusantroc.org\/?attachment_id=11141\"><img loading=\"lazy\" decoding=\"async\" width=\"700\" height=\"467\" src=\"https:\/\/fundacioateneusantroc.org\/wp-content\/uploads\/taller36.jpg\" alt=\"\" data-id=\"11141\" data-full-url=\"https:\/\/fundacioateneusantroc.org\/wp-content\/uploads\/taller36.jpg\" data-link=\"https:\/\/fundacioateneusantroc.org\/?attachment_id=11141\" class=\"wp-image-11143\" srcset=\"https:\/\/fundacioateneusantroc.org\/wp-content\/uploads\/taller36.jpg 700w, https:\/\/fundacioateneusantroc.org\/wp-content\/uploads\/taller36-300x200.jpg 300w\" sizes=\"auto, (max-width: 700px) 100vw, 700px\" \/><\/a><\/figure><\/li><li class=\"blocks-gallery-item\"><figure><a href=\"https:\/\/fundacioateneusantroc.org\/?attachment_id=11156\"><img loading=\"lazy\" decoding=\"async\" width=\"700\" height=\"467\" src=\"https:\/\/fundacioateneusantroc.org\/wp-content\/uploads\/taller34.jpg\" alt=\"\" data-id=\"11156\" data-full-url=\"https:\/\/fundacioateneusantroc.org\/wp-content\/uploads\/taller34.jpg\" data-link=\"https:\/\/fundacioateneusantroc.org\/?attachment_id=11156\" class=\"wp-image-11158\" srcset=\"https:\/\/fundacioateneusantroc.org\/wp-content\/uploads\/taller34.jpg 700w, https:\/\/fundacioateneusantroc.org\/wp-content\/uploads\/taller34-300x200.jpg 300w\" sizes=\"auto, (max-width: 700px) 100vw, 700px\" \/><\/a><\/figure><\/li><\/ul><\/figure>\n","protected":false},"excerpt":{"rendered":"<p>Las arpilleristas de San Roque han viajado a Vizcaya para acompa\u00f1ar la exposici\u00f3n de las arpilleras [&hellip;]<\/p>\n","protected":false},"author":2,"featured_media":11153,"comment_status":"open","ping_status":"open","sticky":false,"template":"","format":"standard","meta":{"footnotes":""},"categories":[1056,787],"tags":[1473,1490,1511,1444],"class_list":["post-30482","post","type-post","status-publish","format-standard","has-post-thumbnail","hentry","category-arpilleres-es","category-les-arpilleres","tag-arpilleras-es","tag-derechos-humanos","tag-indignadas","tag-roberta-bacic-es"],"_links":{"self":[{"href":"https:\/\/fundacioateneusantroc.org\/es\/wp-json\/wp\/v2\/posts\/30482","targetHints":{"allow":["GET"]}}],"collection":[{"href":"https:\/\/fundacioateneusantroc.org\/es\/wp-json\/wp\/v2\/posts"}],"about":[{"href":"https:\/\/fundacioateneusantroc.org\/es\/wp-json\/wp\/v2\/types\/post"}],"author":[{"embeddable":true,"href":"https:\/\/fundacioateneusantroc.org\/es\/wp-json\/wp\/v2\/users\/2"}],"replies":[{"embeddable":true,"href":"https:\/\/fundacioateneusantroc.org\/es\/wp-json\/wp\/v2\/comments?post=30482"}],"version-history":[{"count":8,"href":"https:\/\/fundacioateneusantroc.org\/es\/wp-json\/wp\/v2\/posts\/30482\/revisions"}],"predecessor-version":[{"id":55048,"href":"https:\/\/fundacioateneusantroc.org\/es\/wp-json\/wp\/v2\/posts\/30482\/revisions\/55048"}],"wp:featuredmedia":[{"embeddable":true,"href":"https:\/\/fundacioateneusantroc.org\/es\/wp-json\/wp\/v2\/media\/11153"}],"wp:attachment":[{"href":"https:\/\/fundacioateneusantroc.org\/es\/wp-json\/wp\/v2\/media?parent=30482"}],"wp:term":[{"taxonomy":"category","embeddable":true,"href":"https:\/\/fundacioateneusantroc.org\/es\/wp-json\/wp\/v2\/categories?post=30482"},{"taxonomy":"post_tag","embeddable":true,"href":"https:\/\/fundacioateneusantroc.org\/es\/wp-json\/wp\/v2\/tags?post=30482"}],"curies":[{"name":"wp","href":"https:\/\/api.w.org\/{rel}","templated":true}]}}