{"id":30497,"date":"2015-07-11T00:00:00","date_gmt":"2015-07-10T22:00:00","guid":{"rendered":"http:\/\/fundacioateneusantroc.org\/soledad-bengoechea-las-asociaciones-patronales-y-las-colonias-eran-herramientas-de-control\/"},"modified":"2023-07-14T12:26:49","modified_gmt":"2023-07-14T10:26:49","slug":"soledad-bengoechea-las-asociaciones-patronales-y-las-colonias-eran-herramientas-de-control","status":"publish","type":"post","link":"https:\/\/fundacioateneusantroc.org\/es\/soledad-bengoechea-las-asociaciones-patronales-y-las-colonias-eran-herramientas-de-control\/","title":{"rendered":"Soledad Bengoechea: Las asociaciones patronales y las colonias eren herramientas de control"},"content":{"rendered":"\n<p class=\"has-text-align-left\">\u2022 <strong>Entrevista a Soledad Bengoechea (historiadora)<\/strong> \u2022 El Tinter \u2022 Josep Estivill \u2022<\/p>\n\n<h3 class=\"wp-block-heading\"><br\/><strong>\u00bfCuales son los origenes de las primeras asociaciones patronales catalanas y cuales eran sus reivindicaciones?<\/strong><\/h3>\n\n<p>Los or\u00edgenes del asociacionismo en Catalu\u00f1a se sit\u00faan hacia el a\u00f1o 1780. El objetivo principal de las primeras asociaciones era el de promover el algod\u00f3n industrial, pero tambi\u00e9n la defensa de una pol\u00edtica econ\u00f3mica proteccionista. As\u00ed, en 1799, se form\u00f3 en Barcelona la Asociaci\u00f3n de industriales algodoneros catalanes.<\/p>\n\n<p>En 1821 adopt\u00f3 el nombre de Comisi\u00f3n de F\u00e1bricas de Hilados, Tejidos y Estampados de Algod\u00f3n. Cuando, en 1847, se anunci\u00f3 una reforma de los aranceles en sentido librecambista, la comisi\u00f3n fue modificada con el fin de integrar otras actividades industriales y adopt\u00f3 el nombre de Junta de F\u00e1bricas, junto a la que no tard\u00f3 en aparecer, el Instituto industrial de Catalu\u00f1a.<\/p>\n\n<p>&gt;&gt;Leer m\u00e1s en <a href=\"https:\/\/fundacioateneusantroc.org\/wp-content\/uploads\/altinter2.pdf\" target=\"_blank\" rel=\"noopener\">https:\/\/fundacioateneusantroc.org\/wp-content\/uploads\/altinter2.pdf<\/a><\/p>\n","protected":false},"excerpt":{"rendered":"<p>\u2022 Entrevista a Soledad Bengoechea (historiadora) \u2022 El Tinter \u2022 Josep Estivill \u2022 \u00bfCuales son los [&hellip;]<\/p>\n","protected":false},"author":2,"featured_media":10377,"comment_status":"open","ping_status":"open","sticky":false,"template":"","format":"standard","meta":{"footnotes":""},"categories":[646,654],"tags":[882,1477],"class_list":["post-30497","post","type-post","status-publish","format-standard","has-post-thumbnail","hentry","category-articles-dinteres","category-articulos-deinteres-es","tag-article","tag-articulo"],"_links":{"self":[{"href":"https:\/\/fundacioateneusantroc.org\/es\/wp-json\/wp\/v2\/posts\/30497","targetHints":{"allow":["GET"]}}],"collection":[{"href":"https:\/\/fundacioateneusantroc.org\/es\/wp-json\/wp\/v2\/posts"}],"about":[{"href":"https:\/\/fundacioateneusantroc.org\/es\/wp-json\/wp\/v2\/types\/post"}],"author":[{"embeddable":true,"href":"https:\/\/fundacioateneusantroc.org\/es\/wp-json\/wp\/v2\/users\/2"}],"replies":[{"embeddable":true,"href":"https:\/\/fundacioateneusantroc.org\/es\/wp-json\/wp\/v2\/comments?post=30497"}],"version-history":[{"count":12,"href":"https:\/\/fundacioateneusantroc.org\/es\/wp-json\/wp\/v2\/posts\/30497\/revisions"}],"predecessor-version":[{"id":54527,"href":"https:\/\/fundacioateneusantroc.org\/es\/wp-json\/wp\/v2\/posts\/30497\/revisions\/54527"}],"wp:featuredmedia":[{"embeddable":true,"href":"https:\/\/fundacioateneusantroc.org\/es\/wp-json\/wp\/v2\/media\/10377"}],"wp:attachment":[{"href":"https:\/\/fundacioateneusantroc.org\/es\/wp-json\/wp\/v2\/media?parent=30497"}],"wp:term":[{"taxonomy":"category","embeddable":true,"href":"https:\/\/fundacioateneusantroc.org\/es\/wp-json\/wp\/v2\/categories?post=30497"},{"taxonomy":"post_tag","embeddable":true,"href":"https:\/\/fundacioateneusantroc.org\/es\/wp-json\/wp\/v2\/tags?post=30497"}],"curies":[{"name":"wp","href":"https:\/\/api.w.org\/{rel}","templated":true}]}}