{"id":30522,"date":"2017-05-25T00:00:00","date_gmt":"2017-05-24T22:00:00","guid":{"rendered":"http:\/\/fundacioateneusantroc.org\/la-salut-alta-entrevista-a-pilar-lopez\/"},"modified":"2023-07-14T12:24:13","modified_gmt":"2023-07-14T10:24:13","slug":"la-salut-alta-entrevista-a-pilar-lopez","status":"publish","type":"post","link":"https:\/\/fundacioateneusantroc.org\/es\/la-salut-alta-entrevista-a-pilar-lopez\/","title":{"rendered":"La Salut Alta entrevista a Pilar L\u00f3pez"},"content":{"rendered":"\n<blockquote class=\"wp-block-quote is-layout-flow wp-block-quote-is-layout-flow\"><p>Es importante formar parte de la historia de la gente!<\/p><\/blockquote>\n\n\n\n<hr class=\"wp-block-separator\"\/>\n\n\n\n<p><strong><br><span id=\"result_box\" class=\"\" lang=\"es\">Pilar L\u00f3pez D\u00edaz. Naci\u00f3 en el barrio&nbsp; San Roque, donde tambi\u00e9n trabaja.<br>A punto de cumplir los 50 a\u00f1os. De profesi\u00f3n Educadora Social y licenciada en Ciencias Qu\u00edmicas.<br><span class=\"\">Actualmente trabaja como<\/span> coordinadora de proyectos en la Fundaci\u00f3n <span class=\"\">Ateneu Sant Roc<\/span><span class=\"\">.<\/span><\/span><\/strong><\/p>\n\n\n\n<hr class=\"wp-block-separator\"\/>\n\n\n\n<div class=\"wp-block-image\"><figure class=\"aligncenter\"><img decoding=\"async\" src=\"https:\/\/fundacioateneusantroc.org\/wp-content\/uploads\/Foto-el-tot-2-300x208.jpg\" alt=\"Foto-el-tot-2-300x208\" class=\"wp-image-23049\"\/><\/figure><\/div>\n\n\n\n<p><em><span id=\"result_box\" class=\"\" lang=\"es\"><span class=\"\">Hoy<\/span> <span class=\"\">bajar\u00e9<\/span> al barrio Sant Roc para entrevistar a Pilar, coordinadora de proyectos <span class=\"\">de la Fundaci\u00f3n<\/span> <span class=\"\">Ateneu Sant Roc<\/span>. Me hace mucha ilusi\u00f3n, porque hace unas semanas estuvimos visitando <span class=\"\">la entidad y<\/span> <span class=\"\">sal\u00ed<\/span> fascinada! Se trata de una Fundaci\u00f3n que en 1969 se cre\u00f3 con el nombre de &#8220;Centro <span class=\"\">Socio-<\/span><span class=\"\">Cultural<\/span> San Roque&#8221; y que no fue hasta el a\u00f1o 1987 que se constituy\u00f3 <span class=\"\">como Fundaci\u00f3n<\/span> Ateneu Sant Roc. Pero dejar\u00e9 que Pilar nos lo explique mejor <span class=\"\">&#8230;<\/span><\/span><\/em><\/p>\n\n\n\n<hr class=\"wp-block-separator\"\/>\n\n\n\n<p><span id=\"result_box\" class=\"\" lang=\"es\"><strong><span class=\"\">Buenos d\u00edas<\/span> Pilar! Para situarnos un poco, nos podr\u00edas explicar desde cu\u00e1ndo y <span class=\"\">con qu\u00e9 objetivo<\/span> se cre\u00f3 el Ateneo San Roque?<\/strong><\/span><\/p>\n\n\n\n<p><span class=\"\">A lo largo<\/span> <span class=\"\">de los a\u00f1os<\/span> el Ateneo ha ido pasando por diferentes nombres. Naci\u00f3 como <span class=\"\">Centro<\/span> <span class=\"\">Social en<\/span> <span class=\"\">el a\u00f1o<\/span> <span class=\"\">69,<\/span> despu\u00e9s se llam\u00f3 Ateneu Popular Sant Roc, hasta que <span class=\"\">se convirti\u00f3<\/span> <span class=\"\">jur\u00eddicamente<\/span> en <span class=\"\">Fundaci\u00f3n<\/span> <span class=\"\">Ateneu Sant<\/span> Roc.<\/p>\n\n\n\n<p>El barrio <span class=\"\">de San Roque<\/span> se cre\u00f3 con <span class=\"\">much\u00edsimas<\/span> carencias y por este motivo naci\u00f3 el Centro <span class=\"\">Social.<\/span> <span class=\"\">Con un<\/span> car\u00e1cter <span class=\"\">muy reivindicativo<\/span>, se organiz\u00f3 con gente del barrio, con el objetivo de <span class=\"\">proponer actividades<\/span> <span class=\"\">para mejorar el entorno<\/span> y la vida de las personas, trabajando para la cohesi\u00f3n <span class=\"\">del barrio,<\/span> <span class=\"\">a trav\u00e9s de <\/span>actividades que realizaban juntos.<\/p>\n\n\n\n<p><span class=\"\">Pilar<\/span>, entonces <span class=\"\">nacist\u00e9is<\/span> pr\u00e1cticamente al mismo tiempo t\u00fa y el Centro Social &#8230; (Pilar r\u00ede)<span class=\"\">.<\/span><\/p>\n\n\n\n<p><span id=\"result_box\" class=\"\" lang=\"es\"><strong><span title=\"Avui dia el seu camp d\u2019acci\u00f3 ha crescut molt, no?\">Hoy en d\u00eda su campo de acci\u00f3n ha crecido mucho, no? <\/span><span title=\"Com definiries el cam\u00ed que ha fet l\u2019Ateneu?\">\u00bfC\u00f3mo definir\u00edas el camino que ha hecho el Ateneo? <\/span><\/strong><span title=\"Qu\u00e8 l\u2019ha caracteritzat? \"><strong>\u00bfQu\u00e9 le ha caracterizado?<\/strong><\/span><\/span><\/p>\n\n\n\n<p><strong><span title=\"L\u2019ess\u00e8ncia i el perqu\u00e8 de la vida de la gent del barri, les necessitats i l\u2019esperit de cohesi\u00f3 social entre diferents cultures continuen sent el motor de l\u2019Ateneu.\">La esencia y el por qu\u00e9 de la vida de la gente del barrio, las necesidades y el esp\u00edritu de cohesi\u00f3n social entre diferentes culturas siguen siendo el motor del Ateneo. <\/span><\/strong><span title=\"Treballem la vinculaci\u00f3 entre poblaci\u00f3 diversa i aix\u00f2 no ha fet m\u00e9s que continuar en el llarg d\u2019aquests anys.\">Trabajamos la vinculaci\u00f3n entre poblaci\u00f3n diversa y esto no ha hecho m\u00e1s que continuar a lo largo de estos a\u00f1os. <\/span><span title=\"La l\u00ednia \u00e9s la mateixa per\u00f2 amb la nova poblaci\u00f3 que ha estat arribant en aquests darrers anys.\">La l\u00ednea es la misma pero con la nueva poblaci\u00f3n que est\u00e1 llegando estos \u00faltimos a\u00f1os. <\/span><span title=\"Abans ens unia una llengua i ara tenim la dificultat de que s\u2019han establert altres lleng\u00fces al barri. \">Antes nos un\u00eda la lengua, ahora en el barrio, tenemos la dificultad de que convivimos con otras lenguas.<\/span><\/p>\n\n\n\n<p><span title=\"S\u2019han ampliat els tipus de projectes, amb objectius m\u00e9s generals d\u2019intervenci\u00f3 sociocultural, i d\u2019altres m\u00e9s espec\u00edfics per a poblaci\u00f3 amb risc d\u2019exclusi\u00f3 social.\">Se han ampliado los tipos de proyectos, con objetivos&nbsp; de intervenci\u00f3n sociocultural&nbsp;m\u00e1s generales y otros para poblaci\u00f3n con riesgo de exclusi\u00f3n social, m\u00e1s espec\u00edficos . <\/span><span title=\"Als inicis, els ve\u00efns van veure el Centro Social, com un lloc on poder reunir-se i cobrir les necessitats que hi havia al barri.\">En los inicios, los vecinos vieron el Centro Social, como un lugar donde poder reunirse y cubrir las necesidades que hab\u00eda en el barrio. <\/span><span title=\"Crec que sempre hem estat amb els ulls molt oberts, vivint el barri, intentant donar resposta a una realitat canviant, sense perdre l\u2019ess\u00e8ncia.\">Creo que siempre hemos estado con los ojos muy abiertos,&nbsp; intentando dar respuesta a una realidad cambiante, sin perder lo esencial.<\/span><\/p>\n\n\n\n<p><span id=\"result_box\" class=\"\" lang=\"es\"><strong>C\u00f3mo han cambiado las necesidades <span class=\"\">del barrio y<\/span> de las familias en este tiempo?<\/strong><\/span><\/p>\n\n\n\n<p>Para nosotros es fundamental <span class=\"\">ofrecer espacios<\/span> donde la gente se conozca y pueda compartir. Antiguamente se pon\u00eda<span class=\"\">a mucha<\/span> fuerza en fiestas de barrio y actualmente, intentamos reforzarlo.<\/p>\n\n\n\n<p>N<strong>os adaptamos <span class=\"\">a las necesidades<\/span> del momento.<\/strong> Por ejemplo, antes los j\u00f3venes ped\u00edan espacios para <span class=\"\">realizar actividades l\u00fadicas<\/span>, m\u00fasica, manualidades. Y, actualmente, los j\u00f3venes lo que <span class=\"\">piden<\/span> es que los ayudamos a hacer deberes, estudiar. Es otro <span class=\"\">perfil.<\/span><\/p>\n\n\n\n<p><span id=\"result_box\" class=\"\" lang=\"es\"><strong><span title=\"Com valoreu els projectes que van sorgint?\">\u00bfC\u00f3mo valor\u00e1is los proyectos que van surgiendo? <\/span><span title=\"Com decidiu quins tirar endavant?\">Como decid\u00eds cuales elegir?&nbsp; <\/span><\/strong><span title=\"Qui els proposa? \"><strong>Qui\u00e9n los propone?<\/strong><\/span><\/span><\/p>\n\n\n\n<p><span title=\"Nosaltres de totes les necessitats que hi ha al barri, tenim molt clar que no podem donar resposta ni resoldre tots els problemes.\">Nosotros <strong>tenemos muy claro que no podemos dar respuesta&nbsp; ni resolver todos los problemas y necesidades del Barrio.<\/strong> <\/span><span title=\"Oferim el que tenim i que podem.\">Ofrecemos lo que tenemos y lo que podemos. <\/span><span title=\"Tenim una capacitat i uns recursos que s\u00f3n els que s\u00f3n.\">Tenemos una capacidad y unos recursos limitados. <\/span><span title=\"Al llarg dels anys hi ha projectes que han desaparegut perqu\u00e8 potser no donaven la resposta que vol\u00edem, d\u2019altres continuen ja que funcionen molt b\u00e9 i d\u2019altres s\u2019han iniciat nous perqu\u00e8 detectem que hi ha una necessitat.\">A lo largo de los a\u00f1os hay proyectos que han desaparecido porque quiz\u00e1s no daban la respuesta que quer\u00edamos, otros contin\u00faan ya que funcionan muy bien y se han iniciado otros nuevos porque detectamos que hay una necesidad. <\/span><span title=\"Alhora, l\u2019evoluci\u00f3 dels projectes tamb\u00e9 va molt de la m\u00e0 de l\u2019equip de gent que est\u00e0 als mateixos projectes. \">A la vez, la evoluci\u00f3n de los proyectos va muy de la mano del equipo de gente que est\u00e1 en los mismos.<\/span><\/p>\n\n\n\n<p><span title=\"Fem tamb\u00e9 una trobada a l\u2019any amb tota la gent que estan en actiu als projectes (inclosos voluntaris) i aqu\u00ed l\u2019objectiu, a part de reflexionar sobre algun tema, \u00e9s aportar idees de com podem anant evolucionant, fent propostes.\">Hacemos tambi\u00e9n un encuentro al a\u00f1o con toda la gente que est\u00e1n en activo en los proyectos (incluidos los voluntarios), aqu\u00ed el objetivo, aparte de reflexionar sobre alg\u00fan tema, se trata de aportar ideas de c\u00f3mo podemos ir evolucionando y de&nbsp; hacer propuestas. <\/span><span title=\"No podem cr\u00e9ixer gaire m\u00e9s, per tema espai i per tema econ\u00f2mic ja que costa molt mantenir el que tenim, per\u00f2 si que aprofitem per re-enfocar temes i posar m\u00e9s \u00e8mfasi en una que en una altra. &nbsp;&nbsp;&nbsp;&nbsp;\">No podemos crecer mucho m\u00e1s, por cuesti\u00f3n de espacio y por cuesti\u00f3n econ\u00f3mico ya que cuesta mucho mantener lo que tenemos, pero es oportunidad para re-enfocar temas y poner m\u00e1s \u00e9nfasis en alguna de las propuestas.<\/span><\/p>\n\n\n\n<p><span title=\"Som una entitat arrelada al territori.\">Somos una entidad arraigada en el territorio.<\/span><\/p>\n\n\n\n<p><strong>\u00bfCu\u00e1l crees que es la clave para llegar al coraz\u00f3n de las familias del barrio?<\/strong><\/p>\n\n\n\n<p>Pienso que principalmente es\u00a0<strong>el tiempo<\/strong>. La vinculaci\u00f3n que podemos tener con las familias del barrio es de hace m\u00e1s de 40 a\u00f1os. Hay algunos participantes que desde hace mucho a\u00f1os, est\u00e1n vinculados al Ateneo de alguna manera. O bien porque hace a\u00f1os fueron al Esplai, o bien porque llevaban a sus hijos, o se benefician de alguna de las actividades que ofrecemos&#8230; Por ejemplo, una Manoli que cuando entr\u00e9 hac\u00eda duchas, ahora todav\u00eda lo hace! O un Juan que recibe cada d\u00eda a los Ni\u00f1os en la puerta. No nos sucede lo mismo con la poblaci\u00f3n reci\u00e9n llegada, todav\u00eda no hemos arraigado con ellos. Ya hace unos a\u00f1os que viven en el barrio, pero necesitan tiempo para sentir que hay\u00a0 confianza\u00a0con nosotros.<\/p>\n\n\n\n<p><span id=\"result_box\" class=\"\" lang=\"es\"><strong>Y t\u00fa, desde cuando est\u00e1s? En qu\u00e9 consiste tu tarea?<\/strong><\/span><\/p>\n\n\n\n<p>Bufff, hace unos 22 a\u00f1os! Ahora estoy como coordinadora de proyectos, que consiste en hacer el seguimiento de c\u00f3mo van todos los proyectos, tener la visi\u00f3n m\u00e1s global del Ateneo e intentar transmitir esta visi\u00f3n a todos. Tambi\u00e9n llevo otros temas como dinamizaciones en temas <span class=\"\">de cultura.<\/span><\/p>\n\n\n\n<p><span id=\"result_box\" class=\"\" lang=\"es\"><strong><span class=\"\">En<\/span> tu opini\u00f3n, \u00bfcu\u00e1l es la situaci\u00f3n actual del movimiento asociativo de San Roque? Nos puedes explicar cu\u00e1les son las reivindicaciones principales del barrio?<\/strong><\/span><\/p>\n\n\n\n<p>Mmm &#8230; como te lo dir\u00e9 &#8230; No veo mucho movimiento asociativo en el barrio <span class=\"\">en estos momentos<\/span><span class=\"\">, no &#8230;<\/span><\/p>\n\n\n\n<p>Afortunadamente, <span class=\"\">en su momento<\/span> hubo un movimiento asociativo muy potente que proporcion\u00f3 al barrio <span class=\"\">todo tipo de<\/span> servicios (biblioteca, mercado municipal, hogar de ancianos, residencia <span class=\"\">de enfermos<\/span> mentales, servicios sociales, centro c\u00edvico, consorcio Badalona Sur&#8230;) <span class=\"\">en este<\/span> sentido estamos muy cubiertos.<\/p>\n\n\n\n<p>Asimismo, hay otras entidades <span class=\"\">en el barrio<\/span> que funcionan pero cada uno tiene su espacio. Participamos conjuntamente <span class=\"\">en reuniones<\/span> que son m\u00e1s a nivel de territorio, pero no hay vinculaci\u00f3n entre<span class=\"\"> nosotros.<\/span><\/p>\n\n\n\n<p><span id=\"result_box\" class=\"\" lang=\"es\"><strong>Hace unos d\u00edas el equipo de profesionales de la Fundaci\u00f3n Salud Alta vinimos a haceros una visita y, en \u00e9sta, Salvador, director del Ateneo, nos coment\u00f3 que ten\u00e9is unos 400 voluntarios. \u00bfCu\u00e1l es la clave para tener tantos?<\/strong><\/span><\/p>\n\n\n\n<p>Bueno, hay mucha diversidad! Tenemos voluntarios a nivel puntual, espor\u00e1dicos o voluntarios que participan m\u00e1s activamente en proyectos, mantenimiento o atenci\u00f3n directa.<\/p>\n\n\n\n<p>Intentamos aprovechar las ferias para hacer contactos y atraer m\u00e1s voluntarios. Pero lo m\u00e1s importante son los a\u00f1os que lleva el Ateneo en el barrio, lo conoce todo el mundo y mucha gente en alg\u00fan momento de su vida ha tenido alg\u00fan tipo de vinculaci\u00f3n con nosotros y este v\u00ednculo ha hecho que despu\u00e9s quieran ser voluntarios o colaborar en proyectos. Algunos son hijos de gente que hace a\u00f1os hab\u00eda participado en alguna actividad del Ateneo<span class=\"\">.<\/span><\/p>\n\n\n\n<p><span id=\"result_box\" class=\"\" lang=\"es\"><span title=\"Qu\u00e8 ens recomanaries a la Fundaci\u00f3 Salut Alta per ampliar el nostre equip de voluntaris i volunt\u00e0ries? \"><strong>\u00bfQu\u00e9 nos recomendar\u00edas a la Fundaci\u00f3n Salut Alta para ampliar nuestro equipo de voluntarios y voluntarias?<\/strong><\/span><\/span><\/p>\n\n\n\n<p><span title=\"El boca-orella.\">El boca-oreja. <\/span><span title=\"\u00c9s molt important ser visibles al barri i que coneguin el qu\u00e8 es fa. \"><strong>Es muy importante ser visibles en el barrio y que se conozca lo que se hace.<\/strong><\/span><\/p>\n\n\n\n<p><span title=\"Per tenir gent volunt\u00e0ria del barri has d\u2019oferir alguna cosa que interessi, per exemple activitats.\">Para tener gente voluntaria del barrio tienes que ofrecer algo que interese, por ejemplo actividades. <\/span><span title=\"Nosaltres aqu\u00ed fem zumba, biodansa, patchwork, coral, petanca, teatre\u2026 I s\u00f3n aquests ve\u00efns els que tamb\u00e9 estan vinculats a nosaltres perqu\u00e8 participen a aquestes activitats i llavors descobreixen l'Ateneu i s'ofereixen per a col\u00b7laborar com a voluntaris,\">Nosotros aqu\u00ed hacemos zumba, biodanza, patchwork, coral, petanca, teatro&#8230; Y son los vecinos los que tambi\u00e9n est\u00e1n vinculados al Ateneo participando en estas actividades es entonces cuando descubren el Ateneo y se ofrecen para colaborar como voluntarios <\/span><span title=\"fent alguna tasca (dutxes, berenars, porta, atenci\u00f3 directa, festes\u2026).\">haciendo alguna tarea (duchas, preparar meriendas, acogida en la puerta, atenci\u00f3n directa, fiestas &#8230;). <\/span><span title=\"Totes aquestes activitats es fan a la nit o dissabte al mat\u00ed per\u00f2 tamb\u00e9 muntem sortides per anar al teatre, a l\u2019auditori o organitzem sopars o dinars de germanor on ve tothom (treballadors, fam\u00edlies, voluntaris).\">Todas estas actividades se realizan por la noche o s\u00e1bado por la ma\u00f1ana pero tambi\u00e9n programamos salidas para ir al teatro, al auditorio o&nbsp; bien organizamos cenas o comidas de hermandad donde viene todo el mundo (trabajadores, familias, voluntarios). <\/span><span title=\"Aix\u00f2 ja es feia des de els inicis de l\u2019Ateneu quan era el Centro Social, era una manera de fer barri i uni\u00f3 entre els ve\u00efns.\">Esto ya se hac\u00eda desde los inicios del Ateneu cuando era Centro Social, es una manera de hacer barrio yde crear cohesi\u00f3n entre los vecinos. <\/span><span title=\"Ho valorem molt positivament!\">Lo valoramos muy positivamente!<\/span><\/p>\n\n\n\n<p><span id=\"result_box\" class=\"\" lang=\"es\"><strong>\u00bfQu\u00e9 destacar\u00edas c\u00f3mo lo que m\u00e1s te ha aportado o m\u00e1s felicidad te ha dado en este tiempo en San Roque? Lo que has \/ hab\u00e9is conseguido? Un reto logrado?<\/strong><\/span><\/p>\n\n\n\n<p>A m\u00ed como persona? Por un lado,&nbsp; el compartir con la gente, que para m\u00ed son una familia. Se crean unos v\u00ednculos impresionantes y eso es muy enriquecedor. El ver crecer a los ni\u00f1os &#8230; Para m\u00ed es importante formar parte de la historia de la gente! Desde el punto de vista m\u00e1s profesional, <span class=\"\">para m\u00ed es un<\/span> lujo el trabajo que tengo, cobrar un sueldo por algo que me gusta y que <span class=\"\">har\u00eda<\/span> voluntariamente. Si pudiera mantenerme sin trabajar, har\u00eda exactamente lo mismo! <span class=\"\">Disfruto<\/span> mucho y, de hecho, he hecho toda la vida de voluntaria <span class=\"\">hasta que<\/span> <span class=\"\">me ofrecieron<\/span> este trabajo.<\/p>\n\n\n\n<p>Un reto <span class=\"\">logrado<\/span>? <span class=\"\">Cuando me<\/span> <span class=\"\">ofrecieron<\/span> ser la coordinadora de proyectos y que confiaran en m\u00ed, fue<span class=\"\"> una oportunidad<\/span> y un gran reto. Fue un paso muy importante el paso de educadora a <span class=\"\">coordinadora<\/span><span class=\"\">.<\/span><\/p>\n\n\n\n<p><span id=\"result_box\" class=\"\" lang=\"es\"><strong>\u00bfC\u00f3mo definir\u00edas la relaci\u00f3n entre la Fundaci\u00f3n Salut Alta y la Fundaci\u00f3 Ateneu Sant Roc, a lo largo de estos a\u00f1os?<\/strong><\/span><\/p>\n\n\n\n<p>Os conozco de toda la vida. Mmm &#8230; Muchas veces pienso que es a nivel pr\u00e1ctico. Necesitamos esto o aquello, tanto unos como otros. A nivel de Centro Abierto quiz\u00e1s nos encontramos en reuniones territoriales y quiz\u00e1s el Director, Salva,&nbsp; tiene m\u00e1s relaci\u00f3n <span class=\"\">con vosotros.<\/span><\/p>\n\n\n\n<p><span id=\"result_box\" class=\"\" lang=\"es\"><strong><span class=\"\">En qu\u00e9 se parecen<\/span> y en qu\u00e9 no se parecen, nuestros barrios?<\/strong><\/span><\/p>\n\n\n\n<p>Creo que en algunos casos la poblaci\u00f3n es similar, pero aqu\u00ed en San Roque la mayor\u00eda es de etnia Gitana, aunque \u00faltimamente hay mucha poblaci\u00f3n paquistan\u00ed.<\/p>\n\n\n\n<p>A nivel de estructura&nbsp; de barrio, tambi\u00e9n es muy diferente. <strong>En San Roque los espacios son m\u00e1s abiertos y se hace mucha vida de calle.<\/strong> La gente saca los &#8220;trastos&#8221; y vive en la calle. En la Salut Alta, en cambio, est\u00e1 todo m\u00e1s apretado, \u00e9tsa es mi sensaci\u00f3n.<\/p>\n\n\n\n<p><span class=\"\">Ahora bien<\/span>, el <span class=\"\">vivir<\/span> <span class=\"\">tanto en la calle<\/span> <span class=\"\">tiene<\/span> <span class=\"\">la parte<\/span> <span class=\"\">positiva y<\/span> <span class=\"\">tambi\u00e9n<\/span> <span class=\"\">la parte<\/span> negativa. Podr\u00edamos hablar de convivencia pero nos encontramos con muchos <span class=\"\">conflictos.<\/span><\/p>\n\n\n\n<p><span id=\"result_box\" class=\"\" lang=\"es\"><strong><span title=\"Sabem que l\u2019Ateneu ha estat sempre una entitat combativa dins de la ciutat.\">Sabemos que el Ateneo ha sido siempre una entidad combativa dentro de la ciudad. <\/span><span title=\"Quin paper creus que hi ha jugat l\u2019Administraci\u00f3, en positiu i en negatiu?\">\u00bfQu\u00e9 papel crees que ha jugado la Administraci\u00f3n, en positivo y en negativo? <\/span><\/strong><span title=\"Els demanaries alguna cosa en especial? \"><strong>Los pedir\u00edas algo en especial?<\/strong><\/span><\/span><\/p>\n\n\n\n<p><span title=\"Aqu\u00ed molts cops pensem que l\u2019Administraci\u00f3 ha fet molt per tapar.\">Aqu\u00ed muchas veces pensamos que la Administraci\u00f3n ha hecho mucho para tapar. <\/span><span title=\"\u00c9s dif\u00edcil que una poblaci\u00f3 evolucioni si per tenir-la contenta li vas solucionant la vida amb Pirmis o altres tipus d\u2019ajuts.\">Es dif\u00edcil que una poblaci\u00f3n evolucione si para tenerla contenta le vas solucionando la vida con PIRMI o otros tipos de ayudas. <\/span><span title=\"Jo he sentit a infants dir que de grans volien ser Pirmi o jo vull tenir un sou sense fer res.\">Yo he o\u00eddo ni\u00f1os decir que de grandes <em>quer\u00edan ser Pirmi o yo quiero tener un sueldo sin hacer nada. <\/em><\/span><span title=\"Tot aix\u00f2 s\u2019ha fomentat des de les administracions\u2026 No \u00e9s pedag\u00f2gic!\">Todo ello se ha fomentado desde las administraciones &#8230; No es pedag\u00f3gico! <\/span><span title=\"Estaria b\u00e9 que com a contraprestaci\u00f3 de tenir un ajut, tothom estigu\u00e9s obligat a fer feines al barri. \">Estar\u00eda bien que como contraprestaci\u00f3n de tener una ayuda, todo el mundo estuviera obligado a realizar alg\u00fan trabajo en el barrio.<\/span><\/p>\n\n\n\n<p><span title=\"Continuem amb un alt nivell de frac\u00e0s escolar i un \u00edndex d\u2019absentisme alt\u00edssim.\">Continuamos con un alto nivel de fracaso escolar y un \u00edndice, alt\u00edsimo, de absentismo. <\/span><span title=\"Alguna cosa no funciona i, tot i que en algunes escoles han fet intents, el sistema no canvia.\">Algo no funciona y, aunque en algunas escuelas han hecho intentos, el sistema no cambia. <\/span><span title=\"La sensaci\u00f3 de que no passa res, de que tot val, i aix\u00f2 penso que ha fet molt de mal.\">La sensaci\u00f3n de que no pasa nada, de que todo vale,&nbsp; pienso que ha hecho mucho da\u00f1o. <\/span><span title=\"Aquestes pol\u00edtiques perpetuen les situacions familiars. \">Estas pol\u00edticas perpet\u00faan las situaciones familiares.<\/span><\/p>\n\n\n\n<p><span title=\"I a nivell de l\u2019Ateneu, rebem ajuts econ\u00f2mics de l\u2019Ajuntament i la Generalitat, i el reconeixement per la tasca que fem.\">Y a nivel del Ateneu, recibimos ayudas econ\u00f3micas del Ayuntamiento y de la Generalitat, y el reconocimiento por la labor que hacemos. <\/span><span title=\"Per\u00f2 no estem lligats a res, som una entitat privada i, per tant, la majoria del nostre pressupost \u00e9s privat.\">Pero no estamos atados a nada, somos una entidad privada y, por tanto, la mayor\u00eda de nuestro presupuesto es privado. <\/span><span title=\"Considerem que treballem amb bastanta llibertat i aix\u00f2 \u00e9s un privilegi. \">Consideramos que trabajamos con bastante libertad y eso es un privilegio.<\/span><\/p>\n\n\n\n<p><span title=\"A l\u2019Administraci\u00f3 li demanaria compartir el treball, en igualtat de condicions.\">A la Administraci\u00f3n le pedir\u00eda compartir el trabajo, en igualdad de condiciones. <\/span><span title=\"No nom\u00e9s fer reunions sin\u00f3 anar m\u00e9s enll\u00e0 i plantejar-nos un treball conjunt tocant m\u00e9s de peus a terra amb el que \u00e9s la realitat de la poblaci\u00f3.\">No s\u00f3lo hacer reuniones sino ir m\u00e1s all\u00e1 y plantearnos un trabajo conjunto teniendo los pies en el suelo con lo que es la realidad de la poblaci\u00f3n.<\/span><\/p>\n\n\n\n<p><span id=\"result_box\" class=\"\" lang=\"es\"><strong>Y, finalmente, un sue\u00f1o <span class=\"\">para el Ateneo<\/span>? Y para el barrio San Roque?<\/strong><\/span><\/p>\n\n\n\n<p>Que sea posible <span class=\"\">realizar<\/span>? Para <span class=\"\">el Ateneo<\/span> un sue\u00f1o pr\u00e1ctico ser\u00eda conseguir m\u00e1s espacio, no s\u00e9 <span class=\"\">c\u00f3mo, pero<\/span> hace <span class=\"\">falta<\/span>! Y que las personas que han pasado por el Ateneo sea <span class=\"\">la generaci\u00f3n<\/span> <span class=\"\">que contin\u00fae<\/span> <span class=\"\">el trabajo, c<\/span>omo voluntarios, monitores, educadores &#8230;<\/p>\n\n\n\n<p><span class=\"\">Y a nivel<\/span> de barrio, que las familias vivan una mejor\u00eda en todos los niveles. Que sus hijos puedan seguir estudiando y que se arraiguen en el barrio y&nbsp; con las diferentes poblaciones.<\/p>\n\n\n\n<p><em><span class=\"\">Entrevista realizada por<\/span> <span class=\"\">Lidia<\/span> <span class=\"\">Sol\u00e9<\/span>.<\/em><\/p>\n\n\n\n<p>>>Publicat\u00a0a\u00a0https:\/\/www.fundaciolasalutalta.org\/lentrevista-pilar-lopez\/\u00a0 (Gener 2017)<\/p>\n","protected":false},"excerpt":{"rendered":"<p>Es importante formar parte de la historia de la gente! Pilar L\u00f3pez D\u00edaz. Naci\u00f3 en el [&hellip;]<\/p>\n","protected":false},"author":2,"featured_media":27513,"comment_status":"open","ping_status":"open","sticky":false,"template":"","format":"standard","meta":{"footnotes":""},"categories":[646,654],"tags":[1493,205,1441],"class_list":["post-30522","post","type-post","status-publish","format-standard","has-post-thumbnail","hentry","category-articles-dinteres","category-articulos-deinteres-es","tag-entrevista-es","tag-pilar","tag-pilar-es"],"_links":{"self":[{"href":"https:\/\/fundacioateneusantroc.org\/es\/wp-json\/wp\/v2\/posts\/30522","targetHints":{"allow":["GET"]}}],"collection":[{"href":"https:\/\/fundacioateneusantroc.org\/es\/wp-json\/wp\/v2\/posts"}],"about":[{"href":"https:\/\/fundacioateneusantroc.org\/es\/wp-json\/wp\/v2\/types\/post"}],"author":[{"embeddable":true,"href":"https:\/\/fundacioateneusantroc.org\/es\/wp-json\/wp\/v2\/users\/2"}],"replies":[{"embeddable":true,"href":"https:\/\/fundacioateneusantroc.org\/es\/wp-json\/wp\/v2\/comments?post=30522"}],"version-history":[{"count":4,"href":"https:\/\/fundacioateneusantroc.org\/es\/wp-json\/wp\/v2\/posts\/30522\/revisions"}],"predecessor-version":[{"id":54059,"href":"https:\/\/fundacioateneusantroc.org\/es\/wp-json\/wp\/v2\/posts\/30522\/revisions\/54059"}],"wp:featuredmedia":[{"embeddable":true,"href":"https:\/\/fundacioateneusantroc.org\/es\/wp-json\/wp\/v2\/media\/27513"}],"wp:attachment":[{"href":"https:\/\/fundacioateneusantroc.org\/es\/wp-json\/wp\/v2\/media?parent=30522"}],"wp:term":[{"taxonomy":"category","embeddable":true,"href":"https:\/\/fundacioateneusantroc.org\/es\/wp-json\/wp\/v2\/categories?post=30522"},{"taxonomy":"post_tag","embeddable":true,"href":"https:\/\/fundacioateneusantroc.org\/es\/wp-json\/wp\/v2\/tags?post=30522"}],"curies":[{"name":"wp","href":"https:\/\/api.w.org\/{rel}","templated":true}]}}