{"id":30526,"date":"2017-04-27T00:00:00","date_gmt":"2017-04-26T22:00:00","guid":{"rendered":"http:\/\/fundacioateneusantroc.org\/la-vanguardia-%c2%b7-guanyem-badalona-anuncia-que-proyectos-financiara-con-el-excedente-de-sueldos-de-sus-concejales\/"},"modified":"2023-07-14T12:24:12","modified_gmt":"2023-07-14T10:24:12","slug":"la-vanguardia-%c2%b7-guanyem-badalona-anuncia-que-proyectos-financiara-con-el-excedente-de-sueldos-de-sus-concejales","status":"publish","type":"post","link":"https:\/\/fundacioateneusantroc.org\/es\/la-vanguardia-%c2%b7-guanyem-badalona-anuncia-que-proyectos-financiara-con-el-excedente-de-sueldos-de-sus-concejales\/","title":{"rendered":"La Vanguardia \u00b7 Guanyem Badalona anuncia qu\u00e9 proyectos financiar\u00e1 con el excedente de sueldos de sus concejales"},"content":{"rendered":"<p><img loading=\"lazy\" decoding=\"async\" class=\"aligncenter wp-image-22543 size-full\" src=\"https:\/\/fundacioateneusantroc.org\/wp-content\/uploads\/lavanguardia2.jpg\" alt=\"lavanguardia2\" width=\"683\" height=\"636\" \/><\/p>\n<p><span id=\"result_box\" class=\"\" lang=\"es\"><\/span><strong>Guanyem\u00a0Badalona<\/strong>\u00a0ha anunciado ya cuales ser\u00e1n los\u00a0proyectos\u00a0que\u00a0financiar\u00e1\u00a0con su\u00a0Pot Com\u00fa, la iniciativa que re\u00fane los\u00a0<a href=\"http:\/\/www.lavanguardia.com\/local\/barcelones-nord\/20161212\/412548557136\/vecinos-decidiran-destinar-sueldos-alcaldesa-regidores-badalona.html\" target=\"_blank\" rel=\"nofollow noopener\" data-gtm-element=\"container-child-link\">excedentes\u00a0de\u00a0sueldos\u00a0de\u00a0alcaldesa\u00a0y los\u00a0concejales\u00a0de gobierno<\/a>. Se trata de una convocatoria que se abri\u00f3 a finales de a\u00f1o y que empieza a llegar a su recta final, despu\u00e9s de que el jurado haya elegido a los siete seleccionados, de entre casi 30 candidatos.<\/p>\n<p>Las escuelas de educaci\u00f3n especial Can Barriga y Llevant; el Ateneu Sant Roc; la cooperativa Conreu Sereny; la Associaci\u00f3 de Salut Mental del Barcelon\u00e8s Nord; la Fundaci\u00f3 Jubert Figueras; la Fundaci\u00f3 Carles Blanch y els Amics de la Gent Gran ser\u00e1n los beneficiados. Se fomentar\u00e1n proyectos muy distintos, como por ejemplo programas socioeducativos, de acompa\u00f1amiento y ayuda a colectivos vulnerables o de horticultura entre personas reci\u00e9n llegadas a Badalona.<\/p>\n<p><span style=\"color: #000000;\"><strong>Guanyem abrir\u00e1 pr\u00f3ximamente un proceso de votaci\u00f3n a trav\u00e9s del cual la ciudadan\u00eda podr\u00e1 elegir en qu\u00e9 posici\u00f3n en el r\u00e1nquin de prioridad queda cada uno de los siete. El 7 recibir\u00e1 3.000 euros, y el primero, 5.750.<\/strong><\/span><\/p>\n<p>&gt;&gt;Veure a<a href=\"http:\/\/www.lavanguardia.com\/local\/barcelones-nord\/20170426\/422062085960\/guanyem-badalona-anuncia-proyectos-financiaran-excedentes-sueldos-alcaldesa-concejales.html\" target=\"_blank\" rel=\"noopener\">http:\/\/www.lavanguardia.com\/local\/barcelones-nord\/20170426\/422062085960\/guanyem-badalona-anuncia-proyectos-financiaran-excedentes-sueldos-alcaldesa-concejales.html<\/a><\/p>\n<hr \/>\n<p>&nbsp;<\/p>\n<h3><img loading=\"lazy\" decoding=\"async\" class=\"alignleft wp-image-22554 size-full\" src=\"https:\/\/fundacioateneusantroc.org\/wp-content\/uploads\/pc_final-768x1086-128174-e1493289211978.jpg\" alt=\"pc_final-768x1086-128174\" width=\"242\" height=\"246\" \/>El BOTE COM\u00daN: Una iniciativa fuera de serie!<\/h3>\n<div id=\"gt-src-c\" class=\"g-unit\">\n<div id=\"gt-res-dir-ctr\" class=\"trans-verified-button-small\" dir=\"ltr\">\n<p><span id=\"result_box\" class=\"\" lang=\"es\">Cuando Dolors Sabater fue nombrada alcaldesa de nuestra ciudad, propuso una rebaja de sueldo de los gobernantes pero no fue aceptada por los miembros del PSC ni por el PP.<\/span><\/p>\n<p>Seg\u00fan el <strong>c\u00f3digo \u00e9tico<\/strong> de Guanyem Badalona, el sueldo de los gobernantes municipales no deber\u00eda ser m\u00e1s de 3,5 veces <span class=\"\">el salario<\/span> <span class=\"\">m\u00edmimo<\/span> <span class=\"\">interprofesional<\/span>, <span class=\"\">as\u00ed los<\/span> concejales Guanyem <span class=\"\">Badalona<\/span> <span class=\"\">junto con la alcaldesa<\/span> crearon el <strong>BOTECOM\u00daN<\/strong> <span class=\"\">con los <strong>excedentes<\/strong><\/span><strong> <span class=\"\">de sus sueldos<\/span> (30.000 euros)<\/strong> destinado a proyectos <span class=\"\">sociales.<\/span><\/p>\n<\/div>\n<\/div>\n<p><img loading=\"lazy\" decoding=\"async\" class=\"alignnone size-full wp-image-22570\" src=\"https:\/\/fundacioateneusantroc.org\/wp-content\/uploads\/pot-comu.jpg\" alt=\"pot-comu\" width=\"720\" height=\"437\" \/><\/p>\n<p><iframe loading=\"lazy\" src=\"https:\/\/www.youtube.com\/embed\/dh8kyd7LSoE\" width=\"560\" height=\"315\" frameborder=\"0\" allowfullscreen=\"allowfullscreen\"><\/iframe><\/p>\n","protected":false},"excerpt":{"rendered":"<p>Guanyem\u00a0Badalona\u00a0ha anunciado ya cuales ser\u00e1n los\u00a0proyectos\u00a0que\u00a0financiar\u00e1\u00a0con su\u00a0Pot Com\u00fa, la iniciativa que re\u00fane los\u00a0excedentes\u00a0de\u00a0sueldos\u00a0de\u00a0alcaldesa\u00a0y los\u00a0concejales\u00a0de gobierno. Se [&hellip;]<\/p>\n","protected":false},"author":36,"featured_media":3824,"comment_status":"open","ping_status":"open","sticky":false,"template":"","format":"standard","meta":{"footnotes":""},"categories":[2,333],"tags":[197,1504,1531],"class_list":["post-30526","post","type-post","status-publish","format-standard","has-post-thumbnail","hentry","category-premsa","category-prensa","tag-financament","tag-financiacion","tag-premio"],"_links":{"self":[{"href":"https:\/\/fundacioateneusantroc.org\/es\/wp-json\/wp\/v2\/posts\/30526","targetHints":{"allow":["GET"]}}],"collection":[{"href":"https:\/\/fundacioateneusantroc.org\/es\/wp-json\/wp\/v2\/posts"}],"about":[{"href":"https:\/\/fundacioateneusantroc.org\/es\/wp-json\/wp\/v2\/types\/post"}],"author":[{"embeddable":true,"href":"https:\/\/fundacioateneusantroc.org\/es\/wp-json\/wp\/v2\/users\/36"}],"replies":[{"embeddable":true,"href":"https:\/\/fundacioateneusantroc.org\/es\/wp-json\/wp\/v2\/comments?post=30526"}],"version-history":[{"count":3,"href":"https:\/\/fundacioateneusantroc.org\/es\/wp-json\/wp\/v2\/posts\/30526\/revisions"}],"predecessor-version":[{"id":61545,"href":"https:\/\/fundacioateneusantroc.org\/es\/wp-json\/wp\/v2\/posts\/30526\/revisions\/61545"}],"wp:featuredmedia":[{"embeddable":true,"href":"https:\/\/fundacioateneusantroc.org\/es\/wp-json\/wp\/v2\/media\/3824"}],"wp:attachment":[{"href":"https:\/\/fundacioateneusantroc.org\/es\/wp-json\/wp\/v2\/media?parent=30526"}],"wp:term":[{"taxonomy":"category","embeddable":true,"href":"https:\/\/fundacioateneusantroc.org\/es\/wp-json\/wp\/v2\/categories?post=30526"},{"taxonomy":"post_tag","embeddable":true,"href":"https:\/\/fundacioateneusantroc.org\/es\/wp-json\/wp\/v2\/tags?post=30526"}],"curies":[{"name":"wp","href":"https:\/\/api.w.org\/{rel}","templated":true}]}}