{"id":32023,"date":"2017-10-09T16:31:09","date_gmt":"2017-10-09T14:31:09","guid":{"rendered":"http:\/\/fundacioateneusantroc.org\/?p=32023\/"},"modified":"2023-07-14T12:22:53","modified_gmt":"2023-07-14T10:22:53","slug":"arpilleras-en-accion-refugiados","status":"publish","type":"post","link":"https:\/\/fundacioateneusantroc.org\/es\/arpilleras-en-accion-refugiados\/","title":{"rendered":"Arpilleras en acci\u00f3n:\u00a0Refugiados"},"content":{"rendered":"<p>Cada d\u00eda las noticias nos abruman con informaciones, eventos, datos que nos retraen y que al d\u00eda siguiente ya han pasado a segundo plano y ya tenemos nuevas noticias, tanto o m\u00e1s duras, que se depositan como sedimentos sobre las anteriores.<\/p>\n<p><strong>El mundo est\u00e1 lleno de campos de refugiados<\/strong> que han tenido que dejar sus pa\u00edses por motivos muy diferentes: pol\u00edticos, hambre, ocupaciones, guerras &#8230; Otros est\u00e1n en tr\u00e1nsito, esperando encontrar una tierra acogedora.<\/p>\n<p>Las mujeres del Ateneo desde su sensibilidad por el tema y desde su gran capacidad de contar historias cosidas nos muestran historias sobrecogedoras, arpilleras que denuncian situaciones en diversos lugares del mundo, sin distinciones.<\/p>\n<p>Viernes, 06.10.2017, nos presentaron una muestra, conjuntamente con 4 arpilleras \u00a0mundialmente significativas de otras luchas (desaparecidos, traves\u00edas por el desierto, ocupaciones &#8230;), estas arpilleras viajaron de la mano de Roberta Bacic, mujer comprometida en este trabajo por la paz y por la memoria hist\u00f3rica, por el no olvido. \u00a0Han venido desde Brasil con\u00a0Esther Vital para\u00a0contar la historia que cosen las mujeres que denuncian la vulneraci\u00f3n de los Derechos Humanos en las &#8220;represas&#8221; de Brasil, otras m\u00e1s cercanas en Sabadell pero que tambi\u00e9n sufren situaciones de injusticia y de dolor.<\/p>\n<p>La exposici\u00f3n<strong> Arpilleres en acci\u00f3n: Refugiados<\/strong> es una muestra de la reflexi\u00f3n, de la interpretaci\u00f3n de hechos duros, hecha en un lenguaje f\u00e1cilmente comprensible y tierno que nos llega directamente, que nos emociona, nos deja desnudos de razones, nos interpela y espera nuestra respuesta.<\/p>\n<p>Un acto muy emotivo compartido por las arpilleristes Anita, Antonia, Encarna, Justa, Loli, Manoli, Merc\u00e8, M\u00f3nica, Paqui y Pilar, con la colaboraci\u00f3n de Coloma Lleal que ley\u00f3 un poema entra\u00f1able y punzante, \u00a0de Proactiva Open Arms que nos inform\u00f3 de la cr\u00edtica situaci\u00f3n actual en el Mediterr\u00e1neo, y de Mar\u00eda y Manuel que cerraron el acto c\u00e1lidamente.<\/p>\n<p><a href=\"https:\/\/fundacioateneusantroc.org\/wp-content\/uploads\/cataleg-refugiats_br.pdf\">&gt;&gt;Cat\u00e1logo Arpilleres en acci\u00f3, REFUGIATS<\/a><\/p>\n<p><a href=\"https:\/\/fundacioateneusantroc.org\/wp-content\/uploads\/REFUGIATS-guia-did\u00e0ctica_ENQ.pdf\" target=\"_blank\" rel=\"noopener noreferrer\">&gt;&gt;Gu\u00eda did\u00e1tica ENCUESTA ALUMNADO<\/a><\/p>\n<p><a href=\"https:\/\/fundacioateneusantroc.org\/wp-content\/uploads\/REFUGIATS-guia-did\u00e0ctica_int.pdf\" target=\"_blank\" rel=\"noopener noreferrer\">&gt;&gt;Gu\u00cda did\u00e1ctica EDUCADORES\/AS<\/a><\/p>\n<p>&nbsp;<\/p>\n\n\t\t<style type=\"text\/css\">\n\t\t\t#gallery-1 {\n\t\t\t\tmargin: auto;\n\t\t\t}\n\t\t\t#gallery-1 .gallery-item {\n\t\t\t\tfloat: left;\n\t\t\t\tmargin-top: 10px;\n\t\t\t\ttext-align: center;\n\t\t\t\twidth: 20%;\n\t\t\t}\n\t\t\t#gallery-1 img {\n\t\t\t\tborder: 2px solid #cfcfcf;\n\t\t\t}\n\t\t\t#gallery-1 .gallery-caption {\n\t\t\t\tmargin-left: 0;\n\t\t\t}\n\t\t\t\/* see gallery_shortcode() in wp-includes\/media.php *\/\n\t\t<\/style>\n\t\t<div id='gallery-1' class='gallery galleryid-32023 gallery-columns-5 gallery-size-thumbnail'><dl class='gallery-item'>\n\t\t\t<dt class='gallery-icon landscape'>\n\t\t\t\t<a href='https:\/\/fundacioateneusantroc.org\/es\/arpilleras-en-accion-refugiados\/refugiats15-2\/'><img loading=\"lazy\" decoding=\"async\" width=\"150\" height=\"150\" src=\"https:\/\/fundacioateneusantroc.org\/wp-content\/uploads\/refugiats15-150x150.jpg\" class=\"attachment-thumbnail size-thumbnail\" alt=\"\"><\/a>\n\t\t\t<\/dt><\/dl><dl class='gallery-item'>\n\t\t\t<dt class='gallery-icon landscape'>\n\t\t\t\t<a href='https:\/\/fundacioateneusantroc.org\/es\/arpilleras-en-accion-refugiados\/refugiats1-2\/'><img loading=\"lazy\" decoding=\"async\" width=\"150\" height=\"150\" src=\"https:\/\/fundacioateneusantroc.org\/wp-content\/uploads\/refugiats1-150x150.jpg\" class=\"attachment-thumbnail size-thumbnail\" alt=\"\"><\/a>\n\t\t\t<\/dt><\/dl><dl class='gallery-item'>\n\t\t\t<dt class='gallery-icon landscape'>\n\t\t\t\t<a href='https:\/\/fundacioateneusantroc.org\/es\/arpilleras-en-accion-refugiados\/refugiats2-2\/'><img loading=\"lazy\" decoding=\"async\" width=\"150\" height=\"150\" src=\"https:\/\/fundacioateneusantroc.org\/wp-content\/uploads\/refugiats2-150x150.jpg\" class=\"attachment-thumbnail size-thumbnail\" alt=\"\"><\/a>\n\t\t\t<\/dt><\/dl><dl class='gallery-item'>\n\t\t\t<dt class='gallery-icon landscape'>\n\t\t\t\t<a href='https:\/\/fundacioateneusantroc.org\/es\/arpilleras-en-accion-refugiados\/refugiats13-2\/'><img loading=\"lazy\" decoding=\"async\" width=\"150\" height=\"150\" src=\"https:\/\/fundacioateneusantroc.org\/wp-content\/uploads\/refugiats13-150x150.jpg\" class=\"attachment-thumbnail size-thumbnail\" alt=\"\"><\/a>\n\t\t\t<\/dt><\/dl><dl class='gallery-item'>\n\t\t\t<dt class='gallery-icon landscape'>\n\t\t\t\t<a href='https:\/\/fundacioateneusantroc.org\/es\/arpilleras-en-accion-refugiados\/refugiats11-2\/'><img loading=\"lazy\" decoding=\"async\" width=\"150\" height=\"150\" src=\"https:\/\/fundacioateneusantroc.org\/wp-content\/uploads\/refugiats11-150x150.jpg\" class=\"attachment-thumbnail size-thumbnail\" alt=\"\"><\/a>\n\t\t\t<\/dt><\/dl><br style=\"clear: both\" \/><dl class='gallery-item'>\n\t\t\t<dt class='gallery-icon landscape'>\n\t\t\t\t<a href='https:\/\/fundacioateneusantroc.org\/es\/arpilleras-en-accion-refugiados\/refugiats3-2\/'><img loading=\"lazy\" decoding=\"async\" width=\"150\" height=\"150\" src=\"https:\/\/fundacioateneusantroc.org\/wp-content\/uploads\/refugiats3-150x150.jpg\" class=\"attachment-thumbnail size-thumbnail\" alt=\"\"><\/a>\n\t\t\t<\/dt><\/dl><dl class='gallery-item'>\n\t\t\t<dt class='gallery-icon landscape'>\n\t\t\t\t<a href='https:\/\/fundacioateneusantroc.org\/es\/arpilleras-en-accion-refugiados\/refugiats4-2\/'><img loading=\"lazy\" decoding=\"async\" width=\"150\" height=\"150\" src=\"https:\/\/fundacioateneusantroc.org\/wp-content\/uploads\/refugiats4-150x150.jpg\" class=\"attachment-thumbnail size-thumbnail\" alt=\"\"><\/a>\n\t\t\t<\/dt><\/dl><dl class='gallery-item'>\n\t\t\t<dt class='gallery-icon landscape'>\n\t\t\t\t<a href='https:\/\/fundacioateneusantroc.org\/es\/arpilleras-en-accion-refugiados\/refugiats5-2\/'><img loading=\"lazy\" decoding=\"async\" width=\"150\" height=\"150\" src=\"https:\/\/fundacioateneusantroc.org\/wp-content\/uploads\/refugiats5-150x150.jpg\" class=\"attachment-thumbnail size-thumbnail\" alt=\"\"><\/a>\n\t\t\t<\/dt><\/dl><dl class='gallery-item'>\n\t\t\t<dt class='gallery-icon landscape'>\n\t\t\t\t<a href='https:\/\/fundacioateneusantroc.org\/es\/arpilleras-en-accion-refugiados\/refugiats6-2\/'><img loading=\"lazy\" decoding=\"async\" width=\"150\" height=\"150\" src=\"https:\/\/fundacioateneusantroc.org\/wp-content\/uploads\/refugiats6-150x150.jpg\" class=\"attachment-thumbnail size-thumbnail\" alt=\"\"><\/a>\n\t\t\t<\/dt><\/dl><dl class='gallery-item'>\n\t\t\t<dt class='gallery-icon landscape'>\n\t\t\t\t<a href='https:\/\/fundacioateneusantroc.org\/es\/arpilleras-en-accion-refugiados\/refugiats10-2\/'><img loading=\"lazy\" decoding=\"async\" width=\"150\" height=\"150\" src=\"https:\/\/fundacioateneusantroc.org\/wp-content\/uploads\/refugiats10-150x150.jpg\" class=\"attachment-thumbnail size-thumbnail\" alt=\"\"><\/a>\n\t\t\t<\/dt><\/dl><br style=\"clear: both\" \/><dl class='gallery-item'>\n\t\t\t<dt class='gallery-icon landscape'>\n\t\t\t\t<a href='https:\/\/fundacioateneusantroc.org\/es\/arpilleras-en-accion-refugiados\/refugiats7-2\/'><img loading=\"lazy\" decoding=\"async\" width=\"150\" height=\"150\" src=\"https:\/\/fundacioateneusantroc.org\/wp-content\/uploads\/refugiats7-150x150.jpg\" class=\"attachment-thumbnail size-thumbnail\" alt=\"\"><\/a>\n\t\t\t<\/dt><\/dl><dl class='gallery-item'>\n\t\t\t<dt class='gallery-icon landscape'>\n\t\t\t\t<a href='https:\/\/fundacioateneusantroc.org\/es\/arpilleras-en-accion-refugiados\/refugiats8-2\/'><img loading=\"lazy\" decoding=\"async\" width=\"150\" height=\"150\" src=\"https:\/\/fundacioateneusantroc.org\/wp-content\/uploads\/refugiats8-150x150.jpg\" class=\"attachment-thumbnail size-thumbnail\" alt=\"\"><\/a>\n\t\t\t<\/dt><\/dl><dl class='gallery-item'>\n\t\t\t<dt class='gallery-icon landscape'>\n\t\t\t\t<a href='https:\/\/fundacioateneusantroc.org\/es\/arpilleras-en-accion-refugiados\/refugiats12-2\/'><img loading=\"lazy\" decoding=\"async\" width=\"150\" height=\"150\" src=\"https:\/\/fundacioateneusantroc.org\/wp-content\/uploads\/refugiats12-150x150.jpg\" class=\"attachment-thumbnail size-thumbnail\" alt=\"\"><\/a>\n\t\t\t<\/dt><\/dl><dl class='gallery-item'>\n\t\t\t<dt class='gallery-icon landscape'>\n\t\t\t\t<a href='https:\/\/fundacioateneusantroc.org\/es\/arpilleras-en-accion-refugiados\/refugiats9-2\/'><img loading=\"lazy\" decoding=\"async\" width=\"150\" height=\"150\" src=\"https:\/\/fundacioateneusantroc.org\/wp-content\/uploads\/refugiats9-150x150.jpg\" class=\"attachment-thumbnail size-thumbnail\" alt=\"\"><\/a>\n\t\t\t<\/dt><\/dl><dl class='gallery-item'>\n\t\t\t<dt class='gallery-icon landscape'>\n\t\t\t\t<a href='https:\/\/fundacioateneusantroc.org\/es\/arpilleras-en-accion-refugiados\/refugiats14-2\/'><img loading=\"lazy\" decoding=\"async\" width=\"150\" height=\"150\" src=\"https:\/\/fundacioateneusantroc.org\/wp-content\/uploads\/refugiats14-150x150.jpg\" class=\"attachment-thumbnail size-thumbnail\" alt=\"\"><\/a>\n\t\t\t<\/dt><\/dl><br style=\"clear: both\" \/>\n\t\t<\/div>\n\n<p style=\"text-align: center;\"><iframe loading=\"lazy\" src=\"https:\/\/www.youtube.com\/embed\/ZvcQkKX3f4c\" width=\"560\" height=\"315\" frameborder=\"0\" allowfullscreen=\"allowfullscreen\" data-mce-fragment=\"1\"><\/iframe><\/p>\n","protected":false},"excerpt":{"rendered":"<p>Cada d\u00eda las noticias nos abruman con informaciones, eventos, datos que nos retraen y que al [&hellip;]<\/p>\n","protected":false},"author":37,"featured_media":31893,"comment_status":"open","ping_status":"open","sticky":false,"template":"","format":"standard","meta":{"footnotes":""},"categories":[1056,787],"tags":[1473,1536],"class_list":["post-32023","post","type-post","status-publish","format-standard","has-post-thumbnail","hentry","category-arpilleres-es","category-les-arpilleres","tag-arpilleras-es","tag-refugiados"],"_links":{"self":[{"href":"https:\/\/fundacioateneusantroc.org\/es\/wp-json\/wp\/v2\/posts\/32023","targetHints":{"allow":["GET"]}}],"collection":[{"href":"https:\/\/fundacioateneusantroc.org\/es\/wp-json\/wp\/v2\/posts"}],"about":[{"href":"https:\/\/fundacioateneusantroc.org\/es\/wp-json\/wp\/v2\/types\/post"}],"author":[{"embeddable":true,"href":"https:\/\/fundacioateneusantroc.org\/es\/wp-json\/wp\/v2\/users\/37"}],"replies":[{"embeddable":true,"href":"https:\/\/fundacioateneusantroc.org\/es\/wp-json\/wp\/v2\/comments?post=32023"}],"version-history":[{"count":4,"href":"https:\/\/fundacioateneusantroc.org\/es\/wp-json\/wp\/v2\/posts\/32023\/revisions"}],"predecessor-version":[{"id":38814,"href":"https:\/\/fundacioateneusantroc.org\/es\/wp-json\/wp\/v2\/posts\/32023\/revisions\/38814"}],"wp:featuredmedia":[{"embeddable":true,"href":"https:\/\/fundacioateneusantroc.org\/es\/wp-json\/wp\/v2\/media\/31893"}],"wp:attachment":[{"href":"https:\/\/fundacioateneusantroc.org\/es\/wp-json\/wp\/v2\/media?parent=32023"}],"wp:term":[{"taxonomy":"category","embeddable":true,"href":"https:\/\/fundacioateneusantroc.org\/es\/wp-json\/wp\/v2\/categories?post=32023"},{"taxonomy":"post_tag","embeddable":true,"href":"https:\/\/fundacioateneusantroc.org\/es\/wp-json\/wp\/v2\/tags?post=32023"}],"curies":[{"name":"wp","href":"https:\/\/api.w.org\/{rel}","templated":true}]}}