{"id":32846,"date":"2017-11-15T17:40:32","date_gmt":"2017-11-15T16:40:32","guid":{"rendered":"http:\/\/fundacioateneusantroc.org\/?p=32846"},"modified":"2023-07-14T12:22:41","modified_gmt":"2023-07-14T10:22:41","slug":"roberta-bacic-investigadora-en-derechos-humanos-y-coleccionista-de-arpilleras","status":"publish","type":"post","link":"https:\/\/fundacioateneusantroc.org\/es\/roberta-bacic-investigadora-en-derechos-humanos-y-coleccionista-de-arpilleras\/","title":{"rendered":"Roberta Bacic,\u00a0investigadora en derechos humanos y coleccionista de arpilleras"},"content":{"rendered":"\n<hr class=\"wp-block-separator\"\/>\n\n\n\n<p><strong>ENTREVISTA A&nbsp;ROBERTA BACIC&nbsp;\u2022 <span id=\"author\">Eug\u00e8nia Riera<\/span> \u2022 <span id=\"author\">Institut Catal\u00e0 Internacional per la Pau<\/span><\/strong><\/p>\n\n\n\n<div class=\"wp-block-image\"><figure class=\"aligncenter\"><img loading=\"lazy\" decoding=\"async\" width=\"300\" height=\"200\" src=\"http:\/\/fundacioateneusantroc.org\/wp-content\/uploads\/\/refugiats15-300x200.jpg\" alt=\"\" class=\"wp-image-31926\" srcset=\"https:\/\/fundacioateneusantroc.org\/wp-content\/uploads\/refugiats15-300x200.jpg 300w, https:\/\/fundacioateneusantroc.org\/wp-content\/uploads\/refugiats15.jpg 720w\" sizes=\"auto, (max-width: 300px) 100vw, 300px\" \/><\/figure><\/div>\n\n\n\n<p><strong><em>Roberta Bacic, &nbsp;nacida en Chile y residente en Irlanda del Norte, es fundadora de <a href=\"http:\/\/cain.ulster.ac.uk\/conflicttextiles\/\" target=\"_blank\" rel=\"noopener\">Conflict Textiles<\/a>, una colecci\u00f3n de arpilleras muy significativa a nivel mundial. Profesora de filosof\u00eda e ingl\u00e9s de formaci\u00f3n, e investigadora en temas relacionados con los Derechos humanos, Bacic se adentra en el mundo de las arpilleras durante la dictadura chilena de Augusto Pinochet. El uso de la artesan\u00eda textil le permite denunciar la represi\u00f3n y la violencia que viven especialmente las mujeres chilenas, un lenguaje que m\u00e1s tarde exporta a otros pa\u00edses a trav\u00e9s de su colecci\u00f3n, tambi\u00e9n en Catalu\u00f1a.&nbsp;<\/em><\/strong><\/p>\n\n\n\n<hr class=\"wp-block-separator\"\/>\n\n\n\n<h4 class=\"wp-block-heading\"><b>Las arpilleras son una forma art\u00edstica de denuncia, de resistencia pol\u00edtica, de terapia, de participaci\u00f3n social &#8230; \u00bfC\u00f3mo y por qu\u00e9 nacen?&nbsp;<\/b><\/h4>\n\n\n\n<p>Las arpilleras nacen en Chile en los a\u00f1os 70 fruto de una necesidad emergente de mujeres que estaban viviendo la represi\u00f3n pol\u00edtica en primera persona; mujeres a las que estaban arrestando a sus maridos, compa\u00f1eros, hijos o padres&#8230; desaparecidos, torturados, encarcelados o exiliados. En este contexto, se producen dos fen\u00f3menos: por un lado, la necesidad de estas mujeres de actuar ante lo que est\u00e1 pasando, de denunciar, de ser capaces de ser actores de sus historias; por otro, la necesidad de sobrevivir porque son ellas las que adquieren el rol important\u00edsimo de manutenci\u00f3n de la familia. De hecho, a partir del a\u00f1o 73 -despu\u00e9s del golpe militar- las mujeres, que hasta entonces muchas veces se quedaban en casa para cuidar a los hijos, deben asumir un doble rol: de madre que provee los ingresos y de mujer que busca su familiar desaparecido. Es as\u00ed que comienzan los talleres de arpilleras tal como las conocemos ahora.<\/p>\n\n\n\n<h4 class=\"wp-block-heading\"><b>Antes, no&nbsp;exist\u00edan? <\/b><\/h4>\n\n\n\n<p>Exist\u00edan trabajos textiles, como los de la famosa folclorista chilena Violeta Parra, pero a nivel de t\u00e9cnica son totalmente diferentes. Las arpilleras de Violeta Parra son a gran escala y bordadas, y tratan sobre temas sociales, mientras que las que yo colecciono se trabajan con recortes de material usado, por ejemplo con tela de faldas de las mismas mujeres. Adem\u00e1s, el bordado es un elemento adicional para adherir las piezas pero no es lo central.<\/p>\n\n\n\n<h4 class=\"wp-block-heading\"><b>Sus arpilleras ponen en el centro la denuncia de la represi\u00f3n pol\u00edtica?&nbsp;<\/b><\/h4>\n\n\n\n<p>Con las que yo trabajo s\u00ed. Pero quieren ser tambi\u00e9n una narraci\u00f3n de la vida cotidiana a trav\u00e9s de los hechos pol\u00edticos. Por ejemplo, hay una arpillera que se llama &#8220;Corte de agua&#8221; que muestra la capacidad de las mujeres de organizarse ante los cortes de agua motivados por la represi\u00f3n pol\u00edtica. En esta coyuntura, las mujeres representan su cotidianidad y como las circunstancias que las rodean han cambiado su vida cotidiana.<\/p>\n\n\n\n<h3 class=\"has-text-align-left wp-block-heading\">&#8220;Las arpilleras nacen en Chile a partir de la necesidad de las mujeres de actuar ante &nbsp;la represi\u00f3n que sufren&#8221;<\/h3>\n\n\n\n<h4 class=\"wp-block-heading\"><b>La t\u00e9cnica de las arpilleras tambi\u00e9n se ha convertido en un elemento de apoderamiento de las mujeres?<\/b><\/h4>\n\n\n\n<p>Las arpilleras han sido una manera de apoderamiento, pero tambi\u00e9n de denuncia, de testigo y de preservaci\u00f3n de la memoria. Y no es simplemente una t\u00e9cnica, yo prefiero hablar de lenguaje, porque hay arpilleras hechas con muy poca t\u00e9cnica, por mujeres que sab\u00edan muy poco de coser, pero su arte radica en el hecho de poder comunicar lo que quieren decir. Es el lenguaje,&nbsp;con una carga pol\u00edtica y social, que&nbsp;transmite la vida completa de las mujeres. Como dec\u00eda Primo Levi, cuando uno vive situaciones extremas, como los campos de concentraci\u00f3n, las palabras no son suficientes para describir estas vivencias y hay que buscar nuevas formas. Y una de estas formas es la artesan\u00eda textil que la mujer puede continuar trabajando en su casa; mientras va cosiendo va utilizando el banco del tiempo: el tiempo de reflexi\u00f3n y el tiempo del reloj.<\/p>\n\n\n\n<h4 class=\"wp-block-heading\"><b>Es un lenguaje exclusivo de las mujeres?<\/b><\/h4>\n\n\n\n<p>Yo dir\u00eda que es un lenguaje prioritario de las mujeres. Los hombres han tenido otras maneras de testimoniar lo que les ha pasado (por ejemplo desde la c\u00e1rcel) y en algunas culturas -africanes- son los hombres los que hacen los tejidos mientras las mujeres trabajan la tierra. Pero las arpilleras chilenas han sido hechas mayoritariamente por mujeres y por eso narran como los hechos violentos interrumpen el curso de su vida cotidiana y muestran el dolor de la p\u00e9rdida o desaparici\u00f3n de los maridos, compa\u00f1eros o hijos. De esta manera estas mujeres se convierten en autores de su propia historia, toman autor\u00eda de su propia vida, se empoderan para tener un rol vivo y activo.<\/p>\n\n\n\n<h4 class=\"wp-block-heading\">Como se organizan las primeras mujeres para coser?<\/h4>\n\n\n\n<p>Durante la dictadura militar en Chile, la mayor parte de los talleres recibieron el apoyo de la Iglesia Cat\u00f3lica chilena, que dio espacio f\u00edsico y material para que se pudieran desarrollar, y luego los tejidos se exportaron a trav\u00e9s de la Fundaci\u00f3n Solidaridad. Fue una exportaci\u00f3n masiva de arpilleras, miles de ellas salieron al exterior, en un tiempo de silencio. En un primer momento se ignoraron porque eran vistas como simples tejidos de mujeres, pero despu\u00e9s, cuando descubrieron su valor, las arpilleras fueron proscritas y durante muchos a\u00f1os se consideraron subversivas.<\/p>\n\n\n\n<h3 class=\"has-text-align-left wp-block-heading\">&#8220;Las arpilleras han sido una manera de apoderamiento de las mujeres, pero tambi\u00e9n de denuncia, de testimonio y de preservaci\u00f3n de la memoria&#8221;<\/h3>\n\n\n\n<h4 class=\"wp-block-heading\"><b>C\u00f3mo ha evolucionado desde entonces?&nbsp;<\/b><\/h4>\n\n\n\n<p>De diferentes maneras. Por ejemplo, ahora las arpilleras se utilizan tambi\u00e9n como parte de arte-terapia, para trabajar traumas, sobre todo con mujeres que han vivido situaciones de violencia dom\u00e9stica o violencia sexual. Y tambi\u00e9n se han utilizado con otros objetivos de denuncia, m\u00e1s all\u00e1 de los pol\u00edticos, han trabajado en las escuelas y como t\u00e9cnica para recuperar testimonios informales de hechos denunciables.<\/p>\n\n\n\n<h4 class=\"wp-block-heading\"><b>La t\u00e9cnica nace en Chile pero se ha trabajado en muchos pa\u00edses. D\u00f3nde ha tenido m\u00e1s repercusi\u00f3n?&nbsp;<\/b><\/h4>\n\n\n\n<p>La&nbsp;mayor parte de los trabajos que se est\u00e1n haciendo en otros lugares han nacido a partir de exposiciones que hemos hecho de arpilleras de la colecci\u00f3n <a href=\"http:\/\/cain.ulster.ac.uk\/conflicttextiles\/\" target=\"_blank\" rel=\"noopener noreferrer\"><em>Conflict Textiles<\/em><\/a>. Otras mujeres han descubierto la necesidad de expresarse a trav\u00e9s de este lenguaje. Por ejemplo en Irlanda del Norte, donde vivo y donde el conflicto est\u00e1 vivo y contin\u00faa intenso, las mujeres han comenzado a conversar sobre lo que ha pasado a sus comunidades a trav\u00e9s de las arpilleras. Tambi\u00e9n en Catalu\u00f1a, donde hice una primera exposici\u00f3n en 2008, las mujeres del Ateneu de Sant Roc, en Badalona, \u200b\u200bhacen talleres de arpilleras que incluyen una reflexi\u00f3n de la guerra civil espa\u00f1ola y justamente este oto\u00f1o se puede visitar la muestra <a href=\"https:\/\/fundacioateneusantroc.org\/es\/arpilleras-en-accion-refugiados\/\" target=\"_blank\" rel=\"noopener noreferrer\">\u201cArpilleres en acci\u00f3: Refugiats\u201d<\/a>. Tambi\u00e9n se est\u00e1n trabajando las arpilleras en el Pa\u00eds Vasco, en Argentina, en Inglaterra&#8230; hay una proliferaci\u00f3n del uso de la arpillera como forma de lenguaje y conversaci\u00f3n a trav\u00e9s del material textil, y todos ellos son espacios que facilitan a las mujeres narrar sus propias narrativas.<\/p>\n\n\n\n<h3 class=\"has-text-align-left wp-block-heading\">&#8220;Es un lenguaje de transmisi\u00f3n de la vida cotidiana de las mujeres, con una carga pol\u00edtica y social&#8221;<\/h3>\n\n\n\n<h4 class=\"wp-block-heading\"><b>C\u00f3mo usted puede gestionar la colecci\u00f3n de arpilleras m\u00e1s importante a nivel mundial? &nbsp;<\/b><\/h4>\n\n\n\n<p>Yo soy chilena, pas\u00e9 toda la dictadura militar en Chile, y ando con las arpilleras desde el a\u00f1o 1975. Han sido parte connatural de mi vida pero es cuando llego a Irlanda del Norte cuando me piden nuevas modalidades de trabajar con las comunidades enfrentadas por el conflicto, y yo recurro a las arpilleras. Entonces empec\u00e9 a reencontrar tejidos que hab\u00eda adquirido y regalado, y los coleccion\u00e9. Me llegaron muchas m\u00e1s a trav\u00e9s de donaciones, y ahora la colecci\u00f3n <em>Conflict Textiles<\/em> tiene m\u00e1s de 300 piezas documentadas. Es el archivo m\u00e1s completo que existe a nivel internacional, un archivo que yo llamo &#8220;dialogando&#8221; porque no es s\u00f3lo el textil por s\u00ed solo, sino que puede ser usado para una exposici\u00f3n, una conferencia, la portada de un libro, etc., e interact\u00faa con actividades asociadas a la exposici\u00f3n.<\/p>\n\n\n\n<h4 class=\"wp-block-heading\"><b>De la seva extensa col\u00b7lecci\u00f3, hi ha una arpillera que vost\u00e8 se sent molt pr\u00f2pia:&nbsp;<em>l\u2019Arpillera Peruana<\/em>, que il\u00b7lustra l\u2019experi\u00e8ncia de la viol\u00e8ncia de les dones afectades pel conflicte entre el govern del Per\u00fa i a l\u2019organitzaci\u00f3 Sendero Luminoso. Qu\u00e8 representa?&nbsp;<\/b><\/h4>\n\n\n\n<p>Esta arpillera, llamada \u201c<a href=\"http:\/\/cain.ulster.ac.uk\/conflicttextiles\/search-quilts\/fulltextiles\/?id=198\" target=\"_blank\" rel=\"noopener noreferrer\">Ayer y hoy. Las mujeres de Kuyanakuy<\/a>\u201d, que hoy forma parte del &nbsp;<em>Lugar de la Memoria, la Tolerancia y la Inclusi\u00f3n Social<\/em>&nbsp;del Per\u00fa,&nbsp;tuvo para m\u00ed una resonancia importante porque la utilic\u00e9 para ilustrar c\u00f3mo se pod\u00eda trabajar el conflicto en Irlanda del Norte. Me la prest\u00f3 una compa\u00f1era, Gaby Franger, de &#8220;Mujeres de un solo Mundo &#8211; Museo de la Mujer de Alemania&#8221; y muestra c\u00f3mo las mujeres afectadas a un lado y otro del conflicto tienen m\u00e1s cosas en com\u00fan que diferencias. Todas las mujeres, de un lado y del otro, eran pobres, desplazadas, hab\u00edan perdido maridos e hijos&#8230; estaban unidas por esta situaci\u00f3n m\u00e1s que divididas. Es una manera de decir que tenemos que buscar lo que nos une, porque las divisiones alimentan secuelas.<\/p>\n\n\n\n<h4 class=\"wp-block-heading\"><b>Es un buen ejemplo de c\u00f3mo las expresiones art\u00edsticas pueden contribuir al trabajo de construcci\u00f3n de paz.&nbsp;<\/b><\/h4>\n\n\n\n<p>S\u00ed,&nbsp;y esta contribuci\u00f3n se hace a trav\u00e9s de asumir un rol absolutamente participativo en la creaci\u00f3n de generar espacios de empoderamiento y de visibilizaci\u00f3n de las violaciones de derechos humanos. La construcci\u00f3n de paz se basa en la capacidad de trabajar los temas que han interrumpido la vida. Por ejemplo, las mujeres han aprendido a trav\u00e9s de las arpilleras a vivir con un dolor que no olvidar\u00e1n. La persona que ha perdido a su hijo no lo puede olvidar. Una comisi\u00f3n de la verdad es importante a nivel social pero como se refuerzan los aspectos de la vida para seguir adelante? Aqu\u00ed es d\u00f3nde es importante el trabajo en comunidad, reforzar los lazos de la comunidad, porque lo que le pasa a uno tambi\u00e9n les sucede a otros.<\/p>\n\n\n\n<p>>>Ver en \u00a0http:\/\/www.icip-perlapau.cat\/numero32\/entrevista\/entrevista\/ca<\/p>\n","protected":false},"excerpt":{"rendered":"<p>ENTREVISTA A&nbsp;ROBERTA BACIC&nbsp;\u2022 Eug\u00e8nia Riera \u2022 Institut Catal\u00e0 Internacional per la Pau Roberta Bacic, &nbsp;nacida en [&hellip;]<\/p>\n","protected":false},"author":37,"featured_media":32196,"comment_status":"open","ping_status":"open","sticky":false,"template":"","format":"standard","meta":{"footnotes":""},"categories":[1056,787,646,654],"tags":[1473,60,1444],"class_list":["post-32846","post","type-post","status-publish","format-standard","has-post-thumbnail","hentry","category-arpilleres-es","category-les-arpilleres","category-articles-dinteres","category-articulos-deinteres-es","tag-arpilleras-es","tag-roberta-bacic","tag-roberta-bacic-es"],"_links":{"self":[{"href":"https:\/\/fundacioateneusantroc.org\/es\/wp-json\/wp\/v2\/posts\/32846","targetHints":{"allow":["GET"]}}],"collection":[{"href":"https:\/\/fundacioateneusantroc.org\/es\/wp-json\/wp\/v2\/posts"}],"about":[{"href":"https:\/\/fundacioateneusantroc.org\/es\/wp-json\/wp\/v2\/types\/post"}],"author":[{"embeddable":true,"href":"https:\/\/fundacioateneusantroc.org\/es\/wp-json\/wp\/v2\/users\/37"}],"replies":[{"embeddable":true,"href":"https:\/\/fundacioateneusantroc.org\/es\/wp-json\/wp\/v2\/comments?post=32846"}],"version-history":[{"count":5,"href":"https:\/\/fundacioateneusantroc.org\/es\/wp-json\/wp\/v2\/posts\/32846\/revisions"}],"predecessor-version":[{"id":61526,"href":"https:\/\/fundacioateneusantroc.org\/es\/wp-json\/wp\/v2\/posts\/32846\/revisions\/61526"}],"wp:featuredmedia":[{"embeddable":true,"href":"https:\/\/fundacioateneusantroc.org\/es\/wp-json\/wp\/v2\/media\/32196"}],"wp:attachment":[{"href":"https:\/\/fundacioateneusantroc.org\/es\/wp-json\/wp\/v2\/media?parent=32846"}],"wp:term":[{"taxonomy":"category","embeddable":true,"href":"https:\/\/fundacioateneusantroc.org\/es\/wp-json\/wp\/v2\/categories?post=32846"},{"taxonomy":"post_tag","embeddable":true,"href":"https:\/\/fundacioateneusantroc.org\/es\/wp-json\/wp\/v2\/tags?post=32846"}],"curies":[{"name":"wp","href":"https:\/\/api.w.org\/{rel}","templated":true}]}}