{"id":33317,"date":"2018-03-07T19:54:04","date_gmt":"2018-03-07T18:54:04","guid":{"rendered":"http:\/\/fundacioateneusantroc.org\/?p=33317"},"modified":"2023-07-14T12:22:09","modified_gmt":"2023-07-14T10:22:09","slug":"mujer-trabajadora-sueldo-o-limosna","status":"publish","type":"post","link":"https:\/\/fundacioateneusantroc.org\/es\/mujer-trabajadora-sueldo-o-limosna\/","title":{"rendered":"Mujer trabajadora, \u00bfsueldo o limosna?"},"content":{"rendered":"\n<div class=\"wp-block-image\"><figure class=\"aligncenter\"><img loading=\"lazy\" decoding=\"async\" width=\"512\" height=\"720\" src=\"https:\/\/fundacioateneusantroc.org\/wp-content\/uploads\/kellys-1.png\" alt=\"\" class=\"wp-image-33219\"><\/figure><\/div>\n\n\n\n<p>La celebraci\u00f3n reflexiva y reivindicativa del D\u00cdA DE LA MUJER TRABAJADORA organizada por <strong>Dones i Barri en Xarxa<\/strong> da la bienvenida a las personas asistentes con unos emotivos poemas de Shirley Campbell (<em>La mujer del patio<\/em>, <em>Desde el principio<\/em>) i <a href=\"https:\/\/www.escritores.org\/biografias\/7997-lopez-guisela\" target=\"_blank\" rel=\"noopener noreferrer\">Guilsela L\u00f3pez<\/a> (<em>Ni una m\u00e1s<\/em>).<\/p>\n\n\n\n<p>Despu\u00e9s de la representaci\u00f3n comienza la mesa redonda con una fabulosa inmersi\u00f3n en el tema de la <strong>precariedad laboral de les mujeres trabajadoras<\/strong>, de la mano de Mar Vidal, especialista en temas de g\u00e9nero. La Mar nos hace ver&nbsp; que el trabajo invisible de las mujeres hace que la econom\u00eda funcione, a menudo sin recibir ninguna aportaci\u00f3n econ\u00f3mica. El cuidado de los hijos y de los familiares dependientes supone un ahorro para el Estado que hace que la econom\u00eda sea m\u00e1s sostenible. Posteriormente la palabra pasa a dos mujeres miembros de la&nbsp;Asociaci\u00f3n&nbsp;de&nbsp;las Kellys que nos explican la situaci\u00f3n del colectivo de las camareras de habitaciones de hotel y una representante de la&nbsp;Plataforma de Atenci\u00f3n Domiciliaria de Catalu\u00f1a. Despu\u00e9s de unas cuantas preguntas y reflexiones, el acto finaliz\u00f3 con un poema de Anita Ramonet y compartiendo una peque\u00f1a merienda.<\/p>\n\n\n\n<figure class=\"wp-block-gallery columns-4 is-cropped wp-block-gallery-1 is-layout-flex wp-block-gallery-is-layout-flex\"><ul class=\"blocks-gallery-grid\"><li class=\"blocks-gallery-item\"><figure><a href=\"https:\/\/fundacioateneusantroc.org\/es\/mujer-trabajadora-sueldo-o-limosna\/diadona0-2\/\"><img loading=\"lazy\" decoding=\"async\" width=\"720\" height=\"459\" src=\"https:\/\/fundacioateneusantroc.org\/wp-content\/uploads\/\/diadona0-720x459.jpg\" alt=\"\" data-id=\"33229\" data-full-url=\"https:\/\/fundacioateneusantroc.org\/wp-content\/uploads\/diadona0.jpg\" data-link=\"https:\/\/fundacioateneusantroc.org\/es\/mujer-trabajadora-sueldo-o-limosna\/diadona0-2\/\" class=\"wp-image-33229\"><\/a><\/figure><\/li><li class=\"blocks-gallery-item\"><figure><a href=\"https:\/\/fundacioateneusantroc.org\/es\/mujer-trabajadora-sueldo-o-limosna\/diadeladona5-2-2\/\"><img loading=\"lazy\" decoding=\"async\" width=\"720\" height=\"480\" src=\"https:\/\/fundacioateneusantroc.org\/wp-content\/uploads\/\/diadeladona5-1-720x480.jpg\" alt=\"\" data-id=\"33245\" data-full-url=\"https:\/\/fundacioateneusantroc.org\/wp-content\/uploads\/diadeladona5-1.jpg\" data-link=\"https:\/\/fundacioateneusantroc.org\/es\/mujer-trabajadora-sueldo-o-limosna\/diadeladona5-2-2\/\" class=\"wp-image-33245\" srcset=\"https:\/\/fundacioateneusantroc.org\/wp-content\/uploads\/diadeladona5-1.jpg 720w, https:\/\/fundacioateneusantroc.org\/wp-content\/uploads\/diadeladona5-1-300x200.jpg 300w\" sizes=\"auto, (max-width: 720px) 100vw, 720px\" \/><\/a><\/figure><\/li><li class=\"blocks-gallery-item\"><figure><a href=\"https:\/\/fundacioateneusantroc.org\/es\/mujer-trabajadora-sueldo-o-limosna\/diadeladona4-2-2\/\"><img loading=\"lazy\" decoding=\"async\" width=\"720\" height=\"480\" src=\"https:\/\/fundacioateneusantroc.org\/wp-content\/uploads\/\/diadeladona4-1-720x480.jpg\" alt=\"\" data-id=\"33243\" data-full-url=\"https:\/\/fundacioateneusantroc.org\/wp-content\/uploads\/diadeladona4-1.jpg\" data-link=\"https:\/\/fundacioateneusantroc.org\/es\/mujer-trabajadora-sueldo-o-limosna\/diadeladona4-2-2\/\" class=\"wp-image-33243\" srcset=\"https:\/\/fundacioateneusantroc.org\/wp-content\/uploads\/diadeladona4-1.jpg 720w, https:\/\/fundacioateneusantroc.org\/wp-content\/uploads\/diadeladona4-1-300x200.jpg 300w\" sizes=\"auto, (max-width: 720px) 100vw, 720px\" \/><\/a><\/figure><\/li><li class=\"blocks-gallery-item\"><figure><a href=\"https:\/\/fundacioateneusantroc.org\/es\/mujer-trabajadora-sueldo-o-limosna\/diadona1-2\/\"><img loading=\"lazy\" decoding=\"async\" width=\"720\" height=\"405\" src=\"https:\/\/fundacioateneusantroc.org\/wp-content\/uploads\/\/diadona1-720x405.jpg\" alt=\"\" data-id=\"33233\" data-full-url=\"https:\/\/fundacioateneusantroc.org\/wp-content\/uploads\/diadona1.jpg\" data-link=\"https:\/\/fundacioateneusantroc.org\/es\/mujer-trabajadora-sueldo-o-limosna\/diadona1-2\/\" class=\"wp-image-33233\"><\/a><\/figure><\/li><li class=\"blocks-gallery-item\"><figure><a href=\"https:\/\/fundacioateneusantroc.org\/es\/mujer-trabajadora-sueldo-o-limosna\/diadeladona12-2\/\"><img loading=\"lazy\" decoding=\"async\" width=\"720\" height=\"480\" src=\"https:\/\/fundacioateneusantroc.org\/wp-content\/uploads\/\/diadeladona12-720x480.jpg\" alt=\"\" data-id=\"33255\" data-full-url=\"https:\/\/fundacioateneusantroc.org\/wp-content\/uploads\/diadeladona12.jpg\" data-link=\"https:\/\/fundacioateneusantroc.org\/es\/mujer-trabajadora-sueldo-o-limosna\/diadeladona12-2\/\" class=\"wp-image-33255\" srcset=\"https:\/\/fundacioateneusantroc.org\/wp-content\/uploads\/diadeladona12.jpg 720w, https:\/\/fundacioateneusantroc.org\/wp-content\/uploads\/diadeladona12-300x200.jpg 300w\" sizes=\"auto, (max-width: 720px) 100vw, 720px\" \/><\/a><\/figure><\/li><li class=\"blocks-gallery-item\"><figure><a href=\"https:\/\/fundacioateneusantroc.org\/es\/mujer-trabajadora-sueldo-o-limosna\/diadeladona9-2\/\"><img loading=\"lazy\" decoding=\"async\" width=\"720\" height=\"480\" src=\"https:\/\/fundacioateneusantroc.org\/wp-content\/uploads\/\/diadeladona9-720x480.jpg\" alt=\"\" data-id=\"33251\" data-full-url=\"https:\/\/fundacioateneusantroc.org\/wp-content\/uploads\/diadeladona9.jpg\" data-link=\"https:\/\/fundacioateneusantroc.org\/es\/mujer-trabajadora-sueldo-o-limosna\/diadeladona9-2\/\" class=\"wp-image-33251\" srcset=\"https:\/\/fundacioateneusantroc.org\/wp-content\/uploads\/diadeladona9.jpg 720w, https:\/\/fundacioateneusantroc.org\/wp-content\/uploads\/diadeladona9-300x200.jpg 300w\" sizes=\"auto, (max-width: 720px) 100vw, 720px\" \/><\/a><\/figure><\/li><li class=\"blocks-gallery-item\"><figure><a href=\"https:\/\/fundacioateneusantroc.org\/es\/mujer-trabajadora-sueldo-o-limosna\/diadeladona13-2\/\"><img loading=\"lazy\" decoding=\"async\" width=\"720\" height=\"480\" src=\"https:\/\/fundacioateneusantroc.org\/wp-content\/uploads\/\/diadeladona13-720x480.jpg\" alt=\"\" data-id=\"33257\" data-full-url=\"https:\/\/fundacioateneusantroc.org\/wp-content\/uploads\/diadeladona13.jpg\" data-link=\"https:\/\/fundacioateneusantroc.org\/es\/mujer-trabajadora-sueldo-o-limosna\/diadeladona13-2\/\" class=\"wp-image-33257\" srcset=\"https:\/\/fundacioateneusantroc.org\/wp-content\/uploads\/diadeladona13.jpg 720w, https:\/\/fundacioateneusantroc.org\/wp-content\/uploads\/diadeladona13-300x200.jpg 300w\" sizes=\"auto, (max-width: 720px) 100vw, 720px\" \/><\/a><\/figure><\/li><li class=\"blocks-gallery-item\"><figure><a href=\"https:\/\/fundacioateneusantroc.org\/es\/mujer-trabajadora-sueldo-o-limosna\/diadeladona7-2\/\"><img loading=\"lazy\" decoding=\"async\" width=\"720\" height=\"480\" src=\"https:\/\/fundacioateneusantroc.org\/wp-content\/uploads\/\/diadeladona7-720x480.jpg\" alt=\"\" data-id=\"33249\" data-full-url=\"https:\/\/fundacioateneusantroc.org\/wp-content\/uploads\/diadeladona7.jpg\" data-link=\"https:\/\/fundacioateneusantroc.org\/es\/mujer-trabajadora-sueldo-o-limosna\/diadeladona7-2\/\" class=\"wp-image-33249\" srcset=\"https:\/\/fundacioateneusantroc.org\/wp-content\/uploads\/diadeladona7.jpg 720w, https:\/\/fundacioateneusantroc.org\/wp-content\/uploads\/diadeladona7-300x200.jpg 300w\" sizes=\"auto, (max-width: 720px) 100vw, 720px\" \/><\/a><\/figure><\/li><li class=\"blocks-gallery-item\"><figure><a href=\"https:\/\/fundacioateneusantroc.org\/es\/mujer-trabajadora-sueldo-o-limosna\/diadeladona14-2\/\"><img loading=\"lazy\" decoding=\"async\" width=\"720\" height=\"480\" src=\"https:\/\/fundacioateneusantroc.org\/wp-content\/uploads\/\/diadeladona14-720x480.jpg\" alt=\"\" data-id=\"33259\" data-full-url=\"https:\/\/fundacioateneusantroc.org\/wp-content\/uploads\/diadeladona14.jpg\" data-link=\"https:\/\/fundacioateneusantroc.org\/es\/mujer-trabajadora-sueldo-o-limosna\/diadeladona14-2\/\" class=\"wp-image-33259\" srcset=\"https:\/\/fundacioateneusantroc.org\/wp-content\/uploads\/diadeladona14.jpg 720w, https:\/\/fundacioateneusantroc.org\/wp-content\/uploads\/diadeladona14-300x200.jpg 300w\" sizes=\"auto, (max-width: 720px) 100vw, 720px\" \/><\/a><\/figure><\/li><li class=\"blocks-gallery-item\"><figure><a href=\"https:\/\/fundacioateneusantroc.org\/es\/mujer-trabajadora-sueldo-o-limosna\/diadeladona15-2\/\"><img loading=\"lazy\" decoding=\"async\" width=\"720\" height=\"480\" src=\"https:\/\/fundacioateneusantroc.org\/wp-content\/uploads\/\/diadeladona15-720x480.jpg\" alt=\"\" data-id=\"33261\" data-full-url=\"https:\/\/fundacioateneusantroc.org\/wp-content\/uploads\/diadeladona15.jpg\" data-link=\"https:\/\/fundacioateneusantroc.org\/es\/mujer-trabajadora-sueldo-o-limosna\/diadeladona15-2\/\" class=\"wp-image-33261\" srcset=\"https:\/\/fundacioateneusantroc.org\/wp-content\/uploads\/diadeladona15.jpg 720w, https:\/\/fundacioateneusantroc.org\/wp-content\/uploads\/diadeladona15-300x200.jpg 300w\" sizes=\"auto, (max-width: 720px) 100vw, 720px\" \/><\/a><\/figure><\/li><\/ul><\/figure>\n\n\n\n<p>A continuaci\u00f3n os dejamos un poco m\u00e1s de informaci\u00f3n sobre los dos colectivos participantes&#8230;<strong> \u00a1que ning\u00fan pol\u00edtico nos enga\u00f1e, esto va de JUSTICIA SOCIAL!<\/strong><\/p>\n\n\n\n<h3 class=\"wp-block-heading\"><b>Las Kellys<\/b><\/h3>\n\n\n\n<p>Las Kellys es una asociaci\u00f3n aut\u00f3noma e independiente que lucha por los derechos de las &#8220;camareras de habitaciones&#8221;.<\/p>\n\n\n\n<p>Su convenio est\u00e1 vinculado a la hosteler\u00eda, pero tienen un convenio m\u00e1s espec\u00edfico que el alojamiento. Con la&nbsp;<b>Reforma Laboral de 2012<\/b> el convenio de empresa pasa sobre el convenio sectorial, por lo tanto las condiciones de trabajo en las empresas externas est\u00e1 bajo m\u00ednimos y a menudo, ni tan siquiera se cumple el convenio del Estatuto de los Trabajadores. Actualmente cobran 1,50 euros por habitaci\u00f3n, sin tener en cuenta la cantidad de ocupantes ni el estado de \u00e9sta.<\/p>\n\n\n\n<p>Los sindicatos han dejado de estar presentes en estas empresas, y ya no pueden negociar los convenios ni organizar a las trabajadoras. En algunas empresas s\u00f3lo se mantienen fijas las mujeres afiliadas a CCOO,&nbsp; el resto de trabajadoras est\u00e1n en situaci\u00f3n de inseguridad laboral con contratos cortos y sin continuidad garantizada. A causa de la situaci\u00f3n personal de las trabajadoras, muchas no se atreven a denunciar, por miedo a ser despedidas, expedientadas y\/u obligadas a hacer trabajos m\u00e1s dif\u00edciles.<\/p>\n\n\n\n<p>La creaci\u00f3n de la asociaci\u00f3n ha hecho visible esta realidad y se re\u00fanen con otros colectivos que se encuentran en situaciones similares: trabajadoras dom\u00e9sticas, personal de Correos, Coca cola, la PAH y personas de otros movimientos sociales.<\/p>\n\n\n\n<p>&gt;&gt;M\u00e1s informaci\u00f3n en:<br>\n<a href=\"https:\/\/www.izquierdadiario.es\/Las-Kellys-Hay-que-crear-conciencia-entre-las-trabajadoras?id_rubrique=2653\" target=\"_blank\" rel=\"noopener noreferrer\">https:\/\/www.izquierdadiario.es\/Las-Kellys-Hay-que-crear-conciencia-entre-las-trabajadoras?id_rubrique=2653<\/a>&nbsp;<a href=\"https:\/\/www.izquierdadiario.es\/Entrevista-a-Las-Kellys-el-colectivo-de-las-mujeres-que-limpian-los-hoteles\" target=\"_blank\" rel=\"noopener noreferrer\">https:\/\/www.izquierdadiario.es\/Entrevista-a-Las-Kellys-el-colectivo-de-las-mujeres-que-limpian-los-hoteles<\/a><\/p>\n\n\n\n<h3 class=\"wp-block-heading\"><b>Plataforma de Atenci\u00f3n Domiciliaria de Catalu\u00f1a<\/b><\/h3>\n\n\n\n<p>Con la externalizaci\u00f3n del servicio de ayuda a personas dependientes (beb\u00e9s, j\u00f3venes, familias desestructuradas, gente de la 3\u00aa edad &#8230;), las trabajadoras familiares se encuentran en situaci\u00f3n de invisibilidad, indefensi\u00f3n y por tanto de precariedad laboral. Los contratos son de pocas horas, de continuidad incierta y estas empresas, a menudo acogen mujeres v\u00edctimas de la violencia de g\u00e9nero lo que hace que no est\u00e9n en condiciones de reivindicar sus derechos.<\/p>\n\n\n\n<p>Actualmente se intenta negociar con el gobierno de Madrid para cambiar esta situaci\u00f3n injusta, para que estos servicios se remunicipalizar.<\/p>\n","protected":false},"excerpt":{"rendered":"<p>La celebraci\u00f3n reflexiva y reivindicativa del D\u00cdA DE LA MUJER TRABAJADORA organizada por Dones i Barri [&hellip;]<\/p>\n","protected":false},"author":38,"featured_media":11751,"comment_status":"open","ping_status":"open","sticky":false,"template":"","format":"standard","meta":{"footnotes":""},"categories":[646,654],"tags":[1419,1069,1521],"class_list":["post-33317","post","type-post","status-publish","format-standard","has-post-thumbnail","hentry","category-articles-dinteres","category-articulos-deinteres-es","tag-dones-i-barri-en-xarxa-es","tag-justicia","tag-justicia-es"],"_links":{"self":[{"href":"https:\/\/fundacioateneusantroc.org\/es\/wp-json\/wp\/v2\/posts\/33317","targetHints":{"allow":["GET"]}}],"collection":[{"href":"https:\/\/fundacioateneusantroc.org\/es\/wp-json\/wp\/v2\/posts"}],"about":[{"href":"https:\/\/fundacioateneusantroc.org\/es\/wp-json\/wp\/v2\/types\/post"}],"author":[{"embeddable":true,"href":"https:\/\/fundacioateneusantroc.org\/es\/wp-json\/wp\/v2\/users\/38"}],"replies":[{"embeddable":true,"href":"https:\/\/fundacioateneusantroc.org\/es\/wp-json\/wp\/v2\/comments?post=33317"}],"version-history":[{"count":9,"href":"https:\/\/fundacioateneusantroc.org\/es\/wp-json\/wp\/v2\/posts\/33317\/revisions"}],"predecessor-version":[{"id":61518,"href":"https:\/\/fundacioateneusantroc.org\/es\/wp-json\/wp\/v2\/posts\/33317\/revisions\/61518"}],"wp:featuredmedia":[{"embeddable":true,"href":"https:\/\/fundacioateneusantroc.org\/es\/wp-json\/wp\/v2\/media\/11751"}],"wp:attachment":[{"href":"https:\/\/fundacioateneusantroc.org\/es\/wp-json\/wp\/v2\/media?parent=33317"}],"wp:term":[{"taxonomy":"category","embeddable":true,"href":"https:\/\/fundacioateneusantroc.org\/es\/wp-json\/wp\/v2\/categories?post=33317"},{"taxonomy":"post_tag","embeddable":true,"href":"https:\/\/fundacioateneusantroc.org\/es\/wp-json\/wp\/v2\/tags?post=33317"}],"curies":[{"name":"wp","href":"https:\/\/api.w.org\/{rel}","templated":true}]}}