{"id":34074,"date":"2017-03-10T00:00:00","date_gmt":"2017-03-09T23:00:00","guid":{"rendered":"http:\/\/fundacioateneusantroc.org\/?p=34074"},"modified":"2023-07-14T12:24:44","modified_gmt":"2023-07-14T10:24:44","slug":"badalona-brasil-arpilleres-brodant-la-resistencia","status":"publish","type":"post","link":"https:\/\/fundacioateneusantroc.org\/es\/badalona-brasil-arpilleres-brodant-la-resistencia\/","title":{"rendered":"Badalona-Brasil, \u201cArpilleras: bordando la resistencia&#8221;"},"content":{"rendered":"\n<p>El grupo de arpilleristas de l\u2019Ateneu se solidariza con el proyecto \u201cArpilleras: bordando la resistencia\u201d. Si quer\u00e9is colaborar pod\u00e9is hacerlo directamente en\u00a0 <a href=\"https:\/\/www.catarse.me\/pt\/arpilleras\" target=\"_blank\" rel=\"noopener noreferrer\">https:\/\/www.catarse.me\/pt\/<wbr\/>arpilleras<\/a> y\/o hacer difusi\u00f3n. Muchas gracies.<\/p>\n\n<hr class=\"wp-block-separator\"\/>\n\n<h5 class=\"wp-block-heading\">El fen\u00f3meno de los embalses de Brasil<\/h5>\n\n<p>El 93% de la electricidad producida en Brasil proviene de embalses construidos por empresas estranjeras que causan un importante impacto humano y mediambiental:<\/p>\n\n<ul class=\"wp-block-list\"><li>Grandes inundaciones de terreno. <\/li><li>Muerte de peces. <\/li><li>Desplazamientos forzados de la poblaci\u00f3n (m\u00e1s de 1.000.000 en el a\u00f1o 2000). <\/li><li>Personas sin trabajo. <\/li><li>Contrataci\u00f3n de personal ajeno a la comunidad. <\/li><li>Proliferaci\u00f3n de enfermedades.<\/li><li>Violaciones de derechos humanos, por incumplimientos en el pago de indemnizaciones (el 70% de los afectados no fueron indemnizados), abusos, prostituci\u00f3n, violaciones\u2026<\/li><\/ul>\n<div class=\"wp-block-image\"><figure class=\"aligncenter\"><img loading=\"lazy\" decoding=\"async\" width=\"570\" height=\"529\" src=\"https:\/\/fundacioateneusantroc.org\/wp-content\/uploads\/image0031.jpg\" alt=\"image0031\" class=\"wp-image-11936\"\/><\/figure><\/div>\n\n<h5 class=\"wp-block-heading\"><span style=\"color: #000000;\">El Movimiento de Afectados por Represas (MAB)<\/span><\/h5>\n\n<p>En 2013, ante estos graves problemas, se cre\u00f3 el <a href=\"http:\/\/mabnacional.org.br\/\" target=\"_blank\" rel=\"noopener noreferrer\">Movimient d&#8217;Afectats per Represes<\/a> que ha realizado diferentes campa\u00f1as de denuncia y lucha pol\u00edtica pidiendo al gobierno que los drechos humanos fueran respetados.<\/p>\n\n<p>Una de las acciones ha sido la creaci\u00f3n de peque\u00f1os <strong>talleres de arpilleristas<\/strong>\u00a0que cosen puntada a puntada su experiencia. El lenguaje de las arpilleras facilita la apertura de las mujeres para hablar de los problemas que afrontan, y a la vez se convierten en veh\u00edculo de comunicaci\u00f3n para llegar a la sociedad civil y explicar las graves situaciones de violaci\u00f3n, asalto dom\u00e9stico, abuso infantil, difamaci\u00f3n, inducci\u00f3n a la prostituci\u00f3n\u2026<\/p>\n\n<p>Estos talleres se han extendido per todo Brasil y actualmente alcanzan a ser 100.<\/p>\n\n<div class=\"wp-block-image\"><figure class=\"aligncenter\"><img loading=\"lazy\" decoding=\"async\" width=\"570\" height=\"570\" src=\"https:\/\/fundacioateneusantroc.org\/wp-content\/uploads\/image0041.jpg\" alt=\"image0041\" class=\"wp-image-11939\" srcset=\"https:\/\/fundacioateneusantroc.org\/wp-content\/uploads\/image0041.jpg 570w, https:\/\/fundacioateneusantroc.org\/wp-content\/uploads\/image0041-150x150.jpg 150w\" sizes=\"auto, (max-width: 570px) 100vw, 570px\" \/><\/figure><\/div>\n\n<h5 class=\"wp-block-heading\"><span style=\"color: #999999;\"><span style=\"color: #000000;\">Pr\u00f3ximo proyecto de la MAB<\/span>&#13;\n<\/span><\/h5>\n\n<div class=\"wp-block-image\"><figure class=\"aligncenter\"><img loading=\"lazy\" decoding=\"async\" width=\"1124\" height=\"284\" src=\"https:\/\/fundacioateneusantroc.org\/wp-content\/uploads\/image0017.jpg\" alt=\"image0017\" class=\"wp-image-11958\" srcset=\"https:\/\/fundacioateneusantroc.org\/wp-content\/uploads\/image0017.jpg 1124w, https:\/\/fundacioateneusantroc.org\/wp-content\/uploads\/image0017-720x182.jpg 720w, https:\/\/fundacioateneusantroc.org\/wp-content\/uploads\/image0017-960x243.jpg 960w\" sizes=\"auto, (max-width: 1124px) 100vw, 1124px\" \/><\/figure><\/div>\n\n<p>Con del objetivo de sensibilizar a la sociedad civil, llegar al gobierno y lograr soluciones a esta situaci\u00f3n provocada per los embalses, la MAB quiere divulgar el testimonio textil en forma de arpilleras de aproximadamente 900 mujeres afectadas, con la elaboraci\u00f3n del\u00a0<strong>documental<\/strong>\u00a0<strong>\u201cArpilleras: bordando la resistencia\u201d<\/strong>.<\/p>\n\n<h5 class=\"has-text-align-center wp-block-heading\"><h5 class=\"has-text-align-center\">DESDE BRASIL&#13;\nNOS LLAMAN A LA SOLIDARIDAD&#13;\nY PIDEN NUESTRA AYUDA&#13;\nPARA EL FINANCIAMIENTO DE ESTE PROYECTO<\/h5><\/h5>\n\n<h5 class=\"has-text-align-center wp-block-heading\"><img loading=\"lazy\" decoding=\"async\" class=\" wp-image-11944 aligncenter\" src=\"http:\/\/fundacioateneusantroc.org\/\/wp-content\/uploads\/dit-e1432581886204.png\" alt=\"dit\" width=\"75\" height=\"97\"\/><span style=\"color: #ff9900;\"> <a style=\"color: #ff9900;\" href=\"https:\/\/www.catarse.me\/pt\/arpilleras\" target=\"_blank\" rel=\"noopener noreferrer\">https:\/\/www.catarse.me\/pt\/arpilleras<\/a> <\/span><\/h5>\n\n<h5 class=\"has-text-align-center wp-block-heading\">SOLIDARIOS CON EL TERCER MUNDO,<br\/>&#13;\nCOMPROMETIDOS CON EL CUARTO.<\/h5>\n\n<hr class=\"wp-block-separator\"\/>\n\n<p>(si el projecte no es pot finan\u00e7ar al 100%, retornaran els diners als seus donants)<\/p>\n\n<p><strong>M\u00e1s informaci\u00f3n en:<\/strong><\/p>\n\n<p>Web oficial: <a href=\"http:\/\/arpilleras.wix.com\/ofilme\" target=\"_blank\" rel=\"noopener\">http:\/\/arpilleras.wix.com\/ofilme<\/a><\/p>\n\n<p>Facebook: <a href=\"https:\/\/www.facebook.com\/arpilleras\" target=\"_blank\" rel=\"noopener\">https:\/\/www.facebook.com\/arpilleras<\/a><\/p>\n\n<p>Teaser: <a href=\"https:\/\/www.youtube.com\/watch?v=gOetCgu2BTU\" target=\"_blank\" rel=\"noopener\">https:\/\/www.youtube.com\/watch?v=gOetCgu2BTU<\/a><\/p>\n\n<p>Teaser alternativo: <a href=\"https:\/\/www.youtube.com\/watch?v=LKFYMfiSjzA\" target=\"_blank\" rel=\"noopener\">https:\/\/www.youtube.com\/watch?v=LKFYMfiSjzA<\/a><\/p>\n\n<p>Sobre MAB: <a href=\"http:\/\/mabnacional.org.br\/\" target=\"_blank\" rel=\"noopener\">http:\/\/mabnacional.org.br<\/a><\/p>\n\n<p>Contactos: <a>+55 (11) 3392-2660<\/a><\/p>\n\n<p><em>10 de marzo de 2017<\/em><\/p>\n","protected":false},"excerpt":{"rendered":"<p>El grupo de arpilleristas de l\u2019Ateneu se solidariza con el proyecto \u201cArpilleras: bordando la resistencia\u201d. Si [&hellip;]<\/p>\n","protected":false},"author":2,"featured_media":11933,"comment_status":"open","ping_status":"open","sticky":false,"template":"","format":"standard","meta":{"footnotes":""},"categories":[1056,1,787],"tags":[1473,1412,1451],"class_list":["post-34074","post","type-post","status-publish","format-standard","has-post-thumbnail","hentry","category-arpilleres-es","category-actualitat","category-les-arpilleres","tag-arpilleras-es","tag-dinamizacion-sociocultural","tag-solidaridad-y-cooperacion"],"_links":{"self":[{"href":"https:\/\/fundacioateneusantroc.org\/es\/wp-json\/wp\/v2\/posts\/34074","targetHints":{"allow":["GET"]}}],"collection":[{"href":"https:\/\/fundacioateneusantroc.org\/es\/wp-json\/wp\/v2\/posts"}],"about":[{"href":"https:\/\/fundacioateneusantroc.org\/es\/wp-json\/wp\/v2\/types\/post"}],"author":[{"embeddable":true,"href":"https:\/\/fundacioateneusantroc.org\/es\/wp-json\/wp\/v2\/users\/2"}],"replies":[{"embeddable":true,"href":"https:\/\/fundacioateneusantroc.org\/es\/wp-json\/wp\/v2\/comments?post=34074"}],"version-history":[{"count":7,"href":"https:\/\/fundacioateneusantroc.org\/es\/wp-json\/wp\/v2\/posts\/34074\/revisions"}],"predecessor-version":[{"id":61553,"href":"https:\/\/fundacioateneusantroc.org\/es\/wp-json\/wp\/v2\/posts\/34074\/revisions\/61553"}],"wp:featuredmedia":[{"embeddable":true,"href":"https:\/\/fundacioateneusantroc.org\/es\/wp-json\/wp\/v2\/media\/11933"}],"wp:attachment":[{"href":"https:\/\/fundacioateneusantroc.org\/es\/wp-json\/wp\/v2\/media?parent=34074"}],"wp:term":[{"taxonomy":"category","embeddable":true,"href":"https:\/\/fundacioateneusantroc.org\/es\/wp-json\/wp\/v2\/categories?post=34074"},{"taxonomy":"post_tag","embeddable":true,"href":"https:\/\/fundacioateneusantroc.org\/es\/wp-json\/wp\/v2\/tags?post=34074"}],"curies":[{"name":"wp","href":"https:\/\/api.w.org\/{rel}","templated":true}]}}