{"id":34076,"date":"2010-09-05T00:00:00","date_gmt":"2010-09-04T22:00:00","guid":{"rendered":"http:\/\/fundacioateneusantroc.org\/?p=34076"},"modified":"2023-07-14T12:28:54","modified_gmt":"2023-07-14T10:28:54","slug":"nou-curs-noves-illusions-nova-gent-2","status":"publish","type":"post","link":"https:\/\/fundacioateneusantroc.org\/es\/nou-curs-noves-illusions-nova-gent-2\/","title":{"rendered":"Nuevo curso, nuevas ilusiones, gente nueva"},"content":{"rendered":"<p>L&#8217;Ateneu contin\u00faa en marxa despr\u00e9s de l&#8217;estiu, i recomencem amb for\u00e7a: Ja tenim entre les mans la nova edici\u00f3 de Als L\u00edmits (i ja van 18 !!!). Com semper, el nostre equip de redacci\u00f3 en ha preparat una revista interessant, amb coses de l&#8217;Ateneu i temes per fer-nos pensar. Gr\u00e0cies a tots els feu possible que continuem gaudint de la nostra revista. Yo a m\u00e9s, tenim una parte de les nostres arpilleras al Museu d&#8217;Hist\u00f2ria de la Immigraci\u00f3 a Sant Adri\u00e0&#8230; i estem liats con el manteniment i neteja dels locals&#8230; comencant a un les activitats de les programmes torent&#8230; No obligo la formaci\u00f3 d&#8217;aquest setembre, entre el 13 y el 15, al mat\u00ed ia la tarda&#8230;<\/p>\n","protected":false},"excerpt":{"rendered":"<p>L&#8217;Ateneu contin\u00faa en marxa despr\u00e9s de l&#8217;estiu, i recomencem amb for\u00e7a: Ja tenim entre les mans [&hellip;]<\/p>\n","protected":false},"author":2,"featured_media":5593,"comment_status":"open","ping_status":"open","sticky":false,"template":"","format":"standard","meta":{"footnotes":""},"categories":[30,1],"tags":[1394,879,1537],"class_list":["post-34076","post","type-post","status-publish","format-standard","has-post-thumbnail","hentry","category-actualidad","category-actualitat","tag-publicaciones","tag-revista","tag-revista-es"],"_links":{"self":[{"href":"https:\/\/fundacioateneusantroc.org\/es\/wp-json\/wp\/v2\/posts\/34076","targetHints":{"allow":["GET"]}}],"collection":[{"href":"https:\/\/fundacioateneusantroc.org\/es\/wp-json\/wp\/v2\/posts"}],"about":[{"href":"https:\/\/fundacioateneusantroc.org\/es\/wp-json\/wp\/v2\/types\/post"}],"author":[{"embeddable":true,"href":"https:\/\/fundacioateneusantroc.org\/es\/wp-json\/wp\/v2\/users\/2"}],"replies":[{"embeddable":true,"href":"https:\/\/fundacioateneusantroc.org\/es\/wp-json\/wp\/v2\/comments?post=34076"}],"version-history":[{"count":1,"href":"https:\/\/fundacioateneusantroc.org\/es\/wp-json\/wp\/v2\/posts\/34076\/revisions"}],"predecessor-version":[{"id":34078,"href":"https:\/\/fundacioateneusantroc.org\/es\/wp-json\/wp\/v2\/posts\/34076\/revisions\/34078"}],"wp:featuredmedia":[{"embeddable":true,"href":"https:\/\/fundacioateneusantroc.org\/es\/wp-json\/wp\/v2\/media\/5593"}],"wp:attachment":[{"href":"https:\/\/fundacioateneusantroc.org\/es\/wp-json\/wp\/v2\/media?parent=34076"}],"wp:term":[{"taxonomy":"category","embeddable":true,"href":"https:\/\/fundacioateneusantroc.org\/es\/wp-json\/wp\/v2\/categories?post=34076"},{"taxonomy":"post_tag","embeddable":true,"href":"https:\/\/fundacioateneusantroc.org\/es\/wp-json\/wp\/v2\/tags?post=34076"}],"curies":[{"name":"wp","href":"https:\/\/api.w.org\/{rel}","templated":true}]}}