{"id":34827,"date":"2018-08-01T10:40:24","date_gmt":"2018-08-01T08:40:24","guid":{"rendered":"http:\/\/fundacioateneusantroc.org\/?p=34827"},"modified":"2023-07-14T12:20:50","modified_gmt":"2023-07-14T10:20:50","slug":"quadern-als-limits-sant-roc-de-badalona","status":"publish","type":"post","link":"https:\/\/fundacioateneusantroc.org\/es\/quadern-als-limits-sant-roc-de-badalona\/","title":{"rendered":"Quadern [ALS L\u00cdMITS]: Sant Roc de Badalona"},"content":{"rendered":"\n<p><strong>\u2022 Joan Soler i Amig\u00f3, Anna Vicente Farran \u2022<\/strong>&nbsp;<em>(Fundaci\u00f3 Ateneu Sant Roc \u00b7 1a edici\u00f3, mar\u00e7 2018)<\/em><\/p>\n\n\n\n<p><strong>Hem volgut recollir bocins d\u2019hist\u00f2ries, de&nbsp;mem\u00f2ria, de persones que durant els \u00faltims cinquanta anys han fet possible la vida del barri de Sant Roc. Les seves veus i&nbsp;els seus records s\u00f3n petites peces que juntes configuren un mosaic acolorit que ens explica com ha estat i com \u00e9s un barri tan divers com el nostre.<\/strong><\/p>\n\n\n\n<p>Des dels primers arribats, els damnificats de&nbsp;les riuades del Bes\u00f2s i del Vall\u00e8s i els despla\u00e7ats de les barraques del Somorrostro i del Camp de la Bota, fins als que els darrers anys han vingut de molt m\u00e9s lluny, tots estem fent junts la hist\u00f2ria del barri. Una hist\u00f2ria comuna de tots els que volem un barri cohesionat i en pau, on conservar les arrels no ens impedeixi participar activament en un projecte com\u00fa i engrescador.<\/p>\n\n\n\n<p>La mem\u00f2ria \u00e9s l\u2019eina que tenim per no oblidar. En aquest cas, per recordar com s\u2019han constru\u00eft els barris, el de Sant Roc i tants d\u2019altres; des del dolor d\u2019haver deixat terres, espais i persones conegudes per anar a cercar la incertesa i el desconcert inicial davant de les problem\u00e0tiques i defici\u00e8ncies estructurals, a la r\u00e0bia i a l\u2019esperonament tamb\u00e9 per l\u2019esperan\u00e7a d\u2019un futur millor.<\/p>\n\n\n\n<p>Per aix\u00f2, volem anar recollint les experi\u00e8ncies \u00faniques de m\u00e9s de cinquanta anys de vida, de diferents relats&#8230; Recollir petits trossets de la hist\u00f2ria, d\u2019aquesta hist\u00f2ria que poques vegades s\u2019explica des del cant\u00f3 de la gent humil, que VIU els barris i en els barris. Des del poder el discurs \u00e9s ampul\u00b7l\u00f3s, allunyat, paternalista i justificador del que sovint ha estat injust, amb imposici\u00f3 de ciutats amb espais de diferents velocitats, segons qui hi viu, fent ciutadans de diverses categories.<\/p>\n\n\n\n<p>Sensibles a l\u2019esfor\u00e7 de molta gent que ha treballat i lluitat per un Sant Roc digne, per tenir un barri amb equipaments com cal, per aconseguir una conviv\u00e8ncia real, malgrat les dificultats quotidianes, volem narrar la hist\u00f2ria del barri vinculada a la de la ciutat, a la del pa\u00eds i a la del m\u00f3n, com no pot ser de cap altra manera, ja que Sant Roc i la seva gent en forma part i s\u00f3n ciutadans de ple dret.<\/p>\n\n\n\n<p><a href=\"http:\/\/fundacioateneusantroc.org\/\/wp-content\/uploads\/QAL2-SantRoc-br.pdf\" target=\"_blank\" rel=\"noopener noreferrer\">&gt;&gt;Descarregar pdf<\/a><\/p>\n\n\n\n<figure class=\"wp-block-image alignnone wp-image-33177 size-full\"><img loading=\"lazy\" decoding=\"async\" width=\"720\" height=\"509\" src=\"http:\/\/fundacioateneusantroc.org\/\/wp-content\/uploads\/TROBADA18-16.jpg\" alt=\"\" class=\"wp-image-33177\"><figcaption>Presentaci\u00f3 del Quadern a la Jornada de voluntaris 2018<\/figcaption><\/figure>\n","protected":false},"excerpt":{"rendered":"<p>\u2022 Joan Soler i Amig\u00f3, Anna Vicente Farran \u2022&nbsp;(Fundaci\u00f3 Ateneu Sant Roc \u00b7 1a edici\u00f3, mar\u00e7 [&hellip;]<\/p>\n","protected":false},"author":2,"featured_media":34828,"comment_status":"open","ping_status":"open","sticky":false,"template":"","format":"standard","meta":{"footnotes":""},"categories":[646],"tags":[14],"class_list":["post-34827","post","type-post","status-publish","format-standard","has-post-thumbnail","hentry","category-articles-dinteres","tag-publicacions"],"_links":{"self":[{"href":"https:\/\/fundacioateneusantroc.org\/es\/wp-json\/wp\/v2\/posts\/34827","targetHints":{"allow":["GET"]}}],"collection":[{"href":"https:\/\/fundacioateneusantroc.org\/es\/wp-json\/wp\/v2\/posts"}],"about":[{"href":"https:\/\/fundacioateneusantroc.org\/es\/wp-json\/wp\/v2\/types\/post"}],"author":[{"embeddable":true,"href":"https:\/\/fundacioateneusantroc.org\/es\/wp-json\/wp\/v2\/users\/2"}],"replies":[{"embeddable":true,"href":"https:\/\/fundacioateneusantroc.org\/es\/wp-json\/wp\/v2\/comments?post=34827"}],"version-history":[{"count":6,"href":"https:\/\/fundacioateneusantroc.org\/es\/wp-json\/wp\/v2\/posts\/34827\/revisions"}],"predecessor-version":[{"id":43942,"href":"https:\/\/fundacioateneusantroc.org\/es\/wp-json\/wp\/v2\/posts\/34827\/revisions\/43942"}],"wp:featuredmedia":[{"embeddable":true,"href":"https:\/\/fundacioateneusantroc.org\/es\/wp-json\/wp\/v2\/media\/34828"}],"wp:attachment":[{"href":"https:\/\/fundacioateneusantroc.org\/es\/wp-json\/wp\/v2\/media?parent=34827"}],"wp:term":[{"taxonomy":"category","embeddable":true,"href":"https:\/\/fundacioateneusantroc.org\/es\/wp-json\/wp\/v2\/categories?post=34827"},{"taxonomy":"post_tag","embeddable":true,"href":"https:\/\/fundacioateneusantroc.org\/es\/wp-json\/wp\/v2\/tags?post=34827"}],"curies":[{"name":"wp","href":"https:\/\/api.w.org\/{rel}","templated":true}]}}