{"id":34868,"date":"2018-11-09T15:40:18","date_gmt":"2018-11-09T14:40:18","guid":{"rendered":"http:\/\/fundacioateneusantroc.org\/?p=34868"},"modified":"2023-07-14T12:20:37","modified_gmt":"2023-07-14T10:20:37","slug":"la-placa-roja-una-reivindicacio-veinal","status":"publish","type":"post","link":"https:\/\/fundacioateneusantroc.org\/es\/la-placa-roja-una-reivindicacio-veinal\/","title":{"rendered":"La pla\u00e7a Roja, una reivindicaci\u00f3 ve\u00efnal"},"content":{"rendered":"\n<p>Fa ben poc de la inauguraci\u00f3 de la pla\u00e7a Roja de Sant Roc! Evocar la pla\u00e7a Roja \u00e9s recordar el seu color i el seu origen, lluita i reivindicaci\u00f3 per un barri millor.<\/p>\n\n\n\n<p>Despr\u00e9s del proc\u00e9s participatiu PARTICIPA I DECIDIM BADALONA\u00a0proposat pel govern de coalici\u00f3 encap\u00e7alat per Dolors Sabater, els ve\u00efns i ve\u00efnes van decidir que arreglar la pla\u00e7a Roja era prioritari per Sant Roc, les arrels dels arbres havien aixecat el paviment, l&#8217;aspecte global for\u00e7a deteriorat, dif\u00edcil de transitar i un conjunt art\u00edstic for\u00e7a malm\u00e8s.<\/p>\n\n\n\n<p>Al llarg de l&#8217;any 2017 es van convocar diverses trobades per debatre entre ve\u00efns i entitats del barri com es volia i quins espais havia de tenir. Hem d&#8217;agrair la posici\u00f3 de l&#8217;Ajuntament i dels t\u00e8cnics d&#8217;aquest i de l&#8217;\u00c0rea Metropolitana per arribar a acords i recollir diferents posicionaments i sensibilitats.<\/p>\n\n\n\n<p>Aquest nou disseny tamb\u00e9 suposava p\u00e8rdues d&#8217;arbres grans que omplien els espais, de racons ben conservats i d&#8217;altres molt deteriorats.<\/p>\n\n\n\n<p>Ara podem gaudir d&#8217;una pla\u00e7a m\u00e9s alegre, m\u00e9s viva, amb dues obres d&#8217;art incre\u00efblement desconegudes per la majoria de gent: el mosaic del centre de la pla\u00e7a de Josep Tharrats i el m\u00f2bil de colors de Fornells-Pla. Aquests dos elements fan singular aquesta pla\u00e7a, li donen un caliu i una categoria que la fan \u00fanica.<\/p>\n\n\n\n<div style=\"height:34px\" aria-hidden=\"true\" class=\"wp-block-spacer\"><\/div>\n\n\n\n<h3 class=\"has-text-align-center wp-block-heading\">Caldr\u00e0 estar amatents perqu\u00e8 aquesta pla\u00e7a sigui un espai referent de la ciutat, com espai d&#8217;oci i esbarjo i a la vegada com espai cultural. Esperem que esdevingui un dels indrets m\u00e9s entranyables de la nostra estimada Badalona.<\/h3>\n\n\n\n<div style=\"height:34px\" aria-hidden=\"true\" class=\"wp-block-spacer\"><\/div>\n\n\n\n<figure class=\"wp-block-gallery columns-4 is-cropped wp-block-gallery-1 is-layout-flex wp-block-gallery-is-layout-flex\"><ul class=\"blocks-gallery-grid\"><li class=\"blocks-gallery-item\"><figure><a href=\"https:\/\/fundacioateneusantroc.org\/la-placa-roja-una-reivindicacio-veinal\/placa-roja1981\/\"><img loading=\"lazy\" decoding=\"async\" width=\"720\" height=\"517\" src=\"https:\/\/fundacioateneusantroc.org\/wp-content\/uploads\/placa-roja1981.jpg\" alt=\"\" data-id=\"54102\" data-full-url=\"https:\/\/fundacioateneusantroc.org\/wp-content\/uploads\/placa-roja1981.jpg\" data-link=\"https:\/\/fundacioateneusantroc.org\/la-placa-roja-una-reivindicacio-veinal\/placa-roja1981\/\" class=\"wp-image-54102\" srcset=\"https:\/\/fundacioateneusantroc.org\/wp-content\/uploads\/placa-roja1981.jpg 720w, https:\/\/fundacioateneusantroc.org\/wp-content\/uploads\/placa-roja1981-300x215.jpg 300w\" sizes=\"auto, (max-width: 720px) 100vw, 720px\" \/><\/a><\/figure><\/li><li class=\"blocks-gallery-item\"><figure><a href=\"https:\/\/fundacioateneusantroc.org\/la-placa-roja-una-reivindicacio-veinal\/placaroja13\/\"><img loading=\"lazy\" decoding=\"async\" width=\"720\" height=\"445\" src=\"https:\/\/fundacioateneusantroc.org\/wp-content\/uploads\/placaroja13-720x445.jpg\" alt=\"\" data-id=\"35365\" data-full-url=\"https:\/\/fundacioateneusantroc.org\/wp-content\/uploads\/placaroja13.jpg\" data-link=\"https:\/\/fundacioateneusantroc.org\/la-placa-roja-una-reivindicacio-veinal\/placaroja13\/\" class=\"wp-image-35365\"><\/a><\/figure><\/li><li class=\"blocks-gallery-item\"><figure><a href=\"https:\/\/fundacioateneusantroc.org\/la-placa-roja-una-reivindicacio-veinal\/placaroja12\/\"><img loading=\"lazy\" decoding=\"async\" width=\"720\" height=\"480\" src=\"https:\/\/fundacioateneusantroc.org\/wp-content\/uploads\/placaroja12-720x480.jpg\" alt=\"\" data-id=\"35367\" data-full-url=\"https:\/\/fundacioateneusantroc.org\/wp-content\/uploads\/placaroja12.jpg\" data-link=\"https:\/\/fundacioateneusantroc.org\/la-placa-roja-una-reivindicacio-veinal\/placaroja12\/\" class=\"wp-image-35367\" srcset=\"https:\/\/fundacioateneusantroc.org\/wp-content\/uploads\/placaroja12.jpg 720w, https:\/\/fundacioateneusantroc.org\/wp-content\/uploads\/placaroja12-300x200.jpg 300w\" sizes=\"auto, (max-width: 720px) 100vw, 720px\" \/><\/a><\/figure><\/li><li class=\"blocks-gallery-item\"><figure><a href=\"https:\/\/fundacioateneusantroc.org\/la-placa-roja-una-reivindicacio-veinal\/plroja1\/\"><img loading=\"lazy\" decoding=\"async\" width=\"720\" height=\"480\" src=\"https:\/\/fundacioateneusantroc.org\/wp-content\/uploads\/PlRoja1-720x480.jpg\" alt=\"\" data-id=\"34869\" data-full-url=\"https:\/\/fundacioateneusantroc.org\/wp-content\/uploads\/PlRoja1.jpg\" data-link=\"https:\/\/fundacioateneusantroc.org\/la-placa-roja-una-reivindicacio-veinal\/plroja1\/\" class=\"wp-image-34869\" srcset=\"https:\/\/fundacioateneusantroc.org\/wp-content\/uploads\/PlRoja1.jpg 720w, https:\/\/fundacioateneusantroc.org\/wp-content\/uploads\/PlRoja1-300x200.jpg 300w\" sizes=\"auto, (max-width: 720px) 100vw, 720px\" \/><\/a><\/figure><\/li><li class=\"blocks-gallery-item\"><figure><a href=\"https:\/\/fundacioateneusantroc.org\/la-placa-roja-una-reivindicacio-veinal\/plroja2b\/\"><img loading=\"lazy\" decoding=\"async\" width=\"720\" height=\"480\" src=\"https:\/\/fundacioateneusantroc.org\/wp-content\/uploads\/PlRoja2b-720x480.jpg\" alt=\"\" data-id=\"34871\" data-full-url=\"https:\/\/fundacioateneusantroc.org\/wp-content\/uploads\/PlRoja2b.jpg\" data-link=\"https:\/\/fundacioateneusantroc.org\/la-placa-roja-una-reivindicacio-veinal\/plroja2b\/\" class=\"wp-image-34871\" srcset=\"https:\/\/fundacioateneusantroc.org\/wp-content\/uploads\/PlRoja2b.jpg 720w, https:\/\/fundacioateneusantroc.org\/wp-content\/uploads\/PlRoja2b-300x200.jpg 300w\" sizes=\"auto, (max-width: 720px) 100vw, 720px\" \/><\/a><\/figure><\/li><li class=\"blocks-gallery-item\"><figure><a href=\"https:\/\/fundacioateneusantroc.org\/la-placa-roja-una-reivindicacio-veinal\/plroja3\/\"><img loading=\"lazy\" decoding=\"async\" width=\"720\" height=\"480\" src=\"https:\/\/fundacioateneusantroc.org\/wp-content\/uploads\/PlRoja3-720x480.jpg\" alt=\"\" data-id=\"34873\" data-full-url=\"https:\/\/fundacioateneusantroc.org\/wp-content\/uploads\/PlRoja3.jpg\" data-link=\"https:\/\/fundacioateneusantroc.org\/la-placa-roja-una-reivindicacio-veinal\/plroja3\/\" class=\"wp-image-34873\" srcset=\"https:\/\/fundacioateneusantroc.org\/wp-content\/uploads\/PlRoja3.jpg 720w, https:\/\/fundacioateneusantroc.org\/wp-content\/uploads\/PlRoja3-300x200.jpg 300w\" sizes=\"auto, (max-width: 720px) 100vw, 720px\" \/><\/a><\/figure><\/li><li class=\"blocks-gallery-item\"><figure><a href=\"https:\/\/fundacioateneusantroc.org\/la-placa-roja-una-reivindicacio-veinal\/plroja4\/\"><img loading=\"lazy\" decoding=\"async\" width=\"720\" height=\"480\" src=\"https:\/\/fundacioateneusantroc.org\/wp-content\/uploads\/PlRoja4-720x480.jpg\" alt=\"\" data-id=\"34875\" data-full-url=\"https:\/\/fundacioateneusantroc.org\/wp-content\/uploads\/PlRoja4.jpg\" data-link=\"https:\/\/fundacioateneusantroc.org\/la-placa-roja-una-reivindicacio-veinal\/plroja4\/\" class=\"wp-image-34875\" srcset=\"https:\/\/fundacioateneusantroc.org\/wp-content\/uploads\/PlRoja4.jpg 720w, https:\/\/fundacioateneusantroc.org\/wp-content\/uploads\/PlRoja4-300x200.jpg 300w\" sizes=\"auto, (max-width: 720px) 100vw, 720px\" \/><\/a><\/figure><\/li><li class=\"blocks-gallery-item\"><figure><a href=\"https:\/\/fundacioateneusantroc.org\/la-placa-roja-una-reivindicacio-veinal\/plroja5\/\"><img loading=\"lazy\" decoding=\"async\" width=\"720\" height=\"405\" src=\"https:\/\/fundacioateneusantroc.org\/wp-content\/uploads\/PlRoja5-720x405.jpg\" alt=\"\" data-id=\"34877\" data-full-url=\"https:\/\/fundacioateneusantroc.org\/wp-content\/uploads\/PlRoja5.jpg\" data-link=\"https:\/\/fundacioateneusantroc.org\/la-placa-roja-una-reivindicacio-veinal\/plroja5\/\" class=\"wp-image-34877\"><\/a><\/figure><\/li><li class=\"blocks-gallery-item\"><figure><a href=\"https:\/\/fundacioateneusantroc.org\/la-placa-roja-una-reivindicacio-veinal\/plroja6\/\"><img loading=\"lazy\" decoding=\"async\" width=\"720\" height=\"405\" src=\"https:\/\/fundacioateneusantroc.org\/wp-content\/uploads\/PlRoja6-720x405.jpg\" alt=\"\" data-id=\"34879\" data-full-url=\"https:\/\/fundacioateneusantroc.org\/wp-content\/uploads\/PlRoja6.jpg\" data-link=\"https:\/\/fundacioateneusantroc.org\/la-placa-roja-una-reivindicacio-veinal\/plroja6\/\" class=\"wp-image-34879\"><\/a><\/figure><\/li><li class=\"blocks-gallery-item\"><figure><a href=\"https:\/\/fundacioateneusantroc.org\/la-placa-roja-una-reivindicacio-veinal\/plroja8\/\"><img loading=\"lazy\" decoding=\"async\" width=\"720\" height=\"540\" src=\"https:\/\/fundacioateneusantroc.org\/wp-content\/uploads\/PlRoja8-720x540.jpg\" alt=\"\" data-id=\"34883\" data-full-url=\"https:\/\/fundacioateneusantroc.org\/wp-content\/uploads\/PlRoja8.jpg\" data-link=\"https:\/\/fundacioateneusantroc.org\/la-placa-roja-una-reivindicacio-veinal\/plroja8\/\" class=\"wp-image-34883\"><\/a><\/figure><\/li><li class=\"blocks-gallery-item\"><figure><a href=\"https:\/\/fundacioateneusantroc.org\/la-placa-roja-una-reivindicacio-veinal\/2018placa-roja\/\"><img loading=\"lazy\" decoding=\"async\" width=\"720\" height=\"540\" src=\"https:\/\/fundacioateneusantroc.org\/wp-content\/uploads\/2018placa-roja.jpg\" alt=\"\" data-id=\"54104\" data-full-url=\"https:\/\/fundacioateneusantroc.org\/wp-content\/uploads\/2018placa-roja.jpg\" data-link=\"https:\/\/fundacioateneusantroc.org\/la-placa-roja-una-reivindicacio-veinal\/2018placa-roja\/\" class=\"wp-image-54104\" srcset=\"https:\/\/fundacioateneusantroc.org\/wp-content\/uploads\/2018placa-roja.jpg 720w, https:\/\/fundacioateneusantroc.org\/wp-content\/uploads\/2018placa-roja-300x225.jpg 300w\" sizes=\"auto, (max-width: 720px) 100vw, 720px\" \/><\/a><\/figure><\/li><li class=\"blocks-gallery-item\"><figure><a href=\"https:\/\/fundacioateneusantroc.org\/la-placa-roja-una-reivindicacio-veinal\/plroja7\/\"><img loading=\"lazy\" decoding=\"async\" width=\"720\" height=\"540\" src=\"https:\/\/fundacioateneusantroc.org\/wp-content\/uploads\/PlRoja7-720x540.jpg\" alt=\"\" data-id=\"34881\" data-full-url=\"https:\/\/fundacioateneusantroc.org\/wp-content\/uploads\/PlRoja7.jpg\" data-link=\"https:\/\/fundacioateneusantroc.org\/la-placa-roja-una-reivindicacio-veinal\/plroja7\/\" class=\"wp-image-34881\"><\/a><\/figure><\/li><li class=\"blocks-gallery-item\"><figure><a href=\"https:\/\/fundacioateneusantroc.org\/la-placa-roja-una-reivindicacio-veinal\/obreplacaroja\/\"><img loading=\"lazy\" decoding=\"async\" width=\"720\" height=\"500\" src=\"https:\/\/fundacioateneusantroc.org\/wp-content\/uploads\/obreplacaroja-720x500.jpg\" alt=\"\" data-id=\"35348\" data-full-url=\"https:\/\/fundacioateneusantroc.org\/wp-content\/uploads\/obreplacaroja.jpg\" data-link=\"https:\/\/fundacioateneusantroc.org\/la-placa-roja-una-reivindicacio-veinal\/obreplacaroja\/\" class=\"wp-image-35348\"><\/a><\/figure><\/li><\/ul><\/figure>\n\n\n\n<p><em>9 de novembre de 2018<\/em><\/p>\n","protected":false},"excerpt":{"rendered":"<p>Fa ben poc de la inauguraci\u00f3 de la pla\u00e7a Roja de Sant Roc! Evocar la pla\u00e7a [&hellip;]<\/p>\n","protected":false},"author":2,"featured_media":35361,"comment_status":"open","ping_status":"open","sticky":false,"template":"","format":"standard","meta":{"footnotes":""},"categories":[1],"tags":[5,174,276],"class_list":["post-34868","post","type-post","status-publish","format-standard","has-post-thumbnail","hentry","category-actualitat","tag-badalona","tag-barri","tag-sant-roc"],"_links":{"self":[{"href":"https:\/\/fundacioateneusantroc.org\/es\/wp-json\/wp\/v2\/posts\/34868","targetHints":{"allow":["GET"]}}],"collection":[{"href":"https:\/\/fundacioateneusantroc.org\/es\/wp-json\/wp\/v2\/posts"}],"about":[{"href":"https:\/\/fundacioateneusantroc.org\/es\/wp-json\/wp\/v2\/types\/post"}],"author":[{"embeddable":true,"href":"https:\/\/fundacioateneusantroc.org\/es\/wp-json\/wp\/v2\/users\/2"}],"replies":[{"embeddable":true,"href":"https:\/\/fundacioateneusantroc.org\/es\/wp-json\/wp\/v2\/comments?post=34868"}],"version-history":[{"count":37,"href":"https:\/\/fundacioateneusantroc.org\/es\/wp-json\/wp\/v2\/posts\/34868\/revisions"}],"predecessor-version":[{"id":54109,"href":"https:\/\/fundacioateneusantroc.org\/es\/wp-json\/wp\/v2\/posts\/34868\/revisions\/54109"}],"wp:featuredmedia":[{"embeddable":true,"href":"https:\/\/fundacioateneusantroc.org\/es\/wp-json\/wp\/v2\/media\/35361"}],"wp:attachment":[{"href":"https:\/\/fundacioateneusantroc.org\/es\/wp-json\/wp\/v2\/media?parent=34868"}],"wp:term":[{"taxonomy":"category","embeddable":true,"href":"https:\/\/fundacioateneusantroc.org\/es\/wp-json\/wp\/v2\/categories?post=34868"},{"taxonomy":"post_tag","embeddable":true,"href":"https:\/\/fundacioateneusantroc.org\/es\/wp-json\/wp\/v2\/tags?post=34868"}],"curies":[{"name":"wp","href":"https:\/\/api.w.org\/{rel}","templated":true}]}}