{"id":35065,"date":"2001-10-16T12:55:26","date_gmt":"2001-10-16T10:55:26","guid":{"rendered":"http:\/\/fundacioateneusantroc.org\/?p=35065"},"modified":"2023-07-14T12:29:08","modified_gmt":"2023-07-14T10:29:08","slug":"andreu-bertran","status":"publish","type":"post","link":"https:\/\/fundacioateneusantroc.org\/es\/andreu-bertran\/","title":{"rendered":"Andreu Bertran"},"content":{"rendered":"<h5><span style=\"color: #ff9900;\">Quan la imaginaci\u00f3 construeix una persona<\/span><\/h5>\n<p>En Bertran arriba puntualment a l\u2019Ateneu. Fa el viatge am la capsa plena, des del 400 d\u2019Alfons XIII al 34 del carrer C\u00e0ceres. Arriba al vespre, abans de tancar les portes. Quan els nens ja han marxat.\u00a0 Arriba ensucrat, amb els regals del dia despr\u00e9s, els premis de la dutxa, els \u201crepitos\u201d del berenar. L\u2019Andreu arriba&#8230; i, abans que els nens el puguin veure, ja ha marxat. Per\u00f2 dem\u00e0, quan els nens arribin a l\u2019Ateneu sabran que en Bertran ha tornat, l\u2019Andreu \u2013per sort\u2013 sempre torna. I deixa la seva aportaci\u00f3, una aportaci\u00f3 en esp\u00e8cies que tothom, grans i monitors i petits i cordinadors i dones i&#8230; tothom, agraeix.<\/p>\n<p>Per\u00f2 com \u00e9s en Bertran? En Bertran t\u00e9 l\u2019aur\u00e8ola del misteri. Els nens no saben qui \u00e9s, per\u00f2 saben que hi \u00e9s. I llavors els forats de la realitat els tapa la imaginaci\u00f3 i la imaginaci\u00f3 dels nens no t\u00e9 l\u00edmits&#8230; \u00e9s en aquell moment quan l\u2019Andreu pren forma i t\u00e9 cara i ulls i mans i&#8230; com \u00e9s Bertran???<\/p>\n<p>(&#8230;) mira al techo, saca la lengua, apunta con el dedo. Sabe quien es pero quiere saber m\u00e1s y pregunta a su manera:<\/p>\n<p>\u2014\u00bfTrabaja mucho, verdad? \u00bfY trabaja tambi\u00e9n por la noche?<\/p>\n<p>\u2014\u00bfPor qu\u00e9 nos regala las pastas? Qu\u00e9 bueno es \u00bfverdad?<\/p>\n<p>Mentre li preparen la safata de panellets escullen els colors, les mides, i volen que el m\u00e9s maco sigui per ell:<br \/>\n\u2014claro! el nos regala pastas todos los d\u00edas, y est\u00e1n buenas, y nunca faltan. Al menos unos panellets buenos, \u00bfno?<\/p>\n<p>Despr\u00e9s de la visita encara s\u2019admiren i se senten privilegiats d\u2019haver-li fet una visita, continuen preguntant, continuen volent saber:<\/p>\n<p>\u2014\u00bfLe llevaron \u201cpanill\u00e9\u201d? \u00bfLe gustaron? estaban buenos, pero \u00e9l seguro que los hace m\u00e1s mejor que nosotros.<\/p>\n<p>Se\u00f1o, y&#8230; \u00bfSiempre nos va a regalar pastas?&#8230;<\/p>\n<p>Sempre, de moment.<br \/>\nOi que s\u00f3n bones?<\/p>\n<p style=\"text-align: right;\"><em>Jordi Cortinas, Sandra Novillo\u00a0i nens i nenes de l\u2019Ateneu (2001)<\/em><\/p>\n","protected":false},"excerpt":{"rendered":"<p>Quan la imaginaci\u00f3 construeix una persona En Bertran arriba puntualment a l\u2019Ateneu. Fa el viatge am [&hellip;]<\/p>\n","protected":false},"author":2,"featured_media":35130,"comment_status":"open","ping_status":"open","sticky":false,"template":"","format":"standard","meta":{"footnotes":""},"categories":[1089],"tags":[],"class_list":["post-35065","post","type-post","status-publish","format-standard","has-post-thumbnail","hentry","category-retrats"],"_links":{"self":[{"href":"https:\/\/fundacioateneusantroc.org\/es\/wp-json\/wp\/v2\/posts\/35065","targetHints":{"allow":["GET"]}}],"collection":[{"href":"https:\/\/fundacioateneusantroc.org\/es\/wp-json\/wp\/v2\/posts"}],"about":[{"href":"https:\/\/fundacioateneusantroc.org\/es\/wp-json\/wp\/v2\/types\/post"}],"author":[{"embeddable":true,"href":"https:\/\/fundacioateneusantroc.org\/es\/wp-json\/wp\/v2\/users\/2"}],"replies":[{"embeddable":true,"href":"https:\/\/fundacioateneusantroc.org\/es\/wp-json\/wp\/v2\/comments?post=35065"}],"version-history":[{"count":4,"href":"https:\/\/fundacioateneusantroc.org\/es\/wp-json\/wp\/v2\/posts\/35065\/revisions"}],"predecessor-version":[{"id":35395,"href":"https:\/\/fundacioateneusantroc.org\/es\/wp-json\/wp\/v2\/posts\/35065\/revisions\/35395"}],"wp:featuredmedia":[{"embeddable":true,"href":"https:\/\/fundacioateneusantroc.org\/es\/wp-json\/wp\/v2\/media\/35130"}],"wp:attachment":[{"href":"https:\/\/fundacioateneusantroc.org\/es\/wp-json\/wp\/v2\/media?parent=35065"}],"wp:term":[{"taxonomy":"category","embeddable":true,"href":"https:\/\/fundacioateneusantroc.org\/es\/wp-json\/wp\/v2\/categories?post=35065"},{"taxonomy":"post_tag","embeddable":true,"href":"https:\/\/fundacioateneusantroc.org\/es\/wp-json\/wp\/v2\/tags?post=35065"}],"curies":[{"name":"wp","href":"https:\/\/api.w.org\/{rel}","templated":true}]}}