{"id":35070,"date":"2001-10-16T19:50:26","date_gmt":"2001-10-16T17:50:26","guid":{"rendered":"http:\/\/fundacioateneusantroc.org\/?p=35070"},"modified":"2023-07-14T12:29:08","modified_gmt":"2023-07-14T10:29:08","slug":"sandra-i-jordi","status":"publish","type":"post","link":"https:\/\/fundacioateneusantroc.org\/es\/sandra-i-jordi\/","title":{"rendered":"Sandra Novillo"},"content":{"rendered":"<p>Tot just ahir vaig llegir el n\u00famero de <a href=\"https:\/\/fundacioateneusantroc.org\/als-limits-5\/\" target=\"_blank\" rel=\"noopener\">primavera de la revista [ALS L\u00cdMITS] (2001)<\/a>, el 5\u00e8, que m\u2019havia donat el Salva, perqu\u00e8 jo no el vaig veure. El cas \u00e9s que he decidit amb mi mateix fer el retrat de la revista en ella mateixa.<\/p>\n<p>La revista va n\u00e9ixer de l\u2019impuls de la il\u00b7lusi\u00f3 d\u2019uns companys immersos en el projecte de transformaci\u00f3 social del barri, all\u00e0 on no arriben els pol\u00edtics o on no hi volen arribar.<\/p>\n<p>L\u2019exist\u00e8ncia de la revista ens ha fet descobrir molta gent que ni sab\u00edem que hi participava a l\u2019Ateneu (com a m\u00ednim jo no ho sabia). Hem vist les diferents activitats que es fan a l\u2019Ateneu i al Centre Obert, a l\u2019Esplai Borinot, al grup de Joves, al Grup de Dones, al de Formaci\u00f3 i fins i tot activitats on participava l\u2019Ateneu dins d\u2019una realitat global. En definitiva, hem sabut veure el somriure dels nens i nenes, homes, dones, nois i noies que donen alegria a l\u2019Ateneu i al barri.<\/p>\n<p>Hem conegut la relaci\u00f3 barri-Ateneu, Ateneu-barri i hem sentit l\u2019impuls de participar-hi. Hem sentit les ganes de treballar o \u201clluitar tota la vida\u201d (com recorda la m\u00e0xima que hi ha a la porta de la parr\u00f2quia de Sant Roc). A mi em sembla que aquesta \u00e9s, o podria ser, la filosofia de l\u2019Ateneu: Integrar les idees i les fantasies per transformar. I per qu\u00e8 ara? Per qu\u00e8 el n\u00famero 5 i no un altre?<\/p>\n<p>Doncs, perqu\u00e8 de fet, el n\u00famero de primavera de [ALS L\u00cdMITS] \u00e9s verd, i amb la traject\u00f2ria de [ALS L\u00cdMITS] es configura un arc de Sant Mart\u00ed que canvia de colors i aix\u00ed fomenta la diversitat i reafirma la identitat personal i la col\u00b7lectiva en una integraci\u00f3 de finalitats.<\/p>\n<p>El n\u00famero 5, era d\u2019un verd esperan\u00e7a, primaveral. Tot floreix i tot \u00e9s clar a la terra (potser de vegades el fum de la guerra i la globalitzaci\u00f3 del capital no ens ho deixen veure). Els nens somriuen i viuen diferent i tenen experi\u00e8ncies. Els articles d\u2019aquest n\u00famero s\u00f3n estimuladors, plens de joia i d\u2019empenta i aix\u00ed que m\u2019he dit&#8230; mira tu, pensant en el <a href=\"http:\/\/fundacioateneusantroc.org\/\/wp-content\/uploads\/6estiu01b.pdf\" target=\"_blank\" rel=\"noopener\">n\u00famero sis<\/a>&#8230; vull afirmar amb seguretat que avui comen\u00e7a tot, i no acaba.<\/p>\n<p>Amb molt de gust i identificaci\u00f3:<\/p>\n<p>la senyu, el profe o l\u2019Albert&#8230;<\/p>\n<p>S\u00e9 que aix\u00f2 si es decideix publicar passar\u00e0 per les mans treballadores i correctores de la Sandra i el Jordi o nom\u00e9s d\u2019un d\u2019ells, per\u00f2 \u00e9s part de la feina per aquesta transformaci\u00f3.<\/p>\n<p style=\"text-align: right;\"><em>Sandra i Jordi&#8230; (2001)<\/em><\/p>\n<p style=\"text-align: right;\"><em>Gr\u00e0cies Albert, tots estem en transformaci\u00f3&#8230; nosaltres tamb\u00e9.<br \/>\nTransformem&#8230; \u00e9s llei de vida.<\/em><\/p>\n","protected":false},"excerpt":{"rendered":"<p>Tot just ahir vaig llegir el n\u00famero de primavera de la revista [ALS L\u00cdMITS] (2001), el [&hellip;]<\/p>\n","protected":false},"author":2,"featured_media":36264,"comment_status":"open","ping_status":"open","sticky":false,"template":"","format":"standard","meta":{"footnotes":""},"categories":[1089],"tags":[],"class_list":["post-35070","post","type-post","status-publish","format-standard","has-post-thumbnail","hentry","category-retrats"],"_links":{"self":[{"href":"https:\/\/fundacioateneusantroc.org\/es\/wp-json\/wp\/v2\/posts\/35070","targetHints":{"allow":["GET"]}}],"collection":[{"href":"https:\/\/fundacioateneusantroc.org\/es\/wp-json\/wp\/v2\/posts"}],"about":[{"href":"https:\/\/fundacioateneusantroc.org\/es\/wp-json\/wp\/v2\/types\/post"}],"author":[{"embeddable":true,"href":"https:\/\/fundacioateneusantroc.org\/es\/wp-json\/wp\/v2\/users\/2"}],"replies":[{"embeddable":true,"href":"https:\/\/fundacioateneusantroc.org\/es\/wp-json\/wp\/v2\/comments?post=35070"}],"version-history":[{"count":6,"href":"https:\/\/fundacioateneusantroc.org\/es\/wp-json\/wp\/v2\/posts\/35070\/revisions"}],"predecessor-version":[{"id":35396,"href":"https:\/\/fundacioateneusantroc.org\/es\/wp-json\/wp\/v2\/posts\/35070\/revisions\/35396"}],"wp:featuredmedia":[{"embeddable":true,"href":"https:\/\/fundacioateneusantroc.org\/es\/wp-json\/wp\/v2\/media\/36264"}],"wp:attachment":[{"href":"https:\/\/fundacioateneusantroc.org\/es\/wp-json\/wp\/v2\/media?parent=35070"}],"wp:term":[{"taxonomy":"category","embeddable":true,"href":"https:\/\/fundacioateneusantroc.org\/es\/wp-json\/wp\/v2\/categories?post=35070"},{"taxonomy":"post_tag","embeddable":true,"href":"https:\/\/fundacioateneusantroc.org\/es\/wp-json\/wp\/v2\/tags?post=35070"}],"curies":[{"name":"wp","href":"https:\/\/api.w.org\/{rel}","templated":true}]}}