{"id":35072,"date":"2002-10-16T13:00:52","date_gmt":"2002-10-16T11:00:52","guid":{"rendered":"http:\/\/fundacioateneusantroc.org\/?p=35072"},"modified":"2023-07-14T12:29:08","modified_gmt":"2023-07-14T10:29:08","slug":"jordi-cortinas","status":"publish","type":"post","link":"https:\/\/fundacioateneusantroc.org\/es\/jordi-cortinas\/","title":{"rendered":"Jordi Cortinas"},"content":{"rendered":"<p>Fa deu anys. Primers de juliol. Migdia. Molt de sol. Pla\u00e7a dels Pa\u00efsos Catalans. Parlo amb una amiga de l\u2019estiu i del qu\u00e8 fem. Arriba Pilar, tamb\u00e9 deu anys m\u00e9s jove. Ens parla de les activitats de l\u2019Ateneu. Ens mirem tots tres. Finals de juliol. Vuit del mat\u00ed. Davant la porta de l\u2019Ateneu. Molts nervis i molta son. Primera trobada amb la \u201cgent\u201d de Sant Roc. Amb el m\u00f3n de Sant Roc. Els monitor nous serem uns deu. La majoria amb m\u00e9s ganes que experi\u00e8ncia. Tinc molts dubtes i nervis. I\u00a0la pregunta ser\u00e9 capa\u00e7? ser\u00e9 capa\u00e7? que no em deixa de voltar i voltar. Far\u00e9 de monitor del grup cinc. Primera sortida: al zoo. M\u2019enrecor-dar\u00e9 sempre. Sempre. Em trobo cara a cara amb el meu grup. Ens presentem i ens mirem. Intento recordar tots els consells, tots els noms, totes les paraules, totes les cares.<\/p>\n<p>L\u00ednia quatre del metro. Sant Roc Ciutadella. Creix la confusi\u00f3. Alguns crits i molts dubtes sobre on s\u00f3n els l\u00edmits. Sobre com establir-los. Desconcertat comen\u00e7o el viatge. Arribem al parc. Sensaci\u00f3 de caos. Cada nen vol fer la seva. Algun crit i molt desordre. No arribem al dinar. Tampoc podem veure cap espectacle. Tinc ganes de plorar. D\u2019asseure\u2019m al costat de la g\u00e0bia dels ossos i plorar&#8230; amagar-me i desapar\u00e8ixer. Crido. M\u2019esvero. Tremolo i m\u2019amenacen. Jo tamb\u00e9. Ho recordo vagament. La calor. El bra\u00e7. Els noms&#8230; No s\u00e9 si tornar el dia seg\u00fcent. No s\u00e9 si podr\u00e9 sortir de l\u2019Ateneu o de si voldr\u00e9 tornar-hi a entrar.<\/p>\n<p>Al final de l\u2019estiu tot ha canviat. Tanta intensitat. Sentiments que cimenten la meva persona. Moments que m\u2019han fet com s\u00f3c.<\/p>\n<p>Deu anys despr\u00e9s. Tot ha canviat. L\u2019Ateneu. Els monitors. Els nens. Les formes i els fons. Jo tamb\u00e9 he canviat. Ja no passo l\u2019estiu a l\u2019Ateneu, per\u00f2 m\u2019hi perdo de tant en tant&#8230; sense l\u2019Ateneu perdria part de les poques coses que rescataria de mi mateix. Ara recordo&#8230; i intento imaginar d\u2019aqu\u00ed deu anys i no puc. Tampoc aquell mat\u00ed hagu\u00e9s pogut imaginar un futur com aquest present. Somric. L\u2019Ateneu torna a obrir les portes, per a mi tamb\u00e9.<\/p>\n<p style=\"text-align: right;\"><em>Jordi Cortinas (2002)<\/em><\/p>\n","protected":false},"excerpt":{"rendered":"<p>Fa deu anys. Primers de juliol. Migdia. Molt de sol. Pla\u00e7a dels Pa\u00efsos Catalans. Parlo amb [&hellip;]<\/p>\n","protected":false},"author":2,"featured_media":35107,"comment_status":"open","ping_status":"open","sticky":false,"template":"","format":"standard","meta":{"footnotes":""},"categories":[1089],"tags":[],"class_list":["post-35072","post","type-post","status-publish","format-standard","has-post-thumbnail","hentry","category-retrats"],"_links":{"self":[{"href":"https:\/\/fundacioateneusantroc.org\/es\/wp-json\/wp\/v2\/posts\/35072","targetHints":{"allow":["GET"]}}],"collection":[{"href":"https:\/\/fundacioateneusantroc.org\/es\/wp-json\/wp\/v2\/posts"}],"about":[{"href":"https:\/\/fundacioateneusantroc.org\/es\/wp-json\/wp\/v2\/types\/post"}],"author":[{"embeddable":true,"href":"https:\/\/fundacioateneusantroc.org\/es\/wp-json\/wp\/v2\/users\/2"}],"replies":[{"embeddable":true,"href":"https:\/\/fundacioateneusantroc.org\/es\/wp-json\/wp\/v2\/comments?post=35072"}],"version-history":[{"count":1,"href":"https:\/\/fundacioateneusantroc.org\/es\/wp-json\/wp\/v2\/posts\/35072\/revisions"}],"predecessor-version":[{"id":35073,"href":"https:\/\/fundacioateneusantroc.org\/es\/wp-json\/wp\/v2\/posts\/35072\/revisions\/35073"}],"wp:featuredmedia":[{"embeddable":true,"href":"https:\/\/fundacioateneusantroc.org\/es\/wp-json\/wp\/v2\/media\/35107"}],"wp:attachment":[{"href":"https:\/\/fundacioateneusantroc.org\/es\/wp-json\/wp\/v2\/media?parent=35072"}],"wp:term":[{"taxonomy":"category","embeddable":true,"href":"https:\/\/fundacioateneusantroc.org\/es\/wp-json\/wp\/v2\/categories?post=35072"},{"taxonomy":"post_tag","embeddable":true,"href":"https:\/\/fundacioateneusantroc.org\/es\/wp-json\/wp\/v2\/tags?post=35072"}],"curies":[{"name":"wp","href":"https:\/\/api.w.org\/{rel}","templated":true}]}}