{"id":35074,"date":"2003-10-16T13:05:53","date_gmt":"2003-10-16T11:05:53","guid":{"rendered":"http:\/\/fundacioateneusantroc.org\/?p=35074"},"modified":"2023-07-14T12:29:07","modified_gmt":"2023-07-14T10:29:07","slug":"eloi-caballero","status":"publish","type":"post","link":"https:\/\/fundacioateneusantroc.org\/es\/eloi-caballero\/","title":{"rendered":"Eloi Caballero"},"content":{"rendered":"<p>Quan em van encomanar que fes un article per publicar-lo a \u201cAls L\u00edmits\u201d parlant de mi, i de les raons personals que m\u2019animen a participar, em vaig espantar molt. Qu\u00e8 es pot dir d\u2019un mateix? A m\u00e9s a m\u00e9s, no s\u00f3c gens d\u2019expressar-me a trav\u00e9s de l\u2019escriptura, prefereixo l\u2019oralitat, parlar cara a cara, per\u00f2 que jo conegui encara no \u00e9s possible afegir un fitxer de veu a cap revista de paper.<\/p>\n<p>Potser, sense adonar-me, ja he dit una de les meves caracter\u00edstiques: entre escriure i parlar, em decanto per parlar. M\u2019agrada estar en contacte amb altres persones, compartir les meves experi\u00e8ncies i les habilitats que he anat adquirint amb el temps com la inform\u00e0tica. I sobre tot m\u2019agrada aprendre dels altres. \u00c9s el mateix com siguin els altres, grans o petits, dones o homes, paios o gitanos, titulats o sense t\u00edtol. S\u00f3c de la ferma convicci\u00f3 que es pot aprendre de tothom, que s\u2019ha d\u2019aprendre de tothom.<\/p>\n<p>Per a mi col\u00b7laborar en l\u2019Ateneu \u00e9s una forma de participaci\u00f3 social i representa la possibilitat de compartir amb altres les meves inquietuds per transformar les condicions de vida d\u2019aquelles persones que per raons de tipus econ\u00f2mic, social, \u00e8tnic, de g\u00e8nere, etc. es veuen abocades a la marginaci\u00f3 social o a la precarietat econ\u00f2mica. Per\u00f2, que no se\u2019m malinterpreti, no penso que el meu paper sigui suplantar la veu d\u2019aquestes persones o fer de guia de ning\u00fa. Ben al contrari, entenc el meu comprom\u00eds social com una forma de posar-me al servei d\u2019aquests sectors per tal que s\u2019organitzin i siguin ells mateixos els que defensin els seus interessos. Des de l\u2019experi\u00e8ncia que he anat acumulant aquests anys, em sembla que \u00e9s la millor forma de respectar i de tractar com a iguals als altres.<\/p>\n<p style=\"text-align: right;\"><em>Eloi Caballero (2003)<\/em><\/p>\n","protected":false},"excerpt":{"rendered":"<p>Quan em van encomanar que fes un article per publicar-lo a \u201cAls L\u00edmits\u201d parlant de mi, [&hellip;]<\/p>\n","protected":false},"author":2,"featured_media":35101,"comment_status":"open","ping_status":"open","sticky":false,"template":"","format":"standard","meta":{"footnotes":""},"categories":[1089],"tags":[],"class_list":["post-35074","post","type-post","status-publish","format-standard","has-post-thumbnail","hentry","category-retrats"],"_links":{"self":[{"href":"https:\/\/fundacioateneusantroc.org\/es\/wp-json\/wp\/v2\/posts\/35074","targetHints":{"allow":["GET"]}}],"collection":[{"href":"https:\/\/fundacioateneusantroc.org\/es\/wp-json\/wp\/v2\/posts"}],"about":[{"href":"https:\/\/fundacioateneusantroc.org\/es\/wp-json\/wp\/v2\/types\/post"}],"author":[{"embeddable":true,"href":"https:\/\/fundacioateneusantroc.org\/es\/wp-json\/wp\/v2\/users\/2"}],"replies":[{"embeddable":true,"href":"https:\/\/fundacioateneusantroc.org\/es\/wp-json\/wp\/v2\/comments?post=35074"}],"version-history":[{"count":1,"href":"https:\/\/fundacioateneusantroc.org\/es\/wp-json\/wp\/v2\/posts\/35074\/revisions"}],"predecessor-version":[{"id":35075,"href":"https:\/\/fundacioateneusantroc.org\/es\/wp-json\/wp\/v2\/posts\/35074\/revisions\/35075"}],"wp:featuredmedia":[{"embeddable":true,"href":"https:\/\/fundacioateneusantroc.org\/es\/wp-json\/wp\/v2\/media\/35101"}],"wp:attachment":[{"href":"https:\/\/fundacioateneusantroc.org\/es\/wp-json\/wp\/v2\/media?parent=35074"}],"wp:term":[{"taxonomy":"category","embeddable":true,"href":"https:\/\/fundacioateneusantroc.org\/es\/wp-json\/wp\/v2\/categories?post=35074"},{"taxonomy":"post_tag","embeddable":true,"href":"https:\/\/fundacioateneusantroc.org\/es\/wp-json\/wp\/v2\/tags?post=35074"}],"curies":[{"name":"wp","href":"https:\/\/api.w.org\/{rel}","templated":true}]}}