{"id":37594,"date":"2019-10-06T09:55:41","date_gmt":"2019-10-06T07:55:41","guid":{"rendered":"http:\/\/fundacioateneusantroc.org\/?p=37594"},"modified":"2023-07-14T12:19:32","modified_gmt":"2023-07-14T10:19:32","slug":"premi-memorial-alex-seglers","status":"publish","type":"post","link":"https:\/\/fundacioateneusantroc.org\/es\/premi-memorial-alex-seglers\/","title":{"rendered":"Premi Memorial \u00c0lex Seglers"},"content":{"rendered":"\n<p><\/p>\n\n\n\n<p>El <a href=\"https:\/\/www.uab.cat\/web\/sala-de-premsa\/detall-de-noticia\/maria-teresa-relat-i-la-fundacio-ateneu-sant-roc-reben-el-premi-memorial-alex-seglers-1345667174054.html?noticiaid=1345797500572\" target=\"_blank\" rel=\"noreferrer noopener\" aria-label=\"Memorial \u00c0lex Seglers  (s&#039;obre en una nova pestanya)\">Memorial \u00c0lex Seglers <\/a>\u00e9s un reconeixement a la traject\u00f2ria de persones o organitzacions compromeses amb la defensa de la diversitat i el foment de la conviv\u00e8ncia. Est\u00e0 organitzat per l&#8217;Ajuntament de Sabadell, la UAB, la Generalitat, la Diputaci\u00f3 de Barcelona, l&#8217;Obra Social &#8220;la Caixa&#8221;, la Federaci\u00f3 Catalana de Municipis i l&#8217;Associaci\u00f3 Catalana de Municipis.&nbsp;<\/p>\n\n\n\n<div class=\"wp-block-image\"><figure class=\"aligncenter\"><img loading=\"lazy\" decoding=\"async\" width=\"650\" height=\"350\" src=\"http:\/\/fundacioateneusantroc.org\/\/wp-content\/uploads\/seglerspremis19_3aba05c45f7098c611e2ef95cbfd34ab.jpg\" alt=\"\" class=\"wp-image-37617\"><\/figure><\/div>\n\n\n\n<p>Enguany han premiat la Maria Teresa Relat Tarrats que durant m\u00e9s de 35 anys s&#8217;ha dedicat a la doc\u00e8ncia intentant inculcar els valors fonamentals en els seus alumnes. La Maria Teresa tamb\u00e9 ha estat presidenta durant molts anys del Moviment Ecum\u00e8nic de Sabadell entre altres entitats.&nbsp;L&#8217;altre guard\u00f3 ha estat per la Fundaci\u00f3 Ateneu Sant Roc per fomentar una millor conviv\u00e8ncia al barri de Sant Roc (Badalona).<\/p>\n\n\n\n<p>Estem molt agra\u00efts per aquest reconeixement i us deixem unes paraules de Juan Jes\u00fas, president de l&#8217;Ateneu:<\/p>\n\n\n\n<blockquote class=\"wp-block-quote is-layout-flow wp-block-quote-is-layout-flow\"><p>Gr\u00e0cies, moltes gr\u00e0cies per aquest reconeixement al treball de la Fundaci\u00f3 Ateneu Sant Roc de Badalona. <br>Ens fa sentir molt orgullosos, m\u00e9s tenint en compte les persones i entitats que ho han merescut abans, moltes, amigues i properes a la nostra entitat o als nostres principis.<\/p><\/blockquote>\n\n\n\n<blockquote class=\"wp-block-quote is-layout-flow wp-block-quote-is-layout-flow\"><p>Sant Roc \u00e9s un barri que ja va n\u00e9ixer divers i que ha anat augmentant la seva diversitat al llarg dels anys. <br>Dins d\u2019aquest barri coexisteixin molts grups diversos&nbsp;i els colors es multipliquen pels seus carrers i places.<\/p><\/blockquote>\n\n\n\n<blockquote class=\"wp-block-quote is-layout-flow wp-block-quote-is-layout-flow\"><p>Barri, que com molts d\u2019altres de Catalunya&nbsp;s\u2019ha fet, s\u2019ha fet&nbsp;per les lluites i la const\u00e0ncia de les persones que hi viuen i han viscut, i de les que hi treballen i han treballat.<\/p><\/blockquote>\n\n\n\n<blockquote class=\"wp-block-quote is-layout-flow wp-block-quote-is-layout-flow\"><p>L\u2019Ateneu, la nostra entitat, \u00e9s una mostra, que com un mirall reflecteix la realitat rica i variada del seu entorn. <br>Al llarg del dia varia en edats, proced\u00e8ncies, activitats&#8230; \u00e9s un bullir constant de vitalitat i energia.<\/p><\/blockquote>\n\n\n\n<blockquote class=\"wp-block-quote is-layout-flow wp-block-quote-is-layout-flow\"><p>La tasca de transformaci\u00f3 social, que ens proposem, no \u00e9s f\u00e0cil, ja ho saberu, entrebancs i esfor\u00e7os diaris ens ho mostren i a m\u00e9s, hem de sumar el&nbsp;no&nbsp;sentir-nos, sovint, acompanyats per les administracions i per les incerteses que provoca la sostenibilitat de l\u2019entitat.<\/p><\/blockquote>\n\n\n\n<blockquote class=\"wp-block-quote is-layout-flow wp-block-quote-is-layout-flow\"><p><strong>Aix\u00ed i tot, tenim un b\u00e9 molt preuat, \u00e9s la for\u00e7a i la const\u00e0ncia de la gent, de la nostra, vosaltres<\/strong>: treballadors, voluntaris i col\u00b7laboradors, i com no, la d\u2019altres associacions que com nosaltres creuen que \u00e9s possible viure de forma diferent a Sant Roc i a altres pobles i barris.<\/p><\/blockquote>\n\n\n\n<p><br><strong>M\u00e9s informaci\u00f3:<\/strong><\/p>\n\n\n\n<p><strong>R\u00e0dio Sabadell<\/strong><br><br><em>&#8220;L\u2019encarregat de recollir el guard\u00f3 ha estat\u00a0<\/em><strong><em>Juanje Guerrero<\/em><\/strong><em>, membre del patronat i educador social del barri. \u201cHem treballat sempre per transmetre els valors i la conviv\u00e8ncia entre les persones\u201d, ha assegurat Guerrero. L\u2019educador social ha recordat la dificultat de treballar en un barri amb tantes dificultats com \u00e9s Sant Roc, amb unes xifres d\u2019atur elevades i amb una diversitat important. En aquest sentit, Guerrero ha destacat que la Fundaci\u00f3 Ateneu Sant Roc treballa amb les persones, indiferentment de l\u2019origen.&#8221;<\/em><\/p>\n\n\n\n<p><strong>Diari de Sabadell<\/strong><br><br><strong>Maria Teresa Relat i la Fundaci\u00f3 Ateneu Sant Roc, guardonats als premis Memorial \u00c0lex Seglers<\/strong><br><em>&#8220;&#8230;Enguany els dos guardonats han sigut la sabadellenca Maria Teresa Relat i la Fundaci\u00f3 Ateneu Sant Roc. Relat ha rebut aquest premi com a reconeixement per la seva traject\u00f2ria professional i personal. Durant m\u00e9s de 35 anys s&#8217;ha dedicat a la doc\u00e8ncia sempre intentant inculcar els valors fonamentals en els seus alumnes. Relat tamb\u00e9 ha estat presidenta durant molts anys del Moviment Ecum\u00e8nic de Sabadell entre altres entitats. Per la seva banda, la Fundaci\u00f3 Ateneu Sant Roc de Badalona, \u00e9s una entitat dedicada als infants, joves i adults on s&#8217;hi\u00a0realitzen projectes educatius, culturals i socials. L&#8217;entitat t\u00e9 una relaci\u00f3 directa amb Sabadell, ja que des de fa 10 anys s&#8217;hi desenvolupa el projecte Arpilleres. Un espai on dones de la ciutat i de diferents cultures s&#8217;han trobat per compartir i expressar reflexions i records.&#8221;<\/em><br><em>&#8220;&#8230;Per la seva banda,\u00a0Juan\u00a0Jes\u00fas\u00a0Guerrero, representant de la Fundaci\u00f3 Ateneu Sant Roc, ha volgut fer un clam a la diversitat assegurant que\u00a0<\/em><strong><em>&#8220;estem orgullosos de pert\u00e0nyer a Sant Roc, perqu\u00e8 cultures diferents enriqueixen i aix\u00f2 ens ha obert moltes portes i molts camins.<\/em><\/strong><em>&#8220;<\/em><\/p>\n\n\n\n<p><strong>Ajuntament de Sabadell \u00b7 Drets civils i g\u00e8nere<\/strong><br><br><strong>Maria Teresa Relat Tarrats i la Fundaci\u00f3 Ateneu Sant Roc de Badalona reben els premis Memorial \u00c0lex Seglers 2019<br><\/strong><em>&#8220;&#8230;En el cas de la Fundaci\u00f3 Ateneu Sant Roc de Badalona, rep el premi per la seva tasca en projectes educatius, culturals, socials i de lleure adre\u00e7ats als infants, joves i adults del territori, tot incidint de manera especial en els col\u00b7lectius en risc social. L\u2019any 2018, a m\u00e9s, m\u00e9s de 19.000 persones van participar en 18 projectes de diferent tem\u00e0tica. La Fundaci\u00f3 ha comptat amb m\u00e9s de 400 voluntaris, 310 socis i 23 treballadors. Hi destaca el projecte arpilleres, que s\u2019ha desenvolupat tamb\u00e9 a Sabadell, els darrers anys. Un espai on dones ciutadanes de Sabadell i de diferents cultures, mitjan\u00e7ant una t\u00e8cnica t\u00e8xtil s\u2019han trobat, han pogut compartir i expressar les seves reflexions i els seus records.&#8221;<\/em><\/p>\n\n\n\n<p><strong>UAB Universitat Aut\u00f2noma de Barcelona<\/strong><br><br><em>&#8220;L&#8217;activista Maria Teresa Relat i la Fundaci\u00f3 Ateneu Sant Roc de Badalona han estat guardonats enguany a la vuitena edici\u00f3 del premi Memorial \u00c0lex Seglers, que atorga l&#8217;Ajuntament de Sabadell i que ret homenatge a la figura de Seglers (1970-2010), professor de la UAB i expert en dret eclesi\u00e0stic reconegut internacionalment. L&#8217;acte de lliurament va tenir lloc el 26 de setembre, a la Casa Duran de Sabadell.&#8221;<\/em><\/p>\n\n\n\n<p><strong>iSabadell<\/strong><\/p>\n\n\n\n<p><br><em>&#8220;&#8230;El barri de Sant Roc \u00e9s conegut per la seva diversitat cultural i els conflictes que aix\u00f2 a vegades comporta.\u00a0<\/em><strong><em>Juanje\u00a0Guerrero<\/em><\/strong><em>\u00a0ha confirmat els problemes econ\u00f2mics i de risc d\u2019exclusi\u00f3 social que pateix aquesta zona de Badalona. No obstant aix\u00f2, tamb\u00e9 ha exposat els resultats que l\u2019Ateneu ha aconseguit gr\u00e0cies als m\u00e9s de 400\u00a0voluntaris\u00a0amb qui treballen actualment i a les 19 mil persones que han aportat el seu\u00a0gra\u00a0d\u2019arena des de la seva fundaci\u00f3, ara fa 50 anys.<br>Guerrero ha exposat en nom de la fundaci\u00f3 que &#8216;volen potenciar els valors comuns de tota la ciutadania. Com? Doncs no ser\u00e0 treballant per ning\u00fa, sin\u00f3 treballant amb tothom&#8217;. &#8216;Les difer\u00e8ncies culturals enriqueixen a la societat&#8217; ha concl\u00f2s.&#8221;<\/em><\/p>\n\n\n\n<div class=\"wp-block-image\"><figure class=\"aligncenter\"><img loading=\"lazy\" decoding=\"async\" width=\"720\" height=\"480\" src=\"http:\/\/fundacioateneusantroc.org\/\/wp-content\/uploads\/MG_0129-1-720x480.jpg\" alt=\"\" class=\"wp-image-37642\" srcset=\"https:\/\/fundacioateneusantroc.org\/wp-content\/uploads\/MG_0129-1.jpg 720w, https:\/\/fundacioateneusantroc.org\/wp-content\/uploads\/MG_0129-1-300x200.jpg 300w\" sizes=\"auto, (max-width: 720px) 100vw, 720px\" \/><\/figure><\/div>\n\n\n\n<p><em>6 d&#8217;octubre de 2019<\/em><\/p>\n","protected":false},"excerpt":{"rendered":"<p>El Memorial \u00c0lex Seglers \u00e9s un reconeixement a la traject\u00f2ria de persones o organitzacions compromeses amb [&hellip;]<\/p>\n","protected":false},"author":2,"featured_media":38088,"comment_status":"open","ping_status":"open","sticky":false,"template":"","format":"standard","meta":{"footnotes":""},"categories":[1,2],"tags":[41,727,146],"class_list":["post-37594","post","type-post","status-publish","format-standard","has-post-thumbnail","hentry","category-actualitat","category-premsa","tag-cohesio-social","tag-diversitat","tag-premi"],"_links":{"self":[{"href":"https:\/\/fundacioateneusantroc.org\/es\/wp-json\/wp\/v2\/posts\/37594","targetHints":{"allow":["GET"]}}],"collection":[{"href":"https:\/\/fundacioateneusantroc.org\/es\/wp-json\/wp\/v2\/posts"}],"about":[{"href":"https:\/\/fundacioateneusantroc.org\/es\/wp-json\/wp\/v2\/types\/post"}],"author":[{"embeddable":true,"href":"https:\/\/fundacioateneusantroc.org\/es\/wp-json\/wp\/v2\/users\/2"}],"replies":[{"embeddable":true,"href":"https:\/\/fundacioateneusantroc.org\/es\/wp-json\/wp\/v2\/comments?post=37594"}],"version-history":[{"count":55,"href":"https:\/\/fundacioateneusantroc.org\/es\/wp-json\/wp\/v2\/posts\/37594\/revisions"}],"predecessor-version":[{"id":55974,"href":"https:\/\/fundacioateneusantroc.org\/es\/wp-json\/wp\/v2\/posts\/37594\/revisions\/55974"}],"wp:featuredmedia":[{"embeddable":true,"href":"https:\/\/fundacioateneusantroc.org\/es\/wp-json\/wp\/v2\/media\/38088"}],"wp:attachment":[{"href":"https:\/\/fundacioateneusantroc.org\/es\/wp-json\/wp\/v2\/media?parent=37594"}],"wp:term":[{"taxonomy":"category","embeddable":true,"href":"https:\/\/fundacioateneusantroc.org\/es\/wp-json\/wp\/v2\/categories?post=37594"},{"taxonomy":"post_tag","embeddable":true,"href":"https:\/\/fundacioateneusantroc.org\/es\/wp-json\/wp\/v2\/tags?post=37594"}],"curies":[{"name":"wp","href":"https:\/\/api.w.org\/{rel}","templated":true}]}}