{"id":38209,"date":"2019-11-29T15:41:49","date_gmt":"2019-11-29T14:41:49","guid":{"rendered":"http:\/\/fundacioateneusantroc.org\/?p=38209"},"modified":"2023-07-14T12:19:24","modified_gmt":"2023-07-14T10:19:24","slug":"badalona-senegal-agermanats-per-la-costura","status":"publish","type":"post","link":"https:\/\/fundacioateneusantroc.org\/es\/badalona-senegal-agermanats-per-la-costura\/","title":{"rendered":"Badalona-Senegal agermanats per la costura"},"content":{"rendered":"\n<figure class=\"wp-block-image\"><img loading=\"lazy\" decoding=\"async\" width=\"720\" height=\"352\" src=\"http:\/\/fundacioateneusantroc.org\/\/wp-content\/uploads\/Enfila5.jpg\" alt=\"\" class=\"wp-image-38218\"><\/figure>\n\n\n\n<p>Aquest dimarts, la <a href=\"http:\/\/miraquebe.blogspot.com\/\" target=\"_blank\" rel=\"noopener noreferrer\">M\u00f2nica Moro<\/a>, membre del grup d&#8217;arpilleres de la Fundaci\u00f3 Ateneu Sant Roc ens ha explicat la seva experi\u00e8ncia amb dones del sud del Senegal. Aquestes dones s&#8217;ajunten i cusen plegades amb il\u00b7lusi\u00f3 i esperan\u00e7a utilitzant el llenguatge de les arpilleres i la seva ess\u00e8ncia cohesionadora.<\/p>\n\n\n\n<p>Mentre, des de Badalona amb esperit cooperatiu, altres dones de diversos or\u00edgens, cusen bosses amb robes senegaleses per fer d&#8217;aquest Nadal un Nadal m\u00e9s solidari, dins de la campanya <a href=\"https:\/\/fundacioateneusantroc.org\/pensaunnadalsolidari-2019\/\" target=\"_blank\" rel=\"noreferrer noopener\">#pensaunNadalSolidari<\/a>.<\/p>\n\n\n\n<figure class=\"wp-block-embed is-type-video is-provider-youtube wp-block-embed-youtube wp-embed-aspect-16-9 wp-has-aspect-ratio\"><div class=\"wp-block-embed__wrapper\">\n<iframe loading=\"lazy\" title=\"#pensaunNadalSolidari 2019\" width=\"500\" height=\"281\" src=\"https:\/\/www.youtube.com\/embed\/daSjYZY2Prg?start=3&#038;feature=oembed\" frameborder=\"0\" allow=\"accelerometer; autoplay; clipboard-write; encrypted-media; gyroscope; picture-in-picture; web-share\" referrerpolicy=\"strict-origin-when-cross-origin\" allowfullscreen><\/iframe>\n<\/div><\/figure>\n\n\n\n<p><\/p>\n\n\n\n<figure class=\"wp-block-gallery has-nested-images columns-2 is-cropped wp-block-gallery-1 is-layout-flex wp-block-gallery-is-layout-flex\">\n<figure class=\"wp-block-image size-large\"><a href=\"https:\/\/fundacioateneusantroc.org\/badalona-senegal-agermanats-per-la-costura\/enfila4\/\"><img loading=\"lazy\" decoding=\"async\" width=\"720\" height=\"480\" data-id=\"38214\" src=\"https:\/\/fundacioateneusantroc.org\/wp-content\/uploads\/Enfila4.jpg\" alt=\"\" class=\"wp-image-38214\" srcset=\"https:\/\/fundacioateneusantroc.org\/wp-content\/uploads\/Enfila4.jpg 720w, https:\/\/fundacioateneusantroc.org\/wp-content\/uploads\/Enfila4-300x200.jpg 300w\" sizes=\"auto, (max-width: 720px) 100vw, 720px\" \/><\/a><\/figure>\n\n\n\n<figure class=\"wp-block-image size-large\"><a href=\"https:\/\/fundacioateneusantroc.org\/badalona-senegal-agermanats-per-la-costura\/enfila1\/\"><img loading=\"lazy\" decoding=\"async\" width=\"720\" height=\"480\" data-id=\"38216\" src=\"https:\/\/fundacioateneusantroc.org\/wp-content\/uploads\/Enfila1.jpg\" alt=\"\" class=\"wp-image-38216\" srcset=\"https:\/\/fundacioateneusantroc.org\/wp-content\/uploads\/Enfila1.jpg 720w, https:\/\/fundacioateneusantroc.org\/wp-content\/uploads\/Enfila1-300x200.jpg 300w\" sizes=\"auto, (max-width: 720px) 100vw, 720px\" \/><\/a><\/figure>\n\n\n\n<figure class=\"wp-block-image size-large\"><img decoding=\"async\" src=\"https:\/\/fundacioateneusantroc.org\/wp-content\/uploads\/Enfila2.jpg\" alt=\"\"><\/figure>\n\n\n\n<figure class=\"wp-block-image size-large\"><a href=\"https:\/\/fundacioateneusantroc.org\/badalona-senegal-agermanats-per-la-costura\/enfila3-2\/\"><img decoding=\"async\" src=\"https:\/\/fundacioateneusantroc.org\/wp-content\/uploads\/Enfila3-1.jpg\" alt=\"\"><\/a><\/figure>\n<\/figure>\n\n\n\n<p>29 de novembre de 2019<\/p>\n","protected":false},"excerpt":{"rendered":"<p>Aquest dimarts, la M\u00f2nica Moro, membre del grup d&#8217;arpilleres de la Fundaci\u00f3 Ateneu Sant Roc ens [&hellip;]<\/p>\n","protected":false},"author":2,"featured_media":3829,"comment_status":"open","ping_status":"open","sticky":false,"template":"","format":"standard","meta":{"footnotes":""},"categories":[787,2],"tags":[5,736,748,53,192,738],"class_list":["post-38209","post","type-post","status-publish","format-standard","has-post-thumbnail","hentry","category-les-arpilleres","category-premsa","tag-badalona","tag-cooperacio-i-solidaritat","tag-nadal","tag-tv","tag-video","tag-xerrada"],"_links":{"self":[{"href":"https:\/\/fundacioateneusantroc.org\/es\/wp-json\/wp\/v2\/posts\/38209","targetHints":{"allow":["GET"]}}],"collection":[{"href":"https:\/\/fundacioateneusantroc.org\/es\/wp-json\/wp\/v2\/posts"}],"about":[{"href":"https:\/\/fundacioateneusantroc.org\/es\/wp-json\/wp\/v2\/types\/post"}],"author":[{"embeddable":true,"href":"https:\/\/fundacioateneusantroc.org\/es\/wp-json\/wp\/v2\/users\/2"}],"replies":[{"embeddable":true,"href":"https:\/\/fundacioateneusantroc.org\/es\/wp-json\/wp\/v2\/comments?post=38209"}],"version-history":[{"count":9,"href":"https:\/\/fundacioateneusantroc.org\/es\/wp-json\/wp\/v2\/posts\/38209\/revisions"}],"predecessor-version":[{"id":57186,"href":"https:\/\/fundacioateneusantroc.org\/es\/wp-json\/wp\/v2\/posts\/38209\/revisions\/57186"}],"wp:featuredmedia":[{"embeddable":true,"href":"https:\/\/fundacioateneusantroc.org\/es\/wp-json\/wp\/v2\/media\/3829"}],"wp:attachment":[{"href":"https:\/\/fundacioateneusantroc.org\/es\/wp-json\/wp\/v2\/media?parent=38209"}],"wp:term":[{"taxonomy":"category","embeddable":true,"href":"https:\/\/fundacioateneusantroc.org\/es\/wp-json\/wp\/v2\/categories?post=38209"},{"taxonomy":"post_tag","embeddable":true,"href":"https:\/\/fundacioateneusantroc.org\/es\/wp-json\/wp\/v2\/tags?post=38209"}],"curies":[{"name":"wp","href":"https:\/\/api.w.org\/{rel}","templated":true}]}}