{"id":38838,"date":"2009-10-19T00:00:00","date_gmt":"2009-10-18T22:00:00","guid":{"rendered":"http:\/\/fundacioateneusantroc.org\/?p=38838"},"modified":"2023-07-14T12:28:58","modified_gmt":"2023-07-14T10:28:58","slug":"badaweb-el-grupo-de-mujeres-del-congreso-celebra-el-30-aniversario","status":"publish","type":"post","link":"https:\/\/fundacioateneusantroc.org\/es\/badaweb-el-grupo-de-mujeres-del-congreso-celebra-el-30-aniversario\/","title":{"rendered":"Badaweb: &#8220;El Grupo de Mujeres del Congreso celebra el 30 aniversario&#8221;"},"content":{"rendered":"<p><a href=\"https:\/\/fundacioateneusantroc.org\/wp-content\/uploads\/BADAWEB191009.jpg\"><img loading=\"lazy\" decoding=\"async\" class=\"aligncenter size-full wp-image-4126\" src=\"https:\/\/fundacioateneusantroc.org\/wp-content\/uploads\/BADAWEB191009.jpg\" alt=\"BADAWEB191009\" width=\"633\" height=\"470\" \/><\/a><\/p>\n<p>El Grupo de Mujeres del Congreso celebra el 30 aniversario de su formaci\u00f3n. Lo ha hecho este fin de semana con una jornada que ha servido para analizar su trayectoria y tambi\u00e9n su futuro. Mujeres con un papel destacado en la actividad pol\u00edtica y social de la ciudad han mostrado su ejemplo con el objetivo de alentar a las nuevas generaciones para que tomen el relevo de las mujeres que desde hace 30 a\u00f1os trabajan para garantizar sus derechos.<\/p>\n<p>Unas 200 personas, procedentes de los 4 grupos de mujeres m\u00e1s antiguos de la ciudad, los del Congreso, Morera, Pomar y Sant Roc han participado en la jornada de celebraci\u00f3n del 30 aniversario del Grupo de Mujeres del Congreso. Un encuentro que ha servido para analizar su trayectoria.<\/p>\n<p>Mujeres con un papel destacado en la actividad pol\u00edtica y social de la ciudad, como el ex alcaldesa Maite Arqu\u00e9 o representantes de la Diputaci\u00f3n de Barcelona, \u200b\u200bhan explicado su experiencia. Han reconocido tambi\u00e9n la labor de mujeres como las del grupo del Congreso, que durante d\u00e9cadas han trabajado por el reconocimiento de sus derechos y porque la igualdad sea una realidad.<\/p>\n<p>El encuentro ha servido tambi\u00e9n para definir lo que debe ser la hoja de ruta del grupo. De esta manera han querido motivar a las nuevas generaciones que han de tomar el relevo de las mujeres que, desde hace 30 a\u00f1os, trabajan para la igualdad entre hombres y mujeres.<\/p>\n<p>Ver en Badaweb: <a href=\"http:\/\/www.badaweb.com\/noticies\/noticia.php?id=22486\" target=\"_blank\" rel=\"noopener\">http:\/\/www.badaweb.com\/noticies\/noticia.php?id=22486<\/a><\/p>\n","protected":false},"excerpt":{"rendered":"<p>El Grupo de Mujeres del Congreso celebra el 30 aniversario de su formaci\u00f3n. Lo ha hecho [&hellip;]<\/p>\n","protected":false},"author":2,"featured_media":6109,"comment_status":"open","ping_status":"open","sticky":false,"template":"","format":"standard","meta":{"footnotes":""},"categories":[2,333],"tags":[],"class_list":["post-38838","post","type-post","status-publish","format-standard","has-post-thumbnail","hentry","category-premsa","category-prensa"],"_links":{"self":[{"href":"https:\/\/fundacioateneusantroc.org\/es\/wp-json\/wp\/v2\/posts\/38838","targetHints":{"allow":["GET"]}}],"collection":[{"href":"https:\/\/fundacioateneusantroc.org\/es\/wp-json\/wp\/v2\/posts"}],"about":[{"href":"https:\/\/fundacioateneusantroc.org\/es\/wp-json\/wp\/v2\/types\/post"}],"author":[{"embeddable":true,"href":"https:\/\/fundacioateneusantroc.org\/es\/wp-json\/wp\/v2\/users\/2"}],"replies":[{"embeddable":true,"href":"https:\/\/fundacioateneusantroc.org\/es\/wp-json\/wp\/v2\/comments?post=38838"}],"version-history":[{"count":1,"href":"https:\/\/fundacioateneusantroc.org\/es\/wp-json\/wp\/v2\/posts\/38838\/revisions"}],"predecessor-version":[{"id":38839,"href":"https:\/\/fundacioateneusantroc.org\/es\/wp-json\/wp\/v2\/posts\/38838\/revisions\/38839"}],"wp:featuredmedia":[{"embeddable":true,"href":"https:\/\/fundacioateneusantroc.org\/es\/wp-json\/wp\/v2\/media\/6109"}],"wp:attachment":[{"href":"https:\/\/fundacioateneusantroc.org\/es\/wp-json\/wp\/v2\/media?parent=38838"}],"wp:term":[{"taxonomy":"category","embeddable":true,"href":"https:\/\/fundacioateneusantroc.org\/es\/wp-json\/wp\/v2\/categories?post=38838"},{"taxonomy":"post_tag","embeddable":true,"href":"https:\/\/fundacioateneusantroc.org\/es\/wp-json\/wp\/v2\/tags?post=38838"}],"curies":[{"name":"wp","href":"https:\/\/api.w.org\/{rel}","templated":true}]}}