{"id":39048,"date":"2020-04-14T11:41:41","date_gmt":"2020-04-14T09:41:41","guid":{"rendered":"http:\/\/fundacioateneusantroc.org\/?p=39048"},"modified":"2023-07-14T12:19:13","modified_gmt":"2023-07-14T10:19:13","slug":"lateneu-es-viu-a-casa","status":"publish","type":"post","link":"https:\/\/fundacioateneusantroc.org\/es\/lateneu-es-viu-a-casa\/","title":{"rendered":"L&#8217;Ateneu \u00e9s viu! (a casa)"},"content":{"rendered":"\n<p>Realment resulta ben estrany mantenir viva la vida de l&#8217;Ateneu des de casa.<\/p>\n\n\n\n<p><strong>Com \u00e9s possible continuar el centre d&#8217;inter\u00e8s de l&#8217;Esplai des de casa?<\/strong> Ben senzill, nom\u00e9s cal posar-hi il\u00b7lusi\u00f3 i creativitat; si no, mireu les xarxes&#8230; <a href=\"https:\/\/www.facebook.com\/528895093867490\/videos\/574216810112281\/\" target=\"_blank\" rel=\"noopener noreferrer\">On \u00e9s l&#8217;arc de Sant Mart\u00ed?<\/a><\/p>\n\n\n\n<p><strong>Com podem programar les activitats, fer seguiments, valorar&#8230;?<\/strong> F\u00e0cil, estem aprenent a marxes for\u00e7ades a fer servir el Zoom, Hangouts, Jitsi&#8230; per fer reunions d&#8217;equip i no deixar d&#8217;avan\u00e7ar. <a href=\"https:\/\/www.instagram.com\/p\/B-MJmw4C5M_\/\" target=\"_blank\" rel=\"noopener noreferrer\">De reuni\u00f3&#8230;<\/a><\/p>\n\n\n\n<p><strong>Com saber com estan les fam\u00edlies, els infants, els joves&#8230;?<\/strong> Tamb\u00e9 f\u00e0cil, amb trucades telef\u00f2niques, whatsapps i, els m\u00e9s agosarats, una videoconfer\u00e8ncia!<\/p>\n\n\n\n<p><strong>Com mantenir vives les xarxes socials i la web?<\/strong> Aquesta s\u00ed que \u00e9s senzilla, aportant les ganes de molta gent, proposant idees, <a href=\"https:\/\/www.facebook.com\/ateneusantroc\/\" target=\"_blank\" rel=\"noopener noreferrer\">enviant imatges, textos i v\u00eddeos<\/a>, i tenint un equip de comunicaci\u00f3 que hi deixa la pell.<\/p>\n\n\n\n<p><strong>Com mantenim viva l&#8217;activitat dels equips de projectes?<\/strong> Facilet, proposant a seguir les xarxes socials, enviant correus electr\u00f2nics, o whatsapps i animant a participar-hi. Totes les idees s\u00f3n necess\u00e0ries!<\/p>\n\n\n\n<p>Realment \u00e9s ben estranya aquesta nova vida de l&#8217;Ateneu. No \u00e9s la vida que ens agrada per\u00f2, si l&#8217;<a href=\"https:\/\/www.instagram.com\/p\/B-rEFC-o5Wu\/\" target=\"_blank\" rel=\"noopener noreferrer\">#ateneuacasa<\/a> encara ha de durar, hem de ser creatius i seguir pendents, propers des de la dist\u00e0ncia, de la vida del barri.<\/p>\n\n\n\n<figure class=\"wp-block-embed is-type-video is-provider-youtube wp-block-embed-youtube wp-embed-aspect-16-9 wp-has-aspect-ratio\"><div class=\"wp-block-embed__wrapper\">\n<iframe loading=\"lazy\" title=\"CONFINAMENT 2020 \u2022 Tot anira\u0300 be\u0301 (OK)\" width=\"500\" height=\"281\" src=\"https:\/\/www.youtube.com\/embed\/Pae7mTPIJRE?start=6&#038;feature=oembed\" frameborder=\"0\" allow=\"accelerometer; autoplay; clipboard-write; encrypted-media; gyroscope; picture-in-picture; web-share\" referrerpolicy=\"strict-origin-when-cross-origin\" allowfullscreen><\/iframe>\n<\/div><\/figure>\n\n\n\n<div style=\"height:38px\" aria-hidden=\"true\" class=\"wp-block-spacer\"><\/div>\n\n\n\n<figure class=\"wp-block-image\"><a href=\"http:\/\/fundacioateneusantroc.org\/\/wp-content\/uploads\/Tot-anira-be-br.jpg\"><img loading=\"lazy\" decoding=\"async\" width=\"720\" height=\"194\" src=\"http:\/\/fundacioateneusantroc.org\/\/wp-content\/uploads\/Tot-anira-be-br-720x194.jpg\" alt=\"\" class=\"wp-image-39307\"><\/a><\/figure>\n\n\n\n<p><em>14 d&#8217;abril de 2020<\/em><\/p>\n","protected":false},"excerpt":{"rendered":"<p>Realment resulta ben estrany mantenir viva la vida de l&#8217;Ateneu des de casa. Com \u00e9s possible [&hellip;]<\/p>\n","protected":false},"author":4,"featured_media":39989,"comment_status":"open","ping_status":"open","sticky":false,"template":"","format":"standard","meta":{"footnotes":""},"categories":[1],"tags":[41,1112,192,744],"class_list":["post-39048","post","type-post","status-publish","format-standard","has-post-thumbnail","hentry","category-actualitat","tag-cohesio-social","tag-confinament","tag-video","tag-voluntaris"],"_links":{"self":[{"href":"https:\/\/fundacioateneusantroc.org\/es\/wp-json\/wp\/v2\/posts\/39048","targetHints":{"allow":["GET"]}}],"collection":[{"href":"https:\/\/fundacioateneusantroc.org\/es\/wp-json\/wp\/v2\/posts"}],"about":[{"href":"https:\/\/fundacioateneusantroc.org\/es\/wp-json\/wp\/v2\/types\/post"}],"author":[{"embeddable":true,"href":"https:\/\/fundacioateneusantroc.org\/es\/wp-json\/wp\/v2\/users\/4"}],"replies":[{"embeddable":true,"href":"https:\/\/fundacioateneusantroc.org\/es\/wp-json\/wp\/v2\/comments?post=39048"}],"version-history":[{"count":21,"href":"https:\/\/fundacioateneusantroc.org\/es\/wp-json\/wp\/v2\/posts\/39048\/revisions"}],"predecessor-version":[{"id":54512,"href":"https:\/\/fundacioateneusantroc.org\/es\/wp-json\/wp\/v2\/posts\/39048\/revisions\/54512"}],"wp:featuredmedia":[{"embeddable":true,"href":"https:\/\/fundacioateneusantroc.org\/es\/wp-json\/wp\/v2\/media\/39989"}],"wp:attachment":[{"href":"https:\/\/fundacioateneusantroc.org\/es\/wp-json\/wp\/v2\/media?parent=39048"}],"wp:term":[{"taxonomy":"category","embeddable":true,"href":"https:\/\/fundacioateneusantroc.org\/es\/wp-json\/wp\/v2\/categories?post=39048"},{"taxonomy":"post_tag","embeddable":true,"href":"https:\/\/fundacioateneusantroc.org\/es\/wp-json\/wp\/v2\/tags?post=39048"}],"curies":[{"name":"wp","href":"https:\/\/api.w.org\/{rel}","templated":true}]}}