{"id":42001,"date":"2020-06-21T15:29:30","date_gmt":"2020-06-21T13:29:30","guid":{"rendered":"http:\/\/fundacioateneusantroc.org\/?p=42001"},"modified":"2023-07-14T12:19:03","modified_gmt":"2023-07-14T10:19:03","slug":"100-dies-de-confinament","status":"publish","type":"post","link":"https:\/\/fundacioateneusantroc.org\/es\/100-dies-de-confinament\/","title":{"rendered":"100 dies de confinament"},"content":{"rendered":"\n<p>Despr\u00e9s de molts dies d\u2019adaptaci\u00f3 al nou estil de vida i de tasca socioeducativa que ens ha tocat viure, <strong>vol\u00edem compartir reflexions i sentiments que hem viscut les persones que treballem de manera quotidiana a l\u2019Ateneu.<\/strong><\/p>\n\n\n\n<p>La nostra \u00e9s una feina de pell i de quotidianitat. Un dia una fam\u00edlia ens explica que a la filla li est\u00e0 sortint una dent, un altre acompanyem en la recollida de joguines, rebem rialles i abra\u00e7ades espont\u00e0nies. Aquesta feina d\u2019implicaci\u00f3 des de la proximitat \u00e9s molt enriquidora, ens ajuda a con\u00e8ixer si estem fent b\u00e9 la nostra feina i alhora d\u00f3na sentit a la nostra dedicaci\u00f3.<\/p>\n\n\n\n<p>Degut a la situaci\u00f3 que ens ha tocat viure, hem hagut d\u2019adaptar-nos a una situaci\u00f3 de p\u00e8rdua de llibertat, tant de moviment com tamb\u00e9 de manca de contacte. En la majoria de casos hem pogut desenvolupar noves t\u00e8cniques i eines que paradoxalment ens han ajudat a ser m\u00e9s propers i que ens han perm\u00e8s entrar a les cases de les persones que atenem. En altres casos no ha estat possible i aix\u00f2 ens ha deixat una gran impot\u00e8ncia.<\/p>\n\n\n\n<p>Aquesta situaci\u00f3 de par\u00e0lisi no ens ha aturat, per\u00f2 s\u00ed que ens ha perm\u00e8s veure alguns aspectes de la nostra feina amb una mica m\u00e9s de perspectiva. El fet de no anar amb presses ens ha perm\u00e8s dedicar-nos a <strong>all\u00f2 realment important,<\/strong> hem fet m\u00e9s equip que mai i hem desenvolupat molta m\u00e9s comunicaci\u00f3 tant a nivell intern com extern. La creativitat ha estat a l\u2019ordre del dia i ens ha perm\u00e8s redescobrir capacitats de moltes persones que fan possible el dia a dia de l\u2019Ateneu. El <strong>sentit de pertinen\u00e7a<\/strong> amb el projecte ha estat m\u00e9s gran, tamb\u00e9 el comprom\u00eds i la qualitat de la nostra acci\u00f3. Sense deixar de banda que vivim en un m\u00f3n ple de desigualtats i que estem compromesos en la just\u00edcia social i en continuar potenciant la igualtat d\u2019oportunitats i que aquesta filosofia dona sentit a la nostra tasca.<\/p>\n\n\n\n<p><strong>Recon\u00e8ixer que la realitat \u00e9s incerta<\/strong> a vegades pot fer por, per\u00f2 alhora hem d\u2019acceptar que hi ha moments de tot, de tenir por i acompanyar aquesta por i d\u2019altres d\u2019agafar aire per poder continuar endavant i encarar nous reptes per a construir nous horitzons.<\/p>\n\n\n\n<p>Un dels que ens cal encarar i que aquesta situaci\u00f3 ens ha posat en evid\u00e8ncia \u00e9s la necessitat d\u2019enfortir l\u2019aprenentatge en noves tecnologies i apropar-les a tothom ja que el m\u00f3n continua rodant i no ens podem quedar enrere. Aix\u00f2 no ser\u00e0 un impediment en el futur per continuar acompanyant als infants i les seves fam\u00edlies <strong>per un futur m\u00e9s digne i m\u00e9s feli\u00e7. <\/strong>Aquest \u00e9s el nostre comprom\u00eds que continua m\u00e9s viu que mai i que aquest confinament ha fet m\u00e9s evident.<\/p>\n\n\n\n<p>Amb aquest petit <strong>v\u00eddeo de reflexions compartides<\/strong> volem tancar aquesta extraordin\u00e0ria etapa de confinament. Moltes gr\u00e0cies per seguir-nos a les xarxes durant aquests 100 dies i esperem que la sensaci\u00f3 d&#8217;acompanyament hagi estat tan important com ha estat per a nosaltres. <strong>Moltes gr\u00e0cies pel vostre comprom\u00eds!<\/strong><\/p>\n\n\n\n<figure class=\"wp-block-embed\"><div class=\"wp-block-embed__wrapper\">\n<iframe loading=\"lazy\" title=\"CONFINAMENT 2020 \u2022 100 dies de confinament\" width=\"500\" height=\"281\" src=\"https:\/\/www.youtube.com\/embed\/V5xkXVPEw_0?feature=oembed\" frameborder=\"0\" allow=\"accelerometer; autoplay; clipboard-write; encrypted-media; gyroscope; picture-in-picture; web-share\" referrerpolicy=\"strict-origin-when-cross-origin\" allowfullscreen><\/iframe>\n<\/div><\/figure>\n\n\n\n<p><a href=\"http:\/\/fundacioateneusantroc.org\/\/wp-content\/uploads\/2020-MEMO\u0300RIA-ateneuacasa_RGB.pdf\" target=\"_blank\" rel=\"noopener noreferrer\">&gt;&gt;Mem\u00f2ria de confinament 2020<\/a><\/p>\n\n\n\n<hr class=\"wp-block-separator\"\/>\n","protected":false},"excerpt":{"rendered":"<p>Despr\u00e9s de molts dies d\u2019adaptaci\u00f3 al nou estil de vida i de tasca socioeducativa que ens [&hellip;]<\/p>\n","protected":false},"author":2,"featured_media":42006,"comment_status":"open","ping_status":"open","sticky":false,"template":"","format":"standard","meta":{"footnotes":""},"categories":[1],"tags":[1112,192],"class_list":["post-42001","post","type-post","status-publish","format-standard","has-post-thumbnail","hentry","category-actualitat","tag-confinament","tag-video"],"_links":{"self":[{"href":"https:\/\/fundacioateneusantroc.org\/es\/wp-json\/wp\/v2\/posts\/42001","targetHints":{"allow":["GET"]}}],"collection":[{"href":"https:\/\/fundacioateneusantroc.org\/es\/wp-json\/wp\/v2\/posts"}],"about":[{"href":"https:\/\/fundacioateneusantroc.org\/es\/wp-json\/wp\/v2\/types\/post"}],"author":[{"embeddable":true,"href":"https:\/\/fundacioateneusantroc.org\/es\/wp-json\/wp\/v2\/users\/2"}],"replies":[{"embeddable":true,"href":"https:\/\/fundacioateneusantroc.org\/es\/wp-json\/wp\/v2\/comments?post=42001"}],"version-history":[{"count":11,"href":"https:\/\/fundacioateneusantroc.org\/es\/wp-json\/wp\/v2\/posts\/42001\/revisions"}],"predecessor-version":[{"id":43741,"href":"https:\/\/fundacioateneusantroc.org\/es\/wp-json\/wp\/v2\/posts\/42001\/revisions\/43741"}],"wp:featuredmedia":[{"embeddable":true,"href":"https:\/\/fundacioateneusantroc.org\/es\/wp-json\/wp\/v2\/media\/42006"}],"wp:attachment":[{"href":"https:\/\/fundacioateneusantroc.org\/es\/wp-json\/wp\/v2\/media?parent=42001"}],"wp:term":[{"taxonomy":"category","embeddable":true,"href":"https:\/\/fundacioateneusantroc.org\/es\/wp-json\/wp\/v2\/categories?post=42001"},{"taxonomy":"post_tag","embeddable":true,"href":"https:\/\/fundacioateneusantroc.org\/es\/wp-json\/wp\/v2\/tags?post=42001"}],"curies":[{"name":"wp","href":"https:\/\/api.w.org\/{rel}","templated":true}]}}