{"id":47155,"date":"2020-12-13T17:51:17","date_gmt":"2020-12-13T16:51:17","guid":{"rendered":"https:\/\/www.fundacioateneusantroc.org\/?p=44256"},"modified":"2024-07-15T19:58:37","modified_gmt":"2024-07-15T17:58:37","slug":"pensaunnadalsolidari-2020","status":"publish","type":"post","link":"https:\/\/fundacioateneusantroc.org\/es\/pensaunnadalsolidari-2020\/","title":{"rendered":"#pensaunNadalSolidari 2020"},"content":{"rendered":"\n<p class=\"p1\"><span class=\"s1\">La solidaritat no \u00e9s previsible, cal estar amatent i deixar-se portar quan som interpel\u00b7lats, fer dist\u00e0ncies curtes entre el que diem i el que fem, ser conscients que formem part d\u2019una terra \u00fanica i d\u2019una societat de les que som responsables.<\/span><\/p>\n\n\n\n<p class=\"p1\"><span class=\"s1\">D\u2019aqu\u00ed el nostre comprom\u00eds, amb la gent, amb el comer\u00e7 just, de proximitat i responsable, amb el medi ambient i amb totes les circumst\u00e0ncies que ens empenyen a continuar aprenent, a formar part d\u2019un m\u00f3n on prevalgui la generositat i on sempre ens sentim hostes i amfitrions a l\u2019hora.<\/span><\/p>\n\n\n\n<h5 class=\"wp-block-heading\">&nbsp;<\/h5>\n\n\n\n<h5 class=\"wp-block-heading\">Aquests dies de festes i celebracions poden ser una oportunitat<br>per repensar com vius el Nadal. Des de l\u2019Ateneu et fem aquesta proposta:<\/h5>\n\n\n\n<h5 class=\"wp-block-heading\">&nbsp;<\/h5>\n\n\n\n<h5 class=\"wp-block-heading\"><img decoding=\"async\" class=\"wp-image-35575 aligncenter\" src=\"https:\/\/www.fundacioateneusantroc.org\/_wpfasr\/wp-content\/uploads\/PENSA-UN-NADAL-SOLIDARI-postal.png\" alt=\"\" width=\"633\" height=\"\" srcset=\"https:\/\/fundacioateneusantroc.org\/wp-content\/uploads\/PENSA-UN-NADAL-SOLIDARI-postal.png 1227w, https:\/\/fundacioateneusantroc.org\/wp-content\/uploads\/PENSA-UN-NADAL-SOLIDARI-postal-768x525.png 768w, https:\/\/fundacioateneusantroc.org\/wp-content\/uploads\/PENSA-UN-NADAL-SOLIDARI-postal-720x492.png 720w, https:\/\/fundacioateneusantroc.org\/wp-content\/uploads\/PENSA-UN-NADAL-SOLIDARI-postal-960x656.png 960w\" sizes=\"(max-width: 1227px) 100vw, 1227px\" \/><\/h5>\n\n\n\n<h5 class=\"wp-block-heading\">&nbsp;<\/h5>\n\n\n\n<h5 class=\"wp-block-heading\">Comprar amb responsabilitat, regalar Comer\u00e7 Just,<br>participar, compartir, col\u00b7laborar&#8230;<\/h5>\n\n\n\n<h5 class=\"wp-block-heading\">PERQU\u00c8 AMB PETITS GESTOS POTS MILLORAR EL DIA A DIA<br>DE\u00a0MOLTES PERSONES.<\/h5>\n\n\n\n<figure class=\"wp-block-gallery columns-2 is-cropped wp-block-gallery-1 is-layout-flex wp-block-gallery-is-layout-flex\"><ul class=\"blocks-gallery-grid\"><li class=\"blocks-gallery-item\"><figure><a href=\"https:\/\/fundacioateneusantroc.org\/wp-content\/uploads\/CPNS_FASR5.jpg\"><img loading=\"lazy\" decoding=\"async\" width=\"1024\" height=\"536\" src=\"https:\/\/fundacioateneusantroc.org\/wp-content\/uploads\/CPNS_FASR5-1024x536.jpg\" alt=\"\" data-id=\"48171\" data-full-url=\"https:\/\/fundacioateneusantroc.org\/wp-content\/uploads\/CPNS_FASR5.jpg\" data-link=\"https:\/\/fundacioateneusantroc.org\/pensaunnadalsolidari-2020\/cpns_fasr5\/\" class=\"wp-image-48171\" srcset=\"https:\/\/fundacioateneusantroc.org\/wp-content\/uploads\/CPNS_FASR5-1024x536.jpg 1024w, https:\/\/fundacioateneusantroc.org\/wp-content\/uploads\/CPNS_FASR5-300x157.jpg 300w, https:\/\/fundacioateneusantroc.org\/wp-content\/uploads\/CPNS_FASR5-768x402.jpg 768w, https:\/\/fundacioateneusantroc.org\/wp-content\/uploads\/CPNS_FASR5.jpg 1200w\" sizes=\"auto, (max-width: 1024px) 100vw, 1024px\" \/><\/a><\/figure><\/li><li class=\"blocks-gallery-item\"><figure><a href=\"https:\/\/fundacioateneusantroc.org\/wp-content\/uploads\/CPNS_FASR4.jpg\"><img loading=\"lazy\" decoding=\"async\" width=\"1024\" height=\"536\" src=\"https:\/\/fundacioateneusantroc.org\/wp-content\/uploads\/CPNS_FASR4-1024x536.jpg\" alt=\"\" data-id=\"48173\" data-full-url=\"https:\/\/fundacioateneusantroc.org\/wp-content\/uploads\/CPNS_FASR4.jpg\" data-link=\"https:\/\/fundacioateneusantroc.org\/pensaunnadalsolidari-2020\/cpns_fasr4\/\" class=\"wp-image-48173\" srcset=\"https:\/\/fundacioateneusantroc.org\/wp-content\/uploads\/CPNS_FASR4-1024x536.jpg 1024w, https:\/\/fundacioateneusantroc.org\/wp-content\/uploads\/CPNS_FASR4-300x157.jpg 300w, https:\/\/fundacioateneusantroc.org\/wp-content\/uploads\/CPNS_FASR4-768x402.jpg 768w, https:\/\/fundacioateneusantroc.org\/wp-content\/uploads\/CPNS_FASR4.jpg 1200w\" sizes=\"auto, (max-width: 1024px) 100vw, 1024px\" \/><\/a><\/figure><\/li><li class=\"blocks-gallery-item\"><figure><a href=\"https:\/\/fundacioateneusantroc.org\/wp-content\/uploads\/CPNS_FASR2.jpg\"><img loading=\"lazy\" decoding=\"async\" width=\"1024\" height=\"536\" src=\"https:\/\/fundacioateneusantroc.org\/wp-content\/uploads\/CPNS_FASR2-1024x536.jpg\" alt=\"\" data-id=\"48175\" data-full-url=\"https:\/\/fundacioateneusantroc.org\/wp-content\/uploads\/CPNS_FASR2.jpg\" data-link=\"https:\/\/fundacioateneusantroc.org\/pensaunnadalsolidari-2020\/cpns_fasr2\/\" class=\"wp-image-48175\" srcset=\"https:\/\/fundacioateneusantroc.org\/wp-content\/uploads\/CPNS_FASR2-1024x536.jpg 1024w, https:\/\/fundacioateneusantroc.org\/wp-content\/uploads\/CPNS_FASR2-300x157.jpg 300w, https:\/\/fundacioateneusantroc.org\/wp-content\/uploads\/CPNS_FASR2-768x402.jpg 768w, https:\/\/fundacioateneusantroc.org\/wp-content\/uploads\/CPNS_FASR2.jpg 1200w\" sizes=\"auto, (max-width: 1024px) 100vw, 1024px\" \/><\/a><\/figure><\/li><li class=\"blocks-gallery-item\"><figure><a href=\"https:\/\/fundacioateneusantroc.org\/wp-content\/uploads\/CPNS_FASR3.jpg\"><img loading=\"lazy\" decoding=\"async\" width=\"1024\" height=\"536\" src=\"https:\/\/fundacioateneusantroc.org\/wp-content\/uploads\/CPNS_FASR3-1024x536.jpg\" alt=\"\" data-id=\"48179\" data-full-url=\"https:\/\/fundacioateneusantroc.org\/wp-content\/uploads\/CPNS_FASR3.jpg\" data-link=\"https:\/\/fundacioateneusantroc.org\/pensaunnadalsolidari-2020\/cpns_fasr3\/\" class=\"wp-image-48179\" srcset=\"https:\/\/fundacioateneusantroc.org\/wp-content\/uploads\/CPNS_FASR3-1024x536.jpg 1024w, https:\/\/fundacioateneusantroc.org\/wp-content\/uploads\/CPNS_FASR3-300x157.jpg 300w, https:\/\/fundacioateneusantroc.org\/wp-content\/uploads\/CPNS_FASR3-768x402.jpg 768w, https:\/\/fundacioateneusantroc.org\/wp-content\/uploads\/CPNS_FASR3.jpg 1200w\" sizes=\"auto, (max-width: 1024px) 100vw, 1024px\" \/><\/a><\/figure><\/li><\/ul><\/figure>\n","protected":false},"excerpt":{"rendered":"<p>La solidaritat no \u00e9s previsible, cal estar amatent i deixar-se portar quan som interpel\u00b7lats, fer dist\u00e0ncies [&hellip;]<\/p>\n","protected":false},"author":2,"featured_media":48177,"comment_status":"open","ping_status":"open","sticky":false,"template":"","format":"standard","meta":{"footnotes":""},"categories":[1],"tags":[1161,736,748,1160],"class_list":["post-47155","post","type-post","status-publish","format-standard","has-post-thumbnail","hentry","category-actualitat","tag-pensaunnadalsolidari","tag-cooperacio-i-solidaritat","tag-nadal","tag-nadal-solidari"],"_links":{"self":[{"href":"https:\/\/fundacioateneusantroc.org\/es\/wp-json\/wp\/v2\/posts\/47155","targetHints":{"allow":["GET"]}}],"collection":[{"href":"https:\/\/fundacioateneusantroc.org\/es\/wp-json\/wp\/v2\/posts"}],"about":[{"href":"https:\/\/fundacioateneusantroc.org\/es\/wp-json\/wp\/v2\/types\/post"}],"author":[{"embeddable":true,"href":"https:\/\/fundacioateneusantroc.org\/es\/wp-json\/wp\/v2\/users\/2"}],"replies":[{"embeddable":true,"href":"https:\/\/fundacioateneusantroc.org\/es\/wp-json\/wp\/v2\/comments?post=47155"}],"version-history":[{"count":2,"href":"https:\/\/fundacioateneusantroc.org\/es\/wp-json\/wp\/v2\/posts\/47155\/revisions"}],"predecessor-version":[{"id":48183,"href":"https:\/\/fundacioateneusantroc.org\/es\/wp-json\/wp\/v2\/posts\/47155\/revisions\/48183"}],"wp:featuredmedia":[{"embeddable":true,"href":"https:\/\/fundacioateneusantroc.org\/es\/wp-json\/wp\/v2\/media\/48177"}],"wp:attachment":[{"href":"https:\/\/fundacioateneusantroc.org\/es\/wp-json\/wp\/v2\/media?parent=47155"}],"wp:term":[{"taxonomy":"category","embeddable":true,"href":"https:\/\/fundacioateneusantroc.org\/es\/wp-json\/wp\/v2\/categories?post=47155"},{"taxonomy":"post_tag","embeddable":true,"href":"https:\/\/fundacioateneusantroc.org\/es\/wp-json\/wp\/v2\/tags?post=47155"}],"curies":[{"name":"wp","href":"https:\/\/api.w.org\/{rel}","templated":true}]}}