{"id":47157,"date":"2020-12-20T11:56:33","date_gmt":"2020-12-20T10:56:33","guid":{"rendered":"https:\/\/www.fundacioateneusantroc.org\/?p=44292"},"modified":"2023-07-14T12:18:49","modified_gmt":"2023-07-14T10:18:49","slug":"festejo-de-navidad","status":"publish","type":"post","link":"https:\/\/fundacioateneusantroc.org\/es\/festejo-de-navidad\/","title":{"rendered":"&#8220;Festejo de Navidad&#8221;, un regal del Cor de l&#8217;Ateneu Sant Roc des del confinament"},"content":{"rendered":"\n<p>El Cor confinat de l&#8217;Ateneu us enyora i el cert \u00e9s que ens agrada cantar junts tot i la dist\u00e0ncia. Queda pendent la trobada de corals de Nadal i tants altres moments de m\u00fasica compartida que esperem poder recuperar ben aviat!<br>\nUs deixem aquesta can\u00e7\u00f3 preparada des de l&#8217;enyor i la dist\u00e0ncia per\u00f2 amb molta, molta il\u00b7lusi\u00f3. Esperem que us agradi.<\/p>\n\n\n\n<p class=\"p1\">Alba, Ana, Asunci\u00f3n, Joana, Laia, Mari, Marta, Pilar, Pilar, Rosa, Esperanza, Fina, Jessica, Loli, M\u00aa \u00c1ngeles, M\u00aa Jos\u00e9, Marta, Montse, Paqui, Quima, Roser, Teresa, Esteve, Gabriel, Jaume, Joaquim, Juanjo, Lorenzo, Marc, Pascual, Ramon, Salvador, Teo i V\u00edctor, <strong>sota la direcci\u00f3 de Marta Giralt, Maria Placencia i Maria Pardo.<\/strong><\/p>\n\n\n\n<p class=\"p1\">Ens veiem al 2021.<\/p>\n\n\n\n<p>Bones Festes!<\/p>\n\n\n\n<figure class=\"wp-block-embed is-type-video is-provider-youtube wp-block-embed-youtube wp-embed-aspect-16-9 wp-has-aspect-ratio\"><div class=\"wp-block-embed__wrapper\">\n<iframe loading=\"lazy\" title=\"CONFINAMENT 2O2O \u2022 &quot;Festejo de Navidad&quot;\" width=\"500\" height=\"281\" src=\"https:\/\/www.youtube.com\/embed\/vO-qWecTMmo?feature=oembed\" frameborder=\"0\" allow=\"accelerometer; autoplay; clipboard-write; encrypted-media; gyroscope; picture-in-picture; web-share\" referrerpolicy=\"strict-origin-when-cross-origin\" allowfullscreen><\/iframe>\n<\/div><\/figure>\n","protected":false},"excerpt":{"rendered":"<p>El Cor confinat de l&#8217;Ateneu us enyora i el cert \u00e9s que ens agrada cantar junts [&hellip;]<\/p>\n","protected":false},"author":2,"featured_media":48167,"comment_status":"open","ping_status":"open","sticky":false,"template":"","format":"standard","meta":{"footnotes":""},"categories":[1],"tags":[37,1112,621,734,748],"class_list":["post-47157","post","type-post","status-publish","format-standard","has-post-thumbnail","hentry","category-actualitat","tag-concert","tag-confinament","tag-cor-de-lateneu","tag-dinamitzacio-sociocultural","tag-nadal"],"_links":{"self":[{"href":"https:\/\/fundacioateneusantroc.org\/es\/wp-json\/wp\/v2\/posts\/47157","targetHints":{"allow":["GET"]}}],"collection":[{"href":"https:\/\/fundacioateneusantroc.org\/es\/wp-json\/wp\/v2\/posts"}],"about":[{"href":"https:\/\/fundacioateneusantroc.org\/es\/wp-json\/wp\/v2\/types\/post"}],"author":[{"embeddable":true,"href":"https:\/\/fundacioateneusantroc.org\/es\/wp-json\/wp\/v2\/users\/2"}],"replies":[{"embeddable":true,"href":"https:\/\/fundacioateneusantroc.org\/es\/wp-json\/wp\/v2\/comments?post=47157"}],"version-history":[{"count":2,"href":"https:\/\/fundacioateneusantroc.org\/es\/wp-json\/wp\/v2\/posts\/47157\/revisions"}],"predecessor-version":[{"id":48170,"href":"https:\/\/fundacioateneusantroc.org\/es\/wp-json\/wp\/v2\/posts\/47157\/revisions\/48170"}],"wp:featuredmedia":[{"embeddable":true,"href":"https:\/\/fundacioateneusantroc.org\/es\/wp-json\/wp\/v2\/media\/48167"}],"wp:attachment":[{"href":"https:\/\/fundacioateneusantroc.org\/es\/wp-json\/wp\/v2\/media?parent=47157"}],"wp:term":[{"taxonomy":"category","embeddable":true,"href":"https:\/\/fundacioateneusantroc.org\/es\/wp-json\/wp\/v2\/categories?post=47157"},{"taxonomy":"post_tag","embeddable":true,"href":"https:\/\/fundacioateneusantroc.org\/es\/wp-json\/wp\/v2\/tags?post=47157"}],"curies":[{"name":"wp","href":"https:\/\/api.w.org\/{rel}","templated":true}]}}