{"id":47168,"date":"2021-05-05T18:07:23","date_gmt":"2021-05-05T16:07:23","guid":{"rendered":"https:\/\/www.fundacioateneusantroc.org\/?p=44752"},"modified":"2023-07-14T12:18:45","modified_gmt":"2023-07-14T10:18:45","slug":"la-vanguardia-la-pandemia-recrudece-la-desigualdad-socioeconomica-de-catalunya","status":"publish","type":"post","link":"https:\/\/fundacioateneusantroc.org\/es\/la-vanguardia-la-pandemia-recrudece-la-desigualdad-socioeconomica-de-catalunya\/","title":{"rendered":"La Vanguardia \u2022 La pandemia recrudece la desigualdad socioecon\u00f3mica de Catalunya"},"content":{"rendered":"\n<h2 class=\"wp-block-heading\">Barcelona, Girona y Badalona son las ciudades con mayores brechas de riqueza entre sus habitantes<\/h2>\n\n\n\n<p><a href=\"https:\/\/www.lavanguardia.com\/autores\/mariateresa-gutierrez.html\" target=\"_blank\" rel=\"noopener\">MAITE GUTI\u00c9RREZ<\/a>&nbsp;\u00b7 BARCELONA<br>03\/05\/2021 00:08 Actualizado a 03\/05\/2021 17:10<\/p>\n\n\n\n<p>A la ya c\u00e9lebre frase \u201cvivir a la madrile\u00f1a\u201d de Isabel D\u00edaz Ayuso le han seguido un sinf\u00edn de r\u00e9plicas evidenciando las graves carencias que soportan miles de habitantes de la Comunidad pese a que esta lidera los indicadores macroecon\u00f3micos en Espa\u00f1a. Una desigualdad interna que la pandemia ha recrudecido y que sufren, en mayor o menor grado, otros grandes n\u00facleos urbanos. Catalunya tambi\u00e9n acumula ejemplos de esta brecha en numerosas ciudades, tal y como acaba de revelar el Idescat. El Institut d\u2019Estad\u00edstica de la Generalitat ha publicado un nuevo indicador, el \u00edndice socioecon\u00f3mico territorial, que resume en un \u00fanico valor diversas caracter\u00edsticas de la poblaci\u00f3n residente en cada municipio: tasa de ocupaci\u00f3n, el n\u00famero de trabajadores de baja cualificaci\u00f3n, nivel de estudios o la renta media por persona. Todo analizado barrio a barrio y por agrupaci\u00f3n censal.<\/p>\n\n\n\n<h2 class=\"wp-block-heading\">La clasificaci\u00f3n de la desigualdad la lidera la zona nordeste de Salt (Girona)<\/h2>\n\n\n\n<figure class=\"wp-block-image size-full\"><img loading=\"lazy\" decoding=\"async\" width=\"544\" height=\"412\" src=\"https:\/\/fundacioateneusantroc.org\/wp-content\/uploads\/grafic-idescat.jpg\" alt=\"\" class=\"wp-image-54268\" srcset=\"https:\/\/fundacioateneusantroc.org\/wp-content\/uploads\/grafic-idescat.jpg 544w, https:\/\/fundacioateneusantroc.org\/wp-content\/uploads\/grafic-idescat-300x227.jpg 300w\" sizes=\"auto, (max-width: 544px) 100vw, 544px\" \/><\/figure>\n\n\n\n<p>Los datos dejan claro que<em>&nbsp;vivir a la catalana&nbsp;<\/em>no es lo mismo en la zona de La Riereta, en el Raval barcelon\u00e9s, que en Tres Torres. <strong>La capital de Catalunya es el municipio que sufre los mayores contrastes junto con Badalona y Girona,<\/strong> indica el Idescat. Mientras que las Tres Torres es el barrio catal\u00e1n con mayor nivel socioecon\u00f3mico \u2013sus habitantes tienen una alta tasa de ocupaci\u00f3n, buen nivel educativo y renta media\u2013, los vecinos de La Riereta sufren la peor situaci\u00f3n de pobreza de Barcelona. La distancia entre las dos zonas es de 74 puntos. Si la media del \u00edndice socioecon\u00f3mico territorial de Catalunya se sit\u00faa 100 puntos, Tres Torres obtiene la puntuaci\u00f3n m\u00e1xima, 138 puntos, mientras que la Riereta se queda en apenas 64 puntos.<\/p>\n\n\n\n<p>Entre los diez barrios con mayor nivel de riqueza de Catalunya sobresalen los ubicados en Barcelona y Sant Cugat del Vall\u00e8s. En la primera, destacan Can Castell\u00f3 (136 puntos), el Tur\u00f3 Parc (134) o Can R\u00e0bia y Nena Cases (133), mientras que en la ciudad vallesana son las zonas del Parc Central (135 puntos) o el Tur\u00f3 de Can Mates (132 puntos) las que presentan un mejor nivel de vida de sus habitantes.<\/p>\n\n\n\n<p>De hecho, <strong>Sant Cugat se alza como uno de los municipios con una mayor igualdad socioecon\u00f3mica,<\/strong> seg\u00fan este reciente informe del Idescat. Y adem\u00e1s por la parte alta. Todos sus barrios y zonas censales superan la media catalana, con entre 105 y 135 puntos, no hay un solo lugar por debajo de la media. No es de extra\u00f1ar si se tiene en cuenta que el municipio ocupa el cuarto lugar entre las ciudades m\u00e1s ricas de Espa\u00f1a, seg\u00fan datos del INE.<\/p>\n\n\n\n<p><strong>Santa Coloma de Gramenet aparece como el otro gran n\u00facleo urbano con menor desigualdad interna. Pero, al contrario que Sant Cugat, por la parte baja.<\/strong> Todos los barrios de este municipio gobernado por la socialista N\u00faria Parlon est\u00e1n por debajo de la media catalana en cuanto a nivel de renta u ocupaci\u00f3n de sus habitantes. Todos, en general, tienen pocos recursos. Los m\u00e1s pobres de todos est\u00e1n en la zona del Fondo, que concentra gran parte de la inmigraci\u00f3n asi\u00e1tica y latinoamericana de la ciudad. Se trata de la segunda zona m\u00e1s deprimida de Catalunya, indica el Idescat.<\/p>\n\n\n\n<h2 class=\"wp-block-heading\">La ruina de la covid: \u201cNunca hemos estado peor\u201d<\/h2>\n\n\n\n<p>DOMINGO&nbsp; MARCHENA<\/p>\n\n\n\n<p>La clasificaci\u00f3n de la desigualdad la lidera la zona nordeste de Salt (Girona). Es ah\u00ed donde se concentra el mayor n\u00famero de ciudadanos en paro, con rentas bajas y un nivel formativo bajo. Tan solo obtiene 37 puntos en el \u00edndice socioecon\u00f3mico, el valor m\u00e1s bajo de toda Catalunya. <strong>Despu\u00e9s del barrio del Fondo de Santa Coloma le siguen en esta lista de la pobreza el barrio de Sant Roc de Badalona, en la zona de la plaza Camar\u00f3n de la Isla,<\/strong> el n\u00facleo antiguo de Balaguer y Font de la P\u00f3lvora en Girona. <strong>\u201cVemos como la pobreza se perpet\u00faa en determinadas zonas, sobre todo urbanas, pasa de familia a familia y entre grupos poblacionales\u201d,<\/strong> advierte al respecto el economista Josep Oliver.<\/p>\n\n\n\n<p><strong>No es lo mismovivir a la catalana&nbsp;en Sant Cugat que en Santa Coloma<\/strong>, a pesar de que a estos municipios les separan apenas 17 kil\u00f3metros. Tampoco es lo mismo tener un nivel socioecon\u00f3mico bajo en Barcelona que en Terres del Ebre, otra de las grandes zonas deprimidas identificadas por el Idescat, matiza Juan Antonio Duro, director de la c\u00e1tedra de Econom\u00eda Local y Regional de la Universitat Rovira i Virgili. El precio de la vivienda es menor en las \u00e1reas rurales y adem\u00e1s, a\u00f1ade, cuentan con un alto nivel de intangibles que impactan en la calidad de vida, como el acceso a espacios verdes y menos contaminaci\u00f3n. Una carencia que sufre especialmente Barcelona y su \u00e1rea metropolitana y que ha quedado patente con los diferentes confinamientos. <strong>El espacio p\u00fablico es, junto al nivel de riqueza, otra de las grandes desigualdades.<\/strong><\/p>\n\n\n\n<p>&gt;&gt;Veure a <a href=\"https:\/\/www.lavanguardia.com\/economia\/20210503\/7424178\/vivir-catalana-tampoco-facil-pandemia-desigualdad-catalunya-cataluna.html\" target=\"_blank\" rel=\"noopener\">https:\/\/www.lavanguardia.com\/economia\/20210503\/7424178\/vivir-catalana-tampoco-facil-pandemia-desigualdad-catalunya-cataluna.html<\/a><\/p>\n","protected":false},"excerpt":{"rendered":"<p>Barcelona, Girona y Badalona son las ciudades con mayores brechas de riqueza entre sus habitantes MAITE [&hellip;]<\/p>\n","protected":false},"author":2,"featured_media":47994,"comment_status":"open","ping_status":"open","sticky":false,"template":"","format":"standard","meta":{"footnotes":""},"categories":[646],"tags":[],"class_list":["post-47168","post","type-post","status-publish","format-standard","has-post-thumbnail","hentry","category-articles-dinteres"],"_links":{"self":[{"href":"https:\/\/fundacioateneusantroc.org\/es\/wp-json\/wp\/v2\/posts\/47168","targetHints":{"allow":["GET"]}}],"collection":[{"href":"https:\/\/fundacioateneusantroc.org\/es\/wp-json\/wp\/v2\/posts"}],"about":[{"href":"https:\/\/fundacioateneusantroc.org\/es\/wp-json\/wp\/v2\/types\/post"}],"author":[{"embeddable":true,"href":"https:\/\/fundacioateneusantroc.org\/es\/wp-json\/wp\/v2\/users\/2"}],"replies":[{"embeddable":true,"href":"https:\/\/fundacioateneusantroc.org\/es\/wp-json\/wp\/v2\/comments?post=47168"}],"version-history":[{"count":4,"href":"https:\/\/fundacioateneusantroc.org\/es\/wp-json\/wp\/v2\/posts\/47168\/revisions"}],"predecessor-version":[{"id":54530,"href":"https:\/\/fundacioateneusantroc.org\/es\/wp-json\/wp\/v2\/posts\/47168\/revisions\/54530"}],"wp:featuredmedia":[{"embeddable":true,"href":"https:\/\/fundacioateneusantroc.org\/es\/wp-json\/wp\/v2\/media\/47994"}],"wp:attachment":[{"href":"https:\/\/fundacioateneusantroc.org\/es\/wp-json\/wp\/v2\/media?parent=47168"}],"wp:term":[{"taxonomy":"category","embeddable":true,"href":"https:\/\/fundacioateneusantroc.org\/es\/wp-json\/wp\/v2\/categories?post=47168"},{"taxonomy":"post_tag","embeddable":true,"href":"https:\/\/fundacioateneusantroc.org\/es\/wp-json\/wp\/v2\/tags?post=47168"}],"curies":[{"name":"wp","href":"https:\/\/api.w.org\/{rel}","templated":true}]}}